{"id":748,"date":"2008-07-26T10:36:17","date_gmt":"2008-07-26T15:36:17","guid":{"rendered":"https:\/\/eloficiodehistoriar.com.mx\/?p=748"},"modified":"2008-07-26T10:36:17","modified_gmt":"2008-07-26T15:36:17","slug":"al-barrio-de-santana-le-toca-su-fiestesita","status":"publish","type":"post","link":"http:\/\/eloficiodehistoriar.com.mx\/?p=748","title":{"rendered":"Al Barrio de Santana, le toca su fiestesita&#8230;"},"content":{"rendered":"<p align=\"center\" style=\"margin: 0cm 0cm 0pt; text-align: center\" class=\"MsoNormal\"><strong><span style=\"font-size: 18pt; font-family: Arial\" lang=\"ES-TRAD\">Barrio de Santana, la fiesta es el 26 de julio<\/span><\/strong><\/p>\n<p><strong><span style=\"font-size: 18pt; font-family: Arial\" lang=\"ES-TRAD\"><o:p><\/o:p><\/span><\/strong>\u00a0<span lang=\"ES-TRAD\"><o:p><font face=\"Times New Roman\">\u00a0<\/font><\/o:p><\/span><\/p>\n<p style=\"margin: 0cm 0cm 0pt; text-align: justify\" class=\"MsoNormal\"><span style=\"font-family: Arial\" lang=\"ES-TRAD\"><\/span><\/p>\n<p><span style=\"font-family: Arial\" lang=\"ES-TRAD\">Santa Ana es uno de los barrios m\u00e1s alegres de la ciudad, donde cuidan y guardan sus tradiciones con amor y autenticidad.<o:p><\/o:p><\/span><span style=\"font-family: Arial\" lang=\"ES-TRAD\"><o:p>\u00a0<\/o:p><\/span><\/p>\n<p style=\"margin: 0cm 0cm 0pt; text-align: justify\" class=\"MsoNormal\"><span style=\"font-family: Arial\" lang=\"ES-TRAD\"><\/span><\/p>\n<p><span style=\"font-family: Arial\" lang=\"ES-TRAD\">El Gallo, Las Las farolas y la m\u00fasica de viento estar\u00e1n presentes en las fiestas de Santana, este 26 de Julio, \u201cD\u00eda de <st1:personname ProductID=\"La Abuelita\" w:st=\"on\">La Abuelita<\/st1:personname>\u201d.<o:p><\/o:p><\/span><span style=\"font-family: Arial\" lang=\"ES-TRAD\"><o:p>\u00a0<\/o:p><\/span><\/p>\n<p style=\"margin: 0cm 0cm 0pt; text-align: justify\" class=\"MsoNormal\"><span style=\"font-family: Arial\" lang=\"ES-TRAD\"><\/span><\/p>\n<p><span style=\"font-family: Arial\" lang=\"ES-TRAD\">El doctor F\u00e9lix Osores, primer cura de la parroquia de Santana, y Padre de el estado de Quer\u00e9taro, fue un notable hombre de su tiempo, disc\u00edpulo de eminentes maestros, formado por los jesuitas, y habiendo estudiado en los colegios de San Pedro y San Pablo y San Ildefonso en la ciudad de M\u00e9xico y en <st1:personname ProductID=\"la Real\" w:st=\"on\">la Real<\/st1:personname> y Pontificia Universidad de M\u00e9xico, recibi\u00f3 los grados de licenciado y doctor en teolog\u00eda.<o:p><\/o:p><\/span><span style=\"font-family: Arial\" lang=\"ES-TRAD\"><o:p>\u00a0<\/o:p><\/span><\/p>\n<p style=\"margin: 0cm 0cm 0pt; text-align: justify\" class=\"MsoNormal\"><span style=\"font-family: Arial\" lang=\"ES-TRAD\"><\/span><\/p>\n<p><span style=\"font-family: Arial\" lang=\"ES-TRAD\">Muri\u00f3 en M\u00e9xico en 1851. Por sus relevantes m\u00e9ritos, el pueblo queretano le erigi\u00f3 una estatua que se encuentra en el Pante\u00f3n de los queretanos ilustres, obra del escultor Juan Velasco Perdomo, inaugurada el 5 de febrero de 1989.<o:p><\/o:p><\/span><span style=\"font-family: Arial\" lang=\"ES-TRAD\"><o:p>\u00a0<\/o:p><\/span><\/p>\n<p style=\"margin: 0cm 0cm 0pt; text-align: justify\" class=\"MsoNormal\"><span style=\"font-family: Arial\" lang=\"ES-TRAD\"><\/span><\/p>\n<p><span style=\"font-family: Arial\" lang=\"ES-TRAD\">Notables eclesi\u00e1sticos han servido a ellas como Marciano Tinajero y Estrada, que despu\u00e9s fuera obispo de Quer\u00e9taro, el P. Manuel G\u00f3mez meza, el P. Lic. Manuel Reynoso, entre muchos.<o:p><\/o:p><\/span><span style=\"font-family: Arial\" lang=\"ES-TRAD\"><o:p>\u00a0<\/o:p><\/span><\/p>\n<p style=\"margin: 0cm 0cm 0pt; text-align: justify\" class=\"MsoNormal\"><span style=\"font-family: Arial\" lang=\"ES-TRAD\"><\/span><\/p>\n<p><span style=\"font-family: Arial\" lang=\"ES-TRAD\">La arquitectura del templo es sencilla y sobria con detalles neocl\u00e1sicos, estilo de moda en tiempos de su construcci\u00f3n.<o:p><\/o:p><\/span><span style=\"font-family: Arial\" lang=\"ES-TRAD\"><o:p>\u00a0<\/o:p><\/span><\/p>\n<p style=\"margin: 0cm 0cm 0pt; text-align: justify\" class=\"MsoNormal\"><span style=\"font-family: Arial\" lang=\"ES-TRAD\"><\/span><\/p>\n<p><span style=\"font-family: Arial\" lang=\"ES-TRAD\">En este barrio de dan los camballeros, los hacedores de \u201cLas Carnitas\u201d, los curtidores de pieles, el hacedor de los carros b\u00edblicos, entre otras actividades del barrio.<o:p><\/o:p><\/span><\/p>\n","protected":false},"excerpt":{"rendered":"<p>Barrio de Santana, la fiesta es el 26 de julio \u00a0\u00a0 Santa Ana es uno de los barrios m\u00e1s alegres de la ciudad, donde cuidan y guardan sus tradiciones con amor y autenticidad.\u00a0 El Gallo, Las Las farolas y la m\u00fasica de viento estar\u00e1n presentes en las fiestas de Santana, este 26 de Julio, \u201cD\u00eda [&hellip;]<\/p>\n","protected":false},"author":249,"featured_media":0,"comment_status":"open","ping_status":"closed","sticky":false,"template":"","format":"standard","meta":{"footnotes":""},"categories":[26],"tags":[],"class_list":["post-748","post","type-post","status-publish","format-standard","hentry","category-mundo"],"_links":{"self":[{"href":"http:\/\/eloficiodehistoriar.com.mx\/index.php?rest_route=\/wp\/v2\/posts\/748","targetHints":{"allow":["GET"]}}],"collection":[{"href":"http:\/\/eloficiodehistoriar.com.mx\/index.php?rest_route=\/wp\/v2\/posts"}],"about":[{"href":"http:\/\/eloficiodehistoriar.com.mx\/index.php?rest_route=\/wp\/v2\/types\/post"}],"author":[{"embeddable":true,"href":"http:\/\/eloficiodehistoriar.com.mx\/index.php?rest_route=\/wp\/v2\/users\/249"}],"replies":[{"embeddable":true,"href":"http:\/\/eloficiodehistoriar.com.mx\/index.php?rest_route=%2Fwp%2Fv2%2Fcomments&post=748"}],"version-history":[{"count":0,"href":"http:\/\/eloficiodehistoriar.com.mx\/index.php?rest_route=\/wp\/v2\/posts\/748\/revisions"}],"wp:attachment":[{"href":"http:\/\/eloficiodehistoriar.com.mx\/index.php?rest_route=%2Fwp%2Fv2%2Fmedia&parent=748"}],"wp:term":[{"taxonomy":"category","embeddable":true,"href":"http:\/\/eloficiodehistoriar.com.mx\/index.php?rest_route=%2Fwp%2Fv2%2Fcategories&post=748"},{"taxonomy":"post_tag","embeddable":true,"href":"http:\/\/eloficiodehistoriar.com.mx\/index.php?rest_route=%2Fwp%2Fv2%2Ftags&post=748"}],"curies":[{"name":"wp","href":"https:\/\/api.w.org\/{rel}","templated":true}]}}