{"id":749,"date":"2008-07-26T11:10:45","date_gmt":"2008-07-26T16:10:45","guid":{"rendered":"https:\/\/eloficiodehistoriar.com.mx\/?p=749"},"modified":"2008-07-26T11:10:45","modified_gmt":"2008-07-26T16:10:45","slug":"las-pocas-cajas-de-agua-que-nos-restan-en-queretaro","status":"publish","type":"post","link":"http:\/\/eloficiodehistoriar.com.mx\/?p=749","title":{"rendered":"Las pocas \u00abCajas de Agua\u00bb que nos restan en Quer\u00e9taro&#8230;"},"content":{"rendered":"<p><strong><span style=\"font-size: 16pt; font-family: Arial\" lang=\"ES-TRAD\">Las pocas Cajas de Agua que nos quedaron en Quer\u00e9taro<o:p><\/o:p><\/span><\/strong><strong><span style=\"font-size: 16pt; font-family: Arial\" lang=\"ES-TRAD\"><o:p>\u00a0<\/o:p><\/span><\/strong><strong><span style=\"font-size: 16pt; font-family: Arial\" lang=\"ES-TRAD\"><o:p>\u00a0<\/o:p><\/span><\/strong><\/p>\n<p style=\"margin: 0cm 0cm 0pt; text-align: justify\" class=\"MsoNormal\"><span style=\"font-family: Arial\" lang=\"ES-TRAD\"><\/span><\/p>\n<p><span style=\"font-family: Arial\" lang=\"ES-TRAD\">Las Cajas de agua, de donde se surt\u00edan los queretanos menos favorecidos con la fortuna, agua venida de <st1:personname ProductID=\"La Ca\u00f1ada\" w:st=\"on\">La Ca\u00f1ada<\/st1:personname> a trav\u00e9s del Acueducto, se fueron destruyendo con el \u201cprogreso\u201d de nuestra ciudad, poco a poco.<o:p><\/o:p><\/span><span style=\"font-family: Arial\" lang=\"ES-TRAD\"><o:p>\u00a0<\/o:p><\/span><\/p>\n<p style=\"margin: 0cm 0cm 0pt; text-align: justify\" class=\"MsoNormal\"><span style=\"font-family: Arial\" lang=\"ES-TRAD\"><\/span><\/p>\n<p><span style=\"font-family: Arial\" lang=\"ES-TRAD\">Ahora solo tenemos, como recuerdo, algunas de ellas que son ya s\u00edmbolo de nuestra poblaci\u00f3n y recuerdo de nuestro ser queretano; Como es la de \u201c<st1:personname ProductID=\"La Estampa\" w:st=\"on\">La Estampa<\/st1:personname>\u201d, en la esquina de Ocampo y Pino Su\u00e1rez, la del \u201cAhorcado\u201d en la calzada Zaragoza casi esquina con la calle de Pasteur, \u00e9stas y todos los dem\u00e1s ejemplares de estas Cajas de Agua, son hermosas y dignas de ser visitadas.<o:p><\/o:p><\/span><span style=\"font-family: Arial\" lang=\"ES-TRAD\"><o:p>\u00a0<\/o:p><\/span><\/p>\n<p style=\"margin: 0cm 0cm 0pt; text-align: justify\" class=\"MsoNormal\"><span style=\"font-family: Arial\" lang=\"ES-TRAD\"><\/span><\/p>\n<p><span style=\"font-family: Arial\" lang=\"ES-TRAD\">La primera que se realiz\u00f3 y que a\u00fan subsiste es la de Nuestra \u201cSe\u00f1ora del Pilar\u201d<span>\u00a0 <\/span>sobre <st1:personname ProductID=\"la Calle Manuel\" w:st=\"on\"><st1:personname ProductID=\"la Calle\" w:st=\"on\">la Calle<\/st1:personname> Manuel<\/st1:personname> Acu\u00f1a, al t\u00e9rmino del Convento de <st1:personname ProductID=\"La Cruz\" w:st=\"on\">La Cruz<\/st1:personname>, que era de donde comenzaba el reparto del agua limpia, le sigue la de \u201cCantilla\u201d, en la calle de 5 de Mayo, la de \u201cMexicanos\u201d en la calle de 16 de septiembre, la de \u201c<st1:personname ProductID=\"La Rinconada\" w:st=\"on\">La Rinconada<\/st1:personname>\u201d en la calle de Guti\u00e9rrez N\u00e1jera.<o:p><\/o:p><\/span><span style=\"font-family: Arial\" lang=\"ES-TRAD\"><o:p>\u00a0<\/o:p><\/span><\/p>\n<p style=\"margin: 0cm 0cm 0pt; text-align: justify\" class=\"MsoNormal\"><span style=\"font-family: Arial\" lang=\"ES-TRAD\"><\/span><\/p>\n<p><span style=\"font-family: Arial\" lang=\"ES-TRAD\">Esta para verse y recrearse la de \u201cSanta Rosa de Viterbo\u201d sobre la calle de Ezequiel Montes y en esa misma avenida est\u00e1 \u201cLa de Verdolagas\u201d ya para llegar al r\u00edo.<o:p><\/o:p><\/span><span style=\"font-family: Arial\" lang=\"ES-TRAD\"><o:p>\u00a0<\/o:p><\/span><\/p>\n<p style=\"margin: 0cm 0cm 0pt; text-align: justify\" class=\"MsoNormal\"><span style=\"font-family: Arial\" lang=\"ES-TRAD\"><\/span><\/p>\n<p><span style=\"font-family: Arial\" lang=\"ES-TRAD\">Otra muy discreta es \u201cLa de Capulines\u201d que la encontraremos en la esquina de <st1:personname ProductID=\"la Avenida\" w:st=\"on\">la Avenida<\/st1:personname> del 57 y Nicol\u00e1s Campa.<o:p><\/o:p><\/span><span style=\"font-family: Arial\" lang=\"ES-TRAD\"><o:p>\u00a0<\/o:p><\/span><\/p>\n<p style=\"margin: 0cm 0cm 0pt; text-align: justify\" class=\"MsoNormal\"><span style=\"font-family: Arial\" lang=\"ES-TRAD\"><\/span><\/p>\n<p><span style=\"font-family: Arial\" lang=\"ES-TRAD\">Nos quedar\u00e1n por nombrar las \u201cfuentes\u201d o \u201cpilas\u201d de el barrio de San Franciquito, llamada de \u201cLos Dolores\u201d, la de la fuente de la \u201cplaza de Los Fundadores\u201d, en el antiguo mercado de <st1:personname ProductID=\"La Cruz\" w:st=\"on\">La Cruz<\/st1:personname>, la que estaba en el Jard\u00edn Zenea, que ahora se puede ver en El Patio de \u201cLos naranjos\u201d en el Museo regional, antiguo Convento de San Francisco, all\u00ed se coloc\u00f3 <st1:personname ProductID=\"la Fuente\" w:st=\"on\">la Fuente<\/st1:personname> de Hebe, regalo de la familia Rubio.<o:p><\/o:p><\/span><span style=\"font-family: Arial\" lang=\"ES-TRAD\"><o:p>\u00a0<\/o:p><\/span><span style=\"font-family: Arial\" lang=\"ES-TRAD\"><o:p>\u00a0<\/o:p><\/span><\/p>\n<p style=\"margin: 0cm 0cm 0pt; text-align: justify\" class=\"MsoNormal\"><span style=\"font-family: Arial\" lang=\"ES-TRAD\"><\/span><\/p>\n<p><span style=\"font-family: Arial\" lang=\"ES-TRAD\">La pila del Tepetate, la del barrio de San Sebasti\u00e1n, que ya son solo el recuero de las 50 Cajas de agua que existieron.<o:p><\/o:p><\/span><span style=\"font-family: Arial\" lang=\"ES-TRAD\"><o:p>\u00a0<\/o:p><\/span><\/p>\n<p style=\"margin: 0cm 0cm 0pt; text-align: justify\" class=\"MsoNormal\"><span style=\"font-family: Arial\" lang=\"ES-TRAD\"><\/span><\/p>\n<p><span style=\"font-family: Arial\" lang=\"ES-TRAD\">Lo que nos qued\u00f3 son las Fuentes que<span>\u00a0 <\/span>estaban dentro de los conventos o de las Casonas en el centro de nuestra ciudad, como la de \u201cLos Perros\u201d en la calle de Allende, al del convento de san Agust\u00edn, ahora Museo de Arte, entre muchas.<o:p><\/o:p><\/span><span style=\"font-family: Arial\" lang=\"ES-TRAD\"><o:p>\u00a0<\/o:p><\/span><\/p>\n<p style=\"margin: 0cm 0cm 0pt; text-align: justify\" class=\"MsoNormal\"><span style=\"font-family: Arial\" lang=\"ES-TRAD\"><\/span><\/p>\n<p><span style=\"font-family: Arial\" lang=\"ES-TRAD\">En nuestras Plazas y jardines encontraremos la grandiosa de \u201cNeptuno\u201d en el jard\u00edn de Santa Clara, la del jard\u00edn Guerrero, la de <st1:personname ProductID=\"La Plaza Constituci\u00f3n\" w:st=\"on\"><st1:personname ProductID=\"La Plaza\" w:st=\"on\">La Plaza<\/st1:personname> Constituci\u00f3n<\/st1:personname>, la del jard\u00edn de San Antonio, la de <st1:personname ProductID=\"La Plaza Mariano\" w:st=\"on\"><st1:personname ProductID=\"La Plaza\" w:st=\"on\">La Plaza<\/st1:personname> Mariano<\/st1:personname> de Las Casas, la del \u201cH\u00e9rcules\u201d en la antigua f\u00e1brica de hilados, entre otras.<o:p><\/o:p><\/span><span lang=\"ES-TRAD\"><o:p><font face=\"Times New Roman\">\u00a0<\/font><\/o:p><\/span><span lang=\"ES-TRAD\"><o:p><font face=\"Times New Roman\">\u00a0<\/font><\/o:p><\/span><\/p>\n","protected":false},"excerpt":{"rendered":"<p>Las pocas Cajas de Agua que nos quedaron en Quer\u00e9taro\u00a0\u00a0 Las Cajas de agua, de donde se surt\u00edan los queretanos menos favorecidos con la fortuna, agua venida de La Ca\u00f1ada a trav\u00e9s del Acueducto, se fueron destruyendo con el \u201cprogreso\u201d de nuestra ciudad, poco a poco.\u00a0 Ahora solo tenemos, como recuerdo, algunas de ellas que [&hellip;]<\/p>\n","protected":false},"author":249,"featured_media":0,"comment_status":"open","ping_status":"closed","sticky":false,"template":"","format":"standard","meta":{"footnotes":""},"categories":[8,10],"tags":[],"class_list":["post-749","post","type-post","status-publish","format-standard","hentry","category-ciudad-de-queretaro","category-historia"],"_links":{"self":[{"href":"http:\/\/eloficiodehistoriar.com.mx\/index.php?rest_route=\/wp\/v2\/posts\/749","targetHints":{"allow":["GET"]}}],"collection":[{"href":"http:\/\/eloficiodehistoriar.com.mx\/index.php?rest_route=\/wp\/v2\/posts"}],"about":[{"href":"http:\/\/eloficiodehistoriar.com.mx\/index.php?rest_route=\/wp\/v2\/types\/post"}],"author":[{"embeddable":true,"href":"http:\/\/eloficiodehistoriar.com.mx\/index.php?rest_route=\/wp\/v2\/users\/249"}],"replies":[{"embeddable":true,"href":"http:\/\/eloficiodehistoriar.com.mx\/index.php?rest_route=%2Fwp%2Fv2%2Fcomments&post=749"}],"version-history":[{"count":0,"href":"http:\/\/eloficiodehistoriar.com.mx\/index.php?rest_route=\/wp\/v2\/posts\/749\/revisions"}],"wp:attachment":[{"href":"http:\/\/eloficiodehistoriar.com.mx\/index.php?rest_route=%2Fwp%2Fv2%2Fmedia&parent=749"}],"wp:term":[{"taxonomy":"category","embeddable":true,"href":"http:\/\/eloficiodehistoriar.com.mx\/index.php?rest_route=%2Fwp%2Fv2%2Fcategories&post=749"},{"taxonomy":"post_tag","embeddable":true,"href":"http:\/\/eloficiodehistoriar.com.mx\/index.php?rest_route=%2Fwp%2Fv2%2Ftags&post=749"}],"curies":[{"name":"wp","href":"https:\/\/api.w.org\/{rel}","templated":true}]}}