{"id":751,"date":"2008-07-26T20:20:25","date_gmt":"2008-07-27T01:20:25","guid":{"rendered":"https:\/\/eloficiodehistoriar.com.mx\/?p=751"},"modified":"2008-07-26T20:20:25","modified_gmt":"2008-07-27T01:20:25","slug":"informe-alimentos-para-la-vida","status":"publish","type":"post","link":"http:\/\/eloficiodehistoriar.com.mx\/?p=751","title":{"rendered":"Informe: Alimentos para La Vida&#8230;"},"content":{"rendered":"<p><font size=\"2\">\u00a0<\/font><\/p>\n<ul>\n<li>\n<p align=\"center\"><a href=\"http:\/\/null\/alvida\/informe_actividades_2007.pdf\" style=\"text-decoration: none\"><font color=\"#000000\">Informe Anual 2007<\/font><\/a><\/p>\n<\/li>\n<li>\n<p align=\"center\"><a href=\"http:\/\/null\/alvida\/alvida_junio_2008.pdf\" style=\"text-decoration: none\"><font color=\"#000000\">Informe Junio 2008<\/font><\/a><\/p>\n<\/li>\n<\/ul>\n<p align=\"center\"><font color=\"#000000\">\u201cContra el hambre&#8230;\u00a0 fraternidad\u201d<\/font><\/p>\n<p align=\"justify\" style=\"text-indent: 25px\">\n<font color=\"#000000\">\u00a0 \u00a0 \u00a0<br \/>\nEstimado(a) Bienhechor(a):<\/p>\n<p>La presente tiene el fin de saludarle de parte del patronato as\u00ed como del personal operativo de Alvida y de Agradecerles el apoyo brindado, as\u00ed como darle el informe anual de actividades del 2007 y los resultados del mes de Junio del 2008.<\/p>\n<p>Gracias a su apoyo, nuestro padr\u00f3n de beneficiados en el mes de JUNIO de 2008 a Veintitr\u00e9s mil 870 personas de 169 comunidades y 45 Instituciones de 11 municipios del Estado (Amealco, Cadereyta, Col\u00f3n, Corregidora, Humilpan, El Marques, Tolim\u00e1n, Pedro Escobedo, Tequisquiapan, San Juan del R\u00edo y Quer\u00e9taro); (Ni\u00f1os (2,904), J\u00f3venes (7,785), Adultos (10,853) y Ancianos (2,328)). Estamos atendiendo as\u00ed a Tres mil 976 familias queretanas en pobreza extrema.<\/p>\n<p>Durante este mes de\u00a0 Junio de 2008, pudimos acopiar\u00a0 187 Toneladas 554 kilos y repartimos 192 toneladas 595 kilos a nuestras Veintitr\u00e9s mil 870 personas beneficiadas a trav\u00e9s de Doce mil 379 despensas, la diferencia entre el acopio del mes con las salidas a los beneficiarios estaba como excedente en las bodegas.<\/p>\n<p>El donar trae un beneficio fiscal (entreg\u00e1ndole un recibo deducible por el valor comercial del material) y sobre todo la satisfacci\u00f3n de ser una empresa comprometida con la sociedad.<\/p>\n<p>El sue\u00f1o de nosotros es algo que queremos compartir con usted por lo que le extendemos una invitaci\u00f3n para que venga a visitarnos al Banco de Alimentos, poni\u00e9ndonos a su disposici\u00f3n en el momento que usted lo desee en nuestra bodega cuya direcci\u00f3n aparece abajo.<\/p>\n<p>A nombre de los beneficiados agradecemos su ayuda y esp\u00edritu bondadoso, confiando en que seguiremos trabajando conjuntamente a favor de los m\u00e1s desprotegidos.<\/p>\n<p>Que el Se\u00f1or premie su noble coraz\u00f3n.<\/font><\/p>\n<p align=\"center\">\n<p><font color=\"#000000\"><em>\u201cA veces sentimos que lo que hacemos es una gota en el mar,<br \/>\npero el mar seria menos si le faltara esa gota\u201d<br \/>\n<\/em>Madre Teresa de Calcuta.<\/p>\n<p>\u00a0 \u00a0<\/font><\/p>\n<p align=\"center\"><font color=\"#000000\">Lic. Mait\u00e9 Urquiza de Septi\u00e9n, Presidenta del Patronato <\/font><\/p>\n<p align=\"center\" style=\"margin-top: 0px; margin-bottom: 0px\"><font color=\"#000066\"><font color=\"#000000\">Lic. Angela Quintana Ahedo, Directora Ejecutiva<\/font> <\/font><\/p>\n","protected":false},"excerpt":{"rendered":"<p>\u00a0 Informe Anual 2007 Informe Junio 2008 \u201cContra el hambre&#8230;\u00a0 fraternidad\u201d \u00a0 \u00a0 \u00a0 Estimado(a) Bienhechor(a): La presente tiene el fin de saludarle de parte del patronato as\u00ed como del personal operativo de Alvida y de Agradecerles el apoyo brindado, as\u00ed como darle el informe anual de actividades del 2007 y los resultados del mes [&hellip;]<\/p>\n","protected":false},"author":249,"featured_media":0,"comment_status":"open","ping_status":"closed","sticky":false,"template":"","format":"standard","meta":{"footnotes":""},"categories":[8],"tags":[],"class_list":["post-751","post","type-post","status-publish","format-standard","hentry","category-ciudad-de-queretaro"],"_links":{"self":[{"href":"http:\/\/eloficiodehistoriar.com.mx\/index.php?rest_route=\/wp\/v2\/posts\/751","targetHints":{"allow":["GET"]}}],"collection":[{"href":"http:\/\/eloficiodehistoriar.com.mx\/index.php?rest_route=\/wp\/v2\/posts"}],"about":[{"href":"http:\/\/eloficiodehistoriar.com.mx\/index.php?rest_route=\/wp\/v2\/types\/post"}],"author":[{"embeddable":true,"href":"http:\/\/eloficiodehistoriar.com.mx\/index.php?rest_route=\/wp\/v2\/users\/249"}],"replies":[{"embeddable":true,"href":"http:\/\/eloficiodehistoriar.com.mx\/index.php?rest_route=%2Fwp%2Fv2%2Fcomments&post=751"}],"version-history":[{"count":0,"href":"http:\/\/eloficiodehistoriar.com.mx\/index.php?rest_route=\/wp\/v2\/posts\/751\/revisions"}],"wp:attachment":[{"href":"http:\/\/eloficiodehistoriar.com.mx\/index.php?rest_route=%2Fwp%2Fv2%2Fmedia&parent=751"}],"wp:term":[{"taxonomy":"category","embeddable":true,"href":"http:\/\/eloficiodehistoriar.com.mx\/index.php?rest_route=%2Fwp%2Fv2%2Fcategories&post=751"},{"taxonomy":"post_tag","embeddable":true,"href":"http:\/\/eloficiodehistoriar.com.mx\/index.php?rest_route=%2Fwp%2Fv2%2Ftags&post=751"}],"curies":[{"name":"wp","href":"https:\/\/api.w.org\/{rel}","templated":true}]}}