{"id":754,"date":"2008-07-26T20:42:05","date_gmt":"2008-07-27T01:42:05","guid":{"rendered":"https:\/\/eloficiodehistoriar.com.mx\/?p=754"},"modified":"2008-07-26T20:42:05","modified_gmt":"2008-07-27T01:42:05","slug":"50-anos-de-peregrinar-al-tepeyac-las-mujeres-queretanas","status":"publish","type":"post","link":"http:\/\/eloficiodehistoriar.com.mx\/?p=754","title":{"rendered":"50 a\u00f1os de peregrinar al Tepeyac: Las mujeres queretanas"},"content":{"rendered":"<p><a href=\"https:\/\/eloficiodehistoriar.com.mx\/wp-content\/uploads\/2008\/07\/img_0102.jpg\" title=\"img_0102.jpg\"><img decoding=\"async\" src=\"https:\/\/eloficiodehistoriar.com.mx\/wp-content\/uploads\/2008\/07\/img_0102.thumbnail.jpg\" alt=\"img_0102.jpg\" \/><\/a><a href=\"https:\/\/eloficiodehistoriar.com.mx\/wp-content\/uploads\/2008\/07\/img_0102.jpg\" title=\"img_0102.jpg\"><\/a><a href=\"https:\/\/eloficiodehistoriar.com.mx\/wp-content\/uploads\/2008\/07\/img_0106.jpg\" title=\"img_0106.jpg\"><img decoding=\"async\" src=\"https:\/\/eloficiodehistoriar.com.mx\/wp-content\/uploads\/2008\/07\/img_0106.thumbnail.jpg\" alt=\"img_0106.jpg\" \/><\/a><a href=\"https:\/\/eloficiodehistoriar.com.mx\/wp-content\/uploads\/2008\/07\/img_0091.jpg\" title=\"img_0091.jpg\"><img decoding=\"async\" src=\"https:\/\/eloficiodehistoriar.com.mx\/wp-content\/uploads\/2008\/07\/img_0091.thumbnail.jpg\" alt=\"img_0091.jpg\" \/><\/a><a href=\"https:\/\/eloficiodehistoriar.com.mx\/wp-content\/uploads\/2008\/07\/img_0067.jpg\" title=\"img_0067.jpg\"><img decoding=\"async\" src=\"https:\/\/eloficiodehistoriar.com.mx\/wp-content\/uploads\/2008\/07\/img_0067.thumbnail.jpg\" alt=\"img_0067.jpg\" \/><\/a><a href=\"https:\/\/eloficiodehistoriar.com.mx\/wp-content\/uploads\/2008\/07\/img_0055.jpg\" title=\"img_0055.jpg\"><img decoding=\"async\" src=\"https:\/\/eloficiodehistoriar.com.mx\/wp-content\/uploads\/2008\/07\/img_0055.thumbnail.jpg\" alt=\"img_0055.jpg\" \/><\/a><\/p>\n<p>El 20 de julio 17 mil mujeres de la di\u00f3cesis de Quer\u00e9taro llegaron caminando a La Villa y conmemoraron sus primeros 50 a\u00f1os de hacerlo. Se reunieron con las m\u00e1s de cien mil personas que se congregaron en La Plaza de Las Am\u00e9ricas, frente a la Bas\u00edlica, por ser el d\u00eda de Quer\u00e9taro en ese santuario mariano.<\/p>\n","protected":false},"excerpt":{"rendered":"<p>El 20 de julio 17 mil mujeres de la di\u00f3cesis de Quer\u00e9taro llegaron caminando a La Villa y conmemoraron sus primeros 50 a\u00f1os de hacerlo. Se reunieron con las m\u00e1s de cien mil personas que se congregaron en La Plaza de Las Am\u00e9ricas, frente a la Bas\u00edlica, por ser el d\u00eda de Quer\u00e9taro en ese [&hellip;]<\/p>\n","protected":false},"author":249,"featured_media":0,"comment_status":"open","ping_status":"closed","sticky":false,"template":"","format":"standard","meta":{"footnotes":""},"categories":[8,11,5,4,6],"tags":[],"class_list":["post-754","post","type-post","status-publish","format-standard","hentry","category-ciudad-de-queretaro","category-fotografia","category-semidesierto","category-sierra-gorda","category-valles-centrales"],"_links":{"self":[{"href":"http:\/\/eloficiodehistoriar.com.mx\/index.php?rest_route=\/wp\/v2\/posts\/754","targetHints":{"allow":["GET"]}}],"collection":[{"href":"http:\/\/eloficiodehistoriar.com.mx\/index.php?rest_route=\/wp\/v2\/posts"}],"about":[{"href":"http:\/\/eloficiodehistoriar.com.mx\/index.php?rest_route=\/wp\/v2\/types\/post"}],"author":[{"embeddable":true,"href":"http:\/\/eloficiodehistoriar.com.mx\/index.php?rest_route=\/wp\/v2\/users\/249"}],"replies":[{"embeddable":true,"href":"http:\/\/eloficiodehistoriar.com.mx\/index.php?rest_route=%2Fwp%2Fv2%2Fcomments&post=754"}],"version-history":[{"count":0,"href":"http:\/\/eloficiodehistoriar.com.mx\/index.php?rest_route=\/wp\/v2\/posts\/754\/revisions"}],"wp:attachment":[{"href":"http:\/\/eloficiodehistoriar.com.mx\/index.php?rest_route=%2Fwp%2Fv2%2Fmedia&parent=754"}],"wp:term":[{"taxonomy":"category","embeddable":true,"href":"http:\/\/eloficiodehistoriar.com.mx\/index.php?rest_route=%2Fwp%2Fv2%2Fcategories&post=754"},{"taxonomy":"post_tag","embeddable":true,"href":"http:\/\/eloficiodehistoriar.com.mx\/index.php?rest_route=%2Fwp%2Fv2%2Ftags&post=754"}],"curies":[{"name":"wp","href":"https:\/\/api.w.org\/{rel}","templated":true}]}}