{"id":761,"date":"2008-07-27T10:21:35","date_gmt":"2008-07-27T15:21:35","guid":{"rendered":"https:\/\/eloficiodehistoriar.com.mx\/?p=761"},"modified":"2008-07-27T10:21:35","modified_gmt":"2008-07-27T15:21:35","slug":"rondas-de-la-nina-mala","status":"publish","type":"post","link":"http:\/\/eloficiodehistoriar.com.mx\/?p=761","title":{"rendered":"\u00abRondas\u00bb de la ni\u00f1a mala&#8230;"},"content":{"rendered":"<p style=\"border-right: medium none; border-top: medium none; border-left: medium none; border-bottom: #dddddd 1pt solid; padding: 0cm\">\n<h1 align=\"center\" style=\"margin: 0cm 0cm 3pt; text-align: center\"><strong><span style=\"font-size: 14pt; font-family: Arial\">La sabidur\u00eda de un pueblo reside en la capacidad de protestar<o:p><\/o:p><\/span><\/strong><\/h1>\n<p><span style=\"font-family: Arial\"><\/span><\/p>\n<p><span style=\"font-family: Arial\">\u201cSi somos unos dejados iremos al infierno con puros tizones en el fundillo, como dec\u00eda Jesusa Palancares.\u201d<o:p><\/o:p><\/span><\/p>\n<p style=\"text-align: justify\"><span style=\"font-family: Arial\"><\/span><\/p>\n<p><span style=\"font-family: Arial\">Me apasiona mi pa\u00eds y seguir viva en esta naci\u00f3n hasta que se pueda. <o:p><\/o:p><\/span><\/p>\n<p style=\"text-align: justify\"><span style=\"font-family: Arial\"><\/span><\/p>\n<p><span style=\"font-family: Arial\">Es necesario que se haga justicia a las periodistas Lydia Cacho y a Sanjuana Mart\u00ednez y, como dir\u00eda Rosario Castellanos, queremos que la justicia se siente entre nosotros y que todos los mexicanos se vayan a dormir habiendo comido lo mismo\u201d.<o:p><\/o:p><\/span><\/p>\n<p style=\"text-align: justify\"><span style=\"font-family: Arial\"><\/span><\/p>\n<p><span style=\"font-family: Arial\">Es fundamental que \u201cvayamos a votar en la consulta y participemos en el rumbo que toma el pa\u00eds. No podemos ser unas criaturas inermes y esperar a que todo nos caiga del cielo; debemos manifestarnos como individuos y como sociedad civil. La sabidur\u00eda de un pueblo est\u00e1 en la capacidad de protesta y de saber decir que no.<o:p><\/o:p><\/span><\/p>\n<p style=\"text-align: justify\"><span style=\"font-family: Arial\"><\/span><\/p>\n<p><span style=\"font-family: Arial\">Ante esta actitud de previsi\u00f3n, la colaboradora de <st1:personname ProductID=\"La Jornada\" w:st=\"on\"><em><span style=\"font-family: Arial\">La Jornada<\/span><\/em><\/st1:personname> recuper\u00f3 30 textos y evocaciones de su infancia para publicar el libro <em><span style=\"font-family: Arial\">Rondas de la ni\u00f1a mala<\/span><\/em> (Ediciones Era) que comprende poemas, canciones y voces escritos hace m\u00e1s de 50 a\u00f1os, en los que Poniatowska resalta el amor por sus padres y hermanos.<o:p><\/o:p><\/span><span style=\"font-family: Arial\"><\/span><\/p>\n<p><span style=\"font-family: Arial\">Uno se prepara para la salida y hay que organizar todo; quiero dejar en orden las cosas, as\u00ed como las dej\u00f3 mi madre y eso me cuesta un trabajo infinito.<o:p><\/o:p><\/span><span style=\"font-family: Arial\"><\/span><\/p>\n<p><span style=\"font-family: Arial\">\u201cUno no sabe qu\u00e9 puede suceder ma\u00f1ana y estoy m\u00e1s cerca de la muerte que de volver a nacer\u201d <o:p><\/o:p><\/span><\/p>\n<p style=\"text-align: justify\"><em><span style=\"font-family: Arial\"><\/span><\/em><\/p>\n<p><em><span style=\"font-family: Arial\">Rondas de la ni\u00f1a mala<\/span><\/em><span style=\"font-family: Arial\"> describe escenas cotidianas entre las hermanas, pero tambi\u00e9n el dolor por la muerte del joven hermano, la ausencia de la madre fallecida o el recuerdo del padre, combatiente en <st1:personname ProductID=\"la Segunda Guerra\" w:st=\"on\">la Segunda Guerra<\/st1:personname> Mundial.<o:p><\/o:p><\/span><\/p>\n<p style=\"text-align: justify\"><strong><span style=\"font-size: 10pt; font-family: Arial\"><\/span><\/strong><\/p>\n<p><strong><span style=\"font-size: 10pt; font-family: Arial\">Magda lava nuestros calzones <o:p><\/o:p><\/span><\/strong><\/p>\n<p style=\"text-align: justify\"><strong><span style=\"font-size: 10pt; font-family: Arial\"><\/span><\/strong><\/p>\n<p><strong><span style=\"font-size: 10pt; font-family: Arial\">La muerte chiquita <o:p><\/o:p><\/span><\/strong><\/p>\n<p style=\"text-align: justify\"><strong><span style=\"font-size: 10pt; font-family: Arial\"><\/span><\/strong><\/p>\n<p><strong><span style=\"font-size: 10pt; font-family: Arial\">Primera sangre <o:p><\/o:p><\/span><\/strong><\/p>\n<p style=\"text-align: justify\"><strong><span style=\"font-size: 10pt; font-family: Arial\"><\/span><\/strong><\/p>\n<p><strong><span style=\"font-size: 10pt; font-family: Arial\">Tlacotalpan (an\u00e9cdota con Mariana Yampolsky), <o:p><\/o:p><\/span><\/strong><\/p>\n<p style=\"text-align: justify\"><strong><span style=\"font-size: 10pt; font-family: Arial\"><\/span><\/strong><\/p>\n<p><strong><span style=\"font-size: 10pt; font-family: Arial\">Paulette (corregido por Octavio Paz), <o:p><\/o:p><\/span><\/strong><strong><span style=\"font-size: 10pt; font-family: Arial\">La luna, Agua de mar, <o:p><\/o:p><\/span><\/strong><\/p>\n<p style=\"text-align: justify\"><strong><span style=\"font-size: 10pt; font-family: Arial\"><\/span><\/strong><\/p>\n<p><strong><span style=\"font-size: 10pt; font-family: Arial\">Mi madre, <o:p><\/o:p><\/span><\/strong><\/p>\n<p style=\"text-align: justify\"><strong><span style=\"font-size: 10pt; font-family: Arial\"><\/span><\/strong><\/p>\n<p><strong><span style=\"font-size: 10pt; font-family: Arial\">Mi padre toca el piano, <o:p><\/o:p><\/span><\/strong><\/p>\n<p style=\"text-align: justify\"><strong><span style=\"font-size: 10pt; font-family: Arial\"><\/span><\/strong><\/p>\n<p><strong><span style=\"font-size: 10pt; font-family: Arial\">El \u00e1rbol que da ni\u00f1as, <o:p><\/o:p><\/span><\/strong><\/p>\n<p style=\"text-align: justify\"><strong><span style=\"font-size: 10pt; font-family: Arial\"><\/span><\/strong><\/p>\n<p><strong><span style=\"font-size: 10pt; font-family: Arial\">La sopa, Mula y Mi hermano <o:p><\/o:p><\/span><\/strong><\/p>\n<p style=\"text-align: justify\"><span style=\"font-family: Arial\"><\/span><\/p>\n<p><span style=\"font-family: Arial\">Son algunos de los poemas y textos incluidos en el libro \u201cque se sale de todos los c\u00e1nones\u201d<o:p><\/o:p><\/span><span style=\"font-family: Arial\"><\/span><\/p>\n<p><span style=\"font-family: Arial\">La periodista y narradora Elena Poniatowska (Par\u00eds, 1932) desea dejar \u201ctodo en su lugar\u201d, incluida la clasificaci\u00f3n de infinidad de textos, cartas, entrevistas y miles de libretas garabateadas dispersas por doquier en su casa.<o:p><\/o:p><\/span><\/p>\n<p style=\"text-align: justify\"><span style=\"font-family: Arial\"><\/span><\/p>\n<p><span style=\"font-family: Arial\">\u201cA medida que uno envejece y cuando se va cerrando el c\u00edrculo, uno regresa a los primeros a\u00f1os hasta llegar al punto en el que piensas mucho m\u00e1s en tus padres que ya murieron.\u201d<o:p><\/o:p><\/span><\/p>\n<p style=\"text-align: justify\"><span style=\"font-family: Arial\"><\/span><\/p>\n<p><span style=\"font-family: Arial\">En el volumen, ilustrado por Leonora Carrington y su hijo Pablo Weisz, fluyen la frescura y la irreverencia, pero tambi\u00e9n se entrelazan breves poemas en los que se conjuntan los sentimientos, la ternura, la dureza y los espont\u00e1neos improperios lanzados en la infancia.<o:p><\/o:p><\/span><\/p>\n<p style=\"text-align: justify\"><span style=\"font-family: Arial\"><\/span><\/p>\n<p><span style=\"font-family: Arial\">En ellos la autora de <em><span style=\"font-family: Arial\">La noche de Tlatelolco<\/span><\/em> habla de sus primeros dolores, los a\u00f1os de escuela, los descubrimientos, el encuentro del cuerpo, los rencores, las crueldades sin reglas de la infancia, las confesiones y las indiscreciones de una ni\u00f1a que asiste a clases de esgrima y equitaci\u00f3n. Pero, tambi\u00e9n, la peque\u00f1a Elena narra las peleas con su hermana, la admiraci\u00f3n que siente por la se\u00f1ora que lava y vislumbra la importancia de la sensualidad, el coqueteo y el acoso machista.<o:p><\/o:p><\/span><strong><span style=\"font-family: Arial\"><\/span><\/strong><\/p>\n<p><strong><span style=\"font-family: Arial\">Trabajo infinito<o:p><\/o:p><\/span><\/strong><\/p>\n<p style=\"text-align: justify\"><span style=\"font-family: Arial\"><\/span><\/p>\n<p><span style=\"font-family: Arial\">Quiero trabajar en una novela, tambi\u00e9n pienso en reunir miles de entrevistas que tengo dispersas y organizar infinidad de documentos. <o:p><\/o:p><\/span><\/p>\n<p style=\"text-align: justify\"><span style=\"font-family: Arial\"><\/span><\/p>\n<p><span style=\"font-family: Arial\">La autora de <em><span style=\"font-family: Arial\">Tin\u00edsima<\/span><\/em> tambi\u00e9n expres\u00f3 su inter\u00e9s por \u201cla gente, la vida y la consulta ciudadana sobre la reforma energ\u00e9tica del pr\u00f3ximo domingo. <o:p><\/o:p><\/span><\/p>\n<p style=\"margin: auto 0cm\" class=\"author\"><span style=\"font-family: Arial\"><\/span><\/p>\n<p><span style=\"font-family: Arial\">Ana M\u00f3nica Rodr\u00edguez <o:p><\/o:p><\/span><o:p><font face=\"Times New Roman\">\u00a0<\/font><\/o:p><\/p>\n","protected":false},"excerpt":{"rendered":"<p>La sabidur\u00eda de un pueblo reside en la capacidad de protestar \u201cSi somos unos dejados iremos al infierno con puros tizones en el fundillo, como dec\u00eda Jesusa Palancares.\u201d Me apasiona mi pa\u00eds y seguir viva en esta naci\u00f3n hasta que se pueda. Es necesario que se haga justicia a las periodistas Lydia Cacho y a [&hellip;]<\/p>\n","protected":false},"author":249,"featured_media":0,"comment_status":"open","ping_status":"closed","sticky":false,"template":"","format":"standard","meta":{"footnotes":""},"categories":[26],"tags":[],"class_list":["post-761","post","type-post","status-publish","format-standard","hentry","category-mundo"],"_links":{"self":[{"href":"http:\/\/eloficiodehistoriar.com.mx\/index.php?rest_route=\/wp\/v2\/posts\/761","targetHints":{"allow":["GET"]}}],"collection":[{"href":"http:\/\/eloficiodehistoriar.com.mx\/index.php?rest_route=\/wp\/v2\/posts"}],"about":[{"href":"http:\/\/eloficiodehistoriar.com.mx\/index.php?rest_route=\/wp\/v2\/types\/post"}],"author":[{"embeddable":true,"href":"http:\/\/eloficiodehistoriar.com.mx\/index.php?rest_route=\/wp\/v2\/users\/249"}],"replies":[{"embeddable":true,"href":"http:\/\/eloficiodehistoriar.com.mx\/index.php?rest_route=%2Fwp%2Fv2%2Fcomments&post=761"}],"version-history":[{"count":0,"href":"http:\/\/eloficiodehistoriar.com.mx\/index.php?rest_route=\/wp\/v2\/posts\/761\/revisions"}],"wp:attachment":[{"href":"http:\/\/eloficiodehistoriar.com.mx\/index.php?rest_route=%2Fwp%2Fv2%2Fmedia&parent=761"}],"wp:term":[{"taxonomy":"category","embeddable":true,"href":"http:\/\/eloficiodehistoriar.com.mx\/index.php?rest_route=%2Fwp%2Fv2%2Fcategories&post=761"},{"taxonomy":"post_tag","embeddable":true,"href":"http:\/\/eloficiodehistoriar.com.mx\/index.php?rest_route=%2Fwp%2Fv2%2Ftags&post=761"}],"curies":[{"name":"wp","href":"https:\/\/api.w.org\/{rel}","templated":true}]}}