{"id":764,"date":"2008-07-27T10:57:42","date_gmt":"2008-07-27T15:57:42","guid":{"rendered":"https:\/\/eloficiodehistoriar.com.mx\/?p=764"},"modified":"2008-07-27T10:58:38","modified_gmt":"2008-07-27T15:58:38","slug":"a-40-anos-de-la-humanae-vitae-de-paulo-vl-2","status":"publish","type":"post","link":"http:\/\/eloficiodehistoriar.com.mx\/?p=764","title":{"rendered":"A 40 a\u00f1os de la \u00abHumanae Vitae\u00bb de Paulo Vl"},"content":{"rendered":"<p><a href=\"https:\/\/eloficiodehistoriar.com.mx\/wp-content\/uploads\/2008\/07\/or744.jpg\" title=\"or744.jpg\"><img decoding=\"async\" src=\"https:\/\/eloficiodehistoriar.com.mx\/wp-content\/uploads\/2008\/07\/or744.thumbnail.jpg\" alt=\"or744.jpg\" \/><\/a><a href=\"https:\/\/eloficiodehistoriar.com.mx\/wp-content\/uploads\/2008\/07\/or7081.jpg\" title=\"or7081.jpg\"><img decoding=\"async\" src=\"https:\/\/eloficiodehistoriar.com.mx\/wp-content\/uploads\/2008\/07\/or7081.thumbnail.jpg\" alt=\"or7081.jpg\" \/><\/a><a href=\"https:\/\/eloficiodehistoriar.com.mx\/wp-content\/uploads\/2008\/07\/or675.jpg\" title=\"or675.jpg\"><img decoding=\"async\" src=\"https:\/\/eloficiodehistoriar.com.mx\/wp-content\/uploads\/2008\/07\/or675.thumbnail.jpg\" alt=\"or675.jpg\" \/><\/a><a href=\"https:\/\/eloficiodehistoriar.com.mx\/wp-content\/uploads\/2008\/07\/or533.jpg\" title=\"or533.jpg\"><img decoding=\"async\" src=\"https:\/\/eloficiodehistoriar.com.mx\/wp-content\/uploads\/2008\/07\/or533.thumbnail.jpg\" alt=\"or533.jpg\" \/><\/a><a href=\"https:\/\/eloficiodehistoriar.com.mx\/wp-content\/uploads\/2008\/07\/or5651.jpg\" title=\"or5651.jpg\"><img decoding=\"async\" src=\"https:\/\/eloficiodehistoriar.com.mx\/wp-content\/uploads\/2008\/07\/or5651.thumbnail.jpg\" alt=\"or5651.jpg\" \/><\/a><\/p>\n<p>El diplom\u00e1tico, el intelectual, el pastor, el pol\u00edtico, el hombre de Iglesia, Paulo VL entre la copios\u00edsima documentaci\u00f3n que a nombre del Concilio Vaticano ll, de la Conferencia Episcopal latinoamericana de Medell\u00edn y de Mutuo propio di\u00f3 al mundo se cuenta con el documento fundamental de estos tiempos \u00abSobre la vida humana\u00bb<\/p>\n","protected":false},"excerpt":{"rendered":"<p>El diplom\u00e1tico, el intelectual, el pastor, el pol\u00edtico, el hombre de Iglesia, Paulo VL entre la copios\u00edsima documentaci\u00f3n que a nombre del Concilio Vaticano ll, de la Conferencia Episcopal latinoamericana de Medell\u00edn y de Mutuo propio di\u00f3 al mundo se cuenta con el documento fundamental de estos tiempos \u00abSobre la vida humana\u00bb<\/p>\n","protected":false},"author":249,"featured_media":0,"comment_status":"open","ping_status":"closed","sticky":false,"template":"","format":"standard","meta":{"footnotes":""},"categories":[11,10],"tags":[],"class_list":["post-764","post","type-post","status-publish","format-standard","hentry","category-fotografia","category-historia"],"_links":{"self":[{"href":"http:\/\/eloficiodehistoriar.com.mx\/index.php?rest_route=\/wp\/v2\/posts\/764","targetHints":{"allow":["GET"]}}],"collection":[{"href":"http:\/\/eloficiodehistoriar.com.mx\/index.php?rest_route=\/wp\/v2\/posts"}],"about":[{"href":"http:\/\/eloficiodehistoriar.com.mx\/index.php?rest_route=\/wp\/v2\/types\/post"}],"author":[{"embeddable":true,"href":"http:\/\/eloficiodehistoriar.com.mx\/index.php?rest_route=\/wp\/v2\/users\/249"}],"replies":[{"embeddable":true,"href":"http:\/\/eloficiodehistoriar.com.mx\/index.php?rest_route=%2Fwp%2Fv2%2Fcomments&post=764"}],"version-history":[{"count":0,"href":"http:\/\/eloficiodehistoriar.com.mx\/index.php?rest_route=\/wp\/v2\/posts\/764\/revisions"}],"wp:attachment":[{"href":"http:\/\/eloficiodehistoriar.com.mx\/index.php?rest_route=%2Fwp%2Fv2%2Fmedia&parent=764"}],"wp:term":[{"taxonomy":"category","embeddable":true,"href":"http:\/\/eloficiodehistoriar.com.mx\/index.php?rest_route=%2Fwp%2Fv2%2Fcategories&post=764"},{"taxonomy":"post_tag","embeddable":true,"href":"http:\/\/eloficiodehistoriar.com.mx\/index.php?rest_route=%2Fwp%2Fv2%2Ftags&post=764"}],"curies":[{"name":"wp","href":"https:\/\/api.w.org\/{rel}","templated":true}]}}