{"id":771,"date":"2008-07-27T15:38:05","date_gmt":"2008-07-27T20:38:05","guid":{"rendered":"https:\/\/eloficiodehistoriar.com.mx\/?p=771"},"modified":"2008-07-27T15:38:05","modified_gmt":"2008-07-27T20:38:05","slug":"peraltazonas-arqueologica-cerca-de-abasolo-en-guanajuato","status":"publish","type":"post","link":"http:\/\/eloficiodehistoriar.com.mx\/?p=771","title":{"rendered":"Peralta:Zonas arqueol\u00f3gica cerca de Abasolo, en Guanajuato"},"content":{"rendered":"<p id=\"pres_titulo\" class=\"presidencia_subseccion\"><strong>\u00a0Peralta, La Ca\u00f1ada de La Virge y Plazuelas. <\/strong><\/p>\n<p class=\"presidencia_subseccion\">&nbsp;<\/p>\n<p class=\"presidencia_subseccion\">&nbsp;<\/p>\n<p class=\"presidencia_subseccion\">&nbsp;<\/p>\n<p class=\"presidencia_subseccion\"><strong>son zonas arque\u00f3logicas importantes ubicadas en Guanajuato.<\/strong><\/p>\n<p class=\"presidencia_subseccion\">&nbsp;<\/p>\n<p class=\"presidencia_subseccion\">&nbsp;<\/p>\n<p class=\"presidencia_subseccion\"><strong>Abrir\u00e1n zonas arqueol\u00f3gicas en Guanajuato<\/strong><\/p>\n<p id=\"pres_fecha\" class=\"presidencia_articulos_fecha\">&nbsp;<\/p>\n<p class=\"presidencia_articulos_fecha\">&nbsp;<\/p>\n<p class=\"presidencia_articulos_fecha\">Notimex\u00a0<br \/>\n\u00a0<\/p>\n<p id=\"pres_contenido\" class=\"presidencia_contenidos_cuerpo\">La oferta cultural\u00a0 se incrementar\u00e1 con la pr\u00f3xima apertura de nuevas zonas arqueol\u00f3gicas. como Peralta, que junto con\u00a0 Plazuelas y Ca\u00f1ada de la Virgen, ser\u00e1 una opci\u00f3n m\u00e1s en la entidad para asomarse al pasado de la regi\u00f3n y obtener una mejor interpretaci\u00f3n de su presente.<\/p>\n<p>El Instituto Nacional de Antropolog\u00eda e Historia\u00a0inform\u00f3 que hoy d\u00eda, investigadores suyos trabajan en la restauraci\u00f3n y conservaci\u00f3n de Peralta, as\u00ed como en la consolidaci\u00f3n de estructuras que permitan un \u00edntimo acercamiento de los visitantes con las construcciones del sitio en su pr\u00f3xima apertura; los trabajos se encuentran en su etapa final.<\/p>\n<p>Efra\u00edn C\u00e1rdenas Garc\u00eda, investigador del INAH y responsable del proyecto arqueol\u00f3gico del lugar, mencion\u00f3 que la zona se compone de varios conjuntos dispersos en la ladera del Cerro Peralta, correspondientes al per\u00edodo epicl\u00e1sico en su \u00e9poca m\u00e1s temprana (300-700 d. de C.).<\/p>\n<p>Los primeros trabajos de restauraci\u00f3n se remontan al a\u00f1o 2003, por lo que son ya seis a\u00f1os ininterrumpidos de realizar intervenciones en el lugar; son resultado de un fideicomiso en el que participan el INAH, gobierno del estado, municipio de Abasolo y el Colegio de Michoac\u00e1n, agreg\u00f3 el especialista.<\/p>\n<p>Ubicada en la comunidad de San Jos\u00e9 Peralta, a un costado de la carretera que va a Huan\u00edmaro, en el municipio de Abasolo, la zona se compone de dos basamentos, cinco patios hundidos y una plataforma, llamada Recinto de los Gobernantes, que consta de un gran patio rodeado de habitaciones con fines p\u00fablicos, ceremoniales y rituales, de caracter\u00edsticas similares a la ciudadela de Teotihuacan.<\/p>\n<p>Cabe destacar que las estructuras mencionadas son aquellas que se han trabajado hasta el momento, ya que existen otros conjuntos que complementan el sitio, los cuales se excavar\u00e1n en temporadas de campo posteriores. Los especialistas le han otorgado una temporalidad del 600 al 900 d. C., correspondiente al Cl\u00e1sico Tard\u00edo.<\/p>\n<p>El Cerro Peralta cuenta hasta hoy con seis conjuntos arqueol\u00f3gicos y se trabaja en el rescate, estudio y protecci\u00f3n de la parte ceremonial donde los gobernantes realizaban actos p\u00fablicos; faltan por explorar los sitios de rango medio y los habitacionales, declar\u00f3 C\u00e1rdenas Garc\u00eda.<\/p>\n<p>\u00abSe planear\u00e1n futuras temporadas de campo para intervenir estos sitios menores, por lo que, aquellos trabajados hasta el momento, ser\u00e1n los que se puedan visitar, a trav\u00e9s de una recorrido que estamos dise\u00f1ando\u00bb.<\/p>\n<p>A diferencia de la arquitectura mesoamericana que se distingue por sus grandes plazas y espacios abiertos, la zona del Baj\u00edo posee lugares cerrados, como los patios hundidos, apelativo que se retom\u00f3 de los nombrados en Monte Alb\u00e1n, por el maestro Alfonso Caso.<\/p>\n<p>Para la construcci\u00f3n de las estructuras concentradas en este sitio, se utiliz\u00f3 la piedra conocida como basalto -roca gris\u00e1cea y careada- con mortero de arcilla como sustancia para unirlas; al igual que en el norte del pa\u00eds, en Peralta existen edificios construidos con tierra; muros, suelos y aplanados hechos de arcilla en combinaci\u00f3n con fibras vegetales.<\/p>\n<p>En el sitio se compart\u00eda la misma cosmovisi\u00f3n que en Ca\u00f1ada de la Virgen, relaci\u00f3n que se puede apreciar en las similitudes que poseen las construcciones.<\/p>\n<p>Se cree que fue habitado por grupos n\u00e1huas.<\/p>\n<p>De las excavaciones se obtuvieron distintos materiales como cer\u00e1micas con decoraci\u00f3n al negativo y anaranjada con l\u00edneas negras, ollas y una de las ofrendas m\u00e1s ricas que se ha encontrado en la regi\u00f3n, compuesta por los restos de dos individuos, piezas de madera en \u00f3ptima conservaci\u00f3n, un collar de turquesa, dos collares de concha y casi 40 piezas de cer\u00e1mica.<\/p>\n<p>La turquesa utilizada en el collar, seg\u00fan el especialista, es originaria de la zona de Nuevo M\u00e9xico, lo cual, indica un gran comercio con Arizona y la mina de Cerritos, donde abundaba dicho material.<\/p>\n<p>El trabajo de la piedra en la zona corresponde al tipo monumental por lo que trabajo sofisticado y artesanal es casi inexistente, por la dureza que posee.<\/p>\n<p>Debido a su posici\u00f3n geogr\u00e1fica se considera que tambi\u00e9n existi\u00f3 un importante auge comercial con las culturas del norte del pa\u00eds, tales como La Quemada, Chalchihuites y la zona de los Altos de Jalisco.<\/p>\n<p>A\u00a0diferencia de lo que se consider\u00f3 por mucho tiempo, que\u00a0la regi\u00f3n del Baj\u00edo, formaba parte de Mesoam\u00e9rica, aunque ahora estgos hallazgos la ponen al margen.<\/p>\n<p>En total, C\u00e1rdenas estima que la colecci\u00f3n obtenida en los trabajos asciende a 80 piezas, a las cuales se les realizan trabajos de consolidaci\u00f3n y restauraci\u00f3n para que formen parte del museo de sitio que albergar\u00e1 la zona.<\/p>\n<p>Para la construcci\u00f3n del recinto muse\u00edstico de la zona se destin\u00f3 un predio el cual se encuentra en la \u00faltima etapa de trabajos para realizar el proyecto; el arque\u00f3logo C\u00e1rdenas considera que ser\u00e1 este a\u00f1o cuando quede listo para incorporar las exposiciones.<\/p>\n<p>El INAH espera que sea para los primeros meses de 2009 cuando se abra al p\u00fablico la Zona Arqueol\u00f3gica de Peralta, en Guanajuato.<\/p>\n","protected":false},"excerpt":{"rendered":"<p>\u00a0Peralta, La Ca\u00f1ada de La Virge y Plazuelas. &nbsp; &nbsp; &nbsp; son zonas arque\u00f3logicas importantes ubicadas en Guanajuato. &nbsp; &nbsp; Abrir\u00e1n zonas arqueol\u00f3gicas en Guanajuato &nbsp; &nbsp; Notimex\u00a0 \u00a0 La oferta cultural\u00a0 se incrementar\u00e1 con la pr\u00f3xima apertura de nuevas zonas arqueol\u00f3gicas. como Peralta, que junto con\u00a0 Plazuelas y Ca\u00f1ada de la Virgen, ser\u00e1 una [&hellip;]<\/p>\n","protected":false},"author":249,"featured_media":0,"comment_status":"open","ping_status":"closed","sticky":false,"template":"","format":"standard","meta":{"footnotes":""},"categories":[26],"tags":[],"class_list":["post-771","post","type-post","status-publish","format-standard","hentry","category-mundo"],"_links":{"self":[{"href":"http:\/\/eloficiodehistoriar.com.mx\/index.php?rest_route=\/wp\/v2\/posts\/771","targetHints":{"allow":["GET"]}}],"collection":[{"href":"http:\/\/eloficiodehistoriar.com.mx\/index.php?rest_route=\/wp\/v2\/posts"}],"about":[{"href":"http:\/\/eloficiodehistoriar.com.mx\/index.php?rest_route=\/wp\/v2\/types\/post"}],"author":[{"embeddable":true,"href":"http:\/\/eloficiodehistoriar.com.mx\/index.php?rest_route=\/wp\/v2\/users\/249"}],"replies":[{"embeddable":true,"href":"http:\/\/eloficiodehistoriar.com.mx\/index.php?rest_route=%2Fwp%2Fv2%2Fcomments&post=771"}],"version-history":[{"count":0,"href":"http:\/\/eloficiodehistoriar.com.mx\/index.php?rest_route=\/wp\/v2\/posts\/771\/revisions"}],"wp:attachment":[{"href":"http:\/\/eloficiodehistoriar.com.mx\/index.php?rest_route=%2Fwp%2Fv2%2Fmedia&parent=771"}],"wp:term":[{"taxonomy":"category","embeddable":true,"href":"http:\/\/eloficiodehistoriar.com.mx\/index.php?rest_route=%2Fwp%2Fv2%2Fcategories&post=771"},{"taxonomy":"post_tag","embeddable":true,"href":"http:\/\/eloficiodehistoriar.com.mx\/index.php?rest_route=%2Fwp%2Fv2%2Ftags&post=771"}],"curies":[{"name":"wp","href":"https:\/\/api.w.org\/{rel}","templated":true}]}}