{"id":775,"date":"2008-07-27T20:16:49","date_gmt":"2008-07-28T01:16:49","guid":{"rendered":"https:\/\/eloficiodehistoriar.com.mx\/?p=775"},"modified":"2008-07-27T20:19:50","modified_gmt":"2008-07-28T01:19:50","slug":"invitacion-del-consejo-de-ejidos-y-comunidades","status":"publish","type":"post","link":"http:\/\/eloficiodehistoriar.com.mx\/?p=775","title":{"rendered":"Invitaci\u00f3n del Consejo de ejidos y comunidades:"},"content":{"rendered":"<p><strong><span style=\"font-size: 14pt\" lang=\"ES-CR\"><font face=\"Times New Roman\">El CONSEJO DE EJIDOS Y COMUNIDADES OPOSITORES A<o:p><\/o:p><\/font><\/span><\/strong><font face=\"Times New Roman\"><st1:personname ProductID=\"LA PRESA LA\" w:st=\"on\"><strong><span style=\"font-size: 14pt\" lang=\"ES-CR\">LA PRESA LA<\/span><\/strong><\/st1:personname><strong><span style=\"font-size: 14pt\" lang=\"ES-CR\"> PAROTA<span>\u00a0 <\/span>( C E C O P )<\/span><\/strong><strong><span lang=\"ES-CR\"><o:p><\/o:p><\/span><\/strong><\/font><strong><span lang=\"ES-CR\"><o:p><font face=\"Times New Roman\">\u00a0<\/font><\/o:p><\/span><\/strong><strong><span lang=\"ES-CR\"><o:p><\/o:p><\/span><\/strong>\u00a0<strong><span lang=\"ES-CR\"><o:p><\/o:p><\/span><\/strong>\u00a0<strong><span lang=\"ES-CR\"><o:p><\/o:p><\/span><\/strong>\u00a0<strong><span lang=\"ES-CR\"><o:p><\/o:p><\/span><\/strong>\u00a0<strong><span lang=\"ES-CR\"><o:p><\/o:p><\/span><\/strong><strong><span lang=\"ES-CR\"><font face=\"Times New Roman\">Invita a todas las organizaciones amigas, solidarias con nuestra lucha, al<\/font><\/span><\/strong><strong><span lang=\"ES-CR\"><\/span><\/strong><\/p>\n<p><strong><span lang=\"ES-CR\"><\/span><\/strong><\/p>\n<p><strong><span lang=\"ES-CR\"><\/span><\/strong><\/p>\n<p><strong><span lang=\"ES-CR\"><\/span><\/strong><\/p>\n<p><strong><span lang=\"ES-CR\"><font face=\"Times New Roman\"><o:p><\/o:p><\/font><\/span><\/strong><strong><span lang=\"ES-CR\"><o:p><font face=\"Times New Roman\">\u00a0<\/font><\/o:p><\/span><\/strong><strong><span style=\"font-size: 18pt\" lang=\"ES-CR\"><font face=\"Times New Roman\">V<span>\u00a0\u00a0\u00a0\u00a0 <\/span>A N I V E R S A R I O<o:p><\/o:p><\/font><\/span><\/strong><strong><span lang=\"ES-CR\"><o:p><font face=\"Times New Roman\">\u00a0<\/font><\/o:p><\/span><\/strong><strong><span lang=\"ES-CR\"><o:p><\/o:p><\/span><\/strong>\u00a0<strong><span lang=\"ES-CR\"><o:p><\/o:p><\/span><\/strong>\u00a0<strong><span lang=\"ES-CR\"><o:p><\/o:p><\/span><\/strong>\u00a0<strong><span lang=\"ES-CR\"><o:p><\/o:p><\/span><\/strong>\u00a0<strong><span lang=\"ES-CR\"><o:p><\/o:p><\/span><\/strong><strong><span lang=\"ES-CR\"><font face=\"Times New Roman\">del <span>\u00a0<\/span>MOVIMENTO DE RESISTENCIA CONTRA <st1:personname ProductID=\"LA PRESA LA\" w:st=\"on\"><st1:personname ProductID=\"la Presa\" w:st=\"on\">LA PRESA<\/st1:personname> LA<\/st1:personname> PAROTA<o:p><\/o:p><\/font><\/span><\/strong><strong><span lang=\"ES-CR\"><o:p><font face=\"Times New Roman\">\u00a0<\/font><\/o:p><\/span><\/strong><strong><span lang=\"ES-CR\"><o:p><\/o:p><\/span><\/strong>\u00a0<strong><span lang=\"ES-CR\"><o:p><\/o:p><\/span><\/strong>\u00a0<strong><span lang=\"ES-CR\"><o:p><\/o:p><\/span><\/strong>\u00a0<strong><span lang=\"ES-CR\"><o:p><\/o:p><\/span><\/strong>\u00a0<strong><span lang=\"ES-CR\"><o:p><\/o:p><\/span><\/strong><strong><span style=\"font-size: 11pt\" lang=\"ES-CR\"><font face=\"Times New Roman\">Domingo 27 de Julio de 2008<o:p><\/o:p><\/font><\/span><\/strong><strong><span style=\"font-size: 11pt\" lang=\"ES-CR\"><font face=\"Times New Roman\">Aguacaliente, Mpio. de Acapulco<o:p><\/o:p><\/font><\/span><\/strong><strong><span style=\"font-size: 11pt\" lang=\"ES-CR\"><font face=\"Times New Roman\">12:00 hrs.<o:p><\/o:p><\/font><\/span><\/strong><strong><span lang=\"ES-CR\"><o:p><font face=\"Times New Roman\">\u00a0<\/font><\/o:p><\/span><\/strong><strong><span lang=\"ES-CR\"><o:p><\/o:p><\/span><\/strong>\u00a0<strong><span lang=\"ES-CR\"><o:p><\/o:p><\/span><\/strong>\u00a0<strong><span lang=\"ES-CR\"><o:p><\/o:p><\/span><\/strong>\u00a0<strong><span lang=\"ES-CR\"><o:p><\/o:p><\/span><\/strong>\u00a0<strong><span lang=\"ES-CR\"><o:p><\/o:p><\/span><\/strong><strong><span lang=\"ES-CR\"><font face=\"Times New Roman\">A cinco a\u00f1os de la instalaci\u00f3n en el paraje El Fraile del primer plant\u00f3n, el 28 de Julio de 2003, fecha simb\u00f3lica de nuestra resistencia, los comuneros y ejidatarios del CECOP seguimos en pie de lucha.<o:p><\/o:p><\/font><\/span><\/strong><strong><span lang=\"ES-CR\"><o:p><font face=\"Times New Roman\">\u00a0<\/font><\/o:p><\/span><\/strong><strong><span lang=\"ES-CR\"><o:p><\/o:p><\/span><\/strong>\u00a0<strong><span lang=\"ES-CR\"><o:p><\/o:p><\/span><\/strong>\u00a0<strong><span lang=\"ES-CR\"><o:p><\/o:p><\/span><\/strong>\u00a0<strong><span lang=\"ES-CR\"><o:p><\/o:p><\/span><\/strong>\u00a0<strong><span lang=\"ES-CR\"><o:p><\/o:p><\/span><\/strong><font face=\"Times New Roman\"><strong><span lang=\"ES-CR\">Nuestro movimiento se ha enriquecido con la experiencia adquirida en los momentos dif\u00edciles de la resistencia y tambi\u00e9n en los foros, encuentros y coloquios a nivel nacional e internacional. <\/span><\/strong><\/font><font face=\"Times New Roman\"><strong><span lang=\"ES-CR\"><\/span><\/strong><\/font><\/p>\n<p><font face=\"Times New Roman\"><strong><span lang=\"ES-CR\"><\/span><\/strong><\/font><\/p>\n<p><font face=\"Times New Roman\"><strong><span lang=\"ES-CR\"><\/span><\/strong><\/font><\/p>\n<p><font face=\"Times New Roman\"><strong><span lang=\"ES-CR\"><\/span><\/strong><\/font><\/p>\n<p><font face=\"Times New Roman\"><strong><span lang=\"ES-CR\">Nos hemos fortalecido adem\u00e1s con la inclusi\u00f3n de pueblos enteros que se han incluido a nuestra demanda por <st1:personname ProductID=\"LA CANCELACI?N DEFINITIVA\" w:st=\"on\"><st1:personname ProductID=\"LA CANCELACI?N\" w:st=\"on\">LA CANCELACI\u00d3N<\/st1:personname> DEFINITIVA<\/st1:personname> DE <st1:personname ProductID=\"LA PRESA LA\" w:st=\"on\"><st1:personname ProductID=\"la Presa\" w:st=\"on\">LA PRESA<\/st1:personname> LA<\/st1:personname> PAROTA.<\/span><\/strong><span lang=\"ES-CR\"><o:p><\/o:p><\/span><\/font><span lang=\"ES-CR\"><o:p><font face=\"Times New Roman\">\u00a0<\/font><\/o:p><\/span><span lang=\"ES-CR\"><o:p><\/o:p><\/span>\u00a0<span lang=\"ES-CR\"><o:p><\/o:p><\/span>\u00a0<span lang=\"ES-CR\"><o:p><\/o:p><\/span>\u00a0<span lang=\"ES-CR\"><o:p><\/o:p><\/span>\u00a0<span lang=\"ES-CR\"><o:p><\/o:p><\/span><strong><span lang=\"ES-CR\"><font face=\"Times New Roman\">En estos a\u00f1os la solidaridad recibida vino de todos los rincones del pa\u00eds y de los pueblos que hemos visitado en otras latitudes y en otros continentes. <\/font><\/span><\/strong><strong><span lang=\"ES-CR\"><\/span><\/strong><\/p>\n<p><strong><span lang=\"ES-CR\"><\/span><\/strong><\/p>\n<p><strong><span lang=\"ES-CR\"><font face=\"Times New Roman\">Nuestra voz ha llegado tambi\u00e9n a instancias como Amnist\u00eda Internacional y el Comit\u00e9 DESC de <st1:personname ProductID=\"la ONU\" w:st=\"on\">la ONU<\/st1:personname>; hemos recibido a sus m\u00e1s altos directivos as\u00ed como la visita de los Relatores de <st1:personname ProductID=\"la ONU\" w:st=\"on\">la ONU<\/st1:personname> sobre Vivienda Digna y sobre Derechos de los Pueblos Ind\u00edgenas. <\/font><\/span><\/strong><\/p>\n<p><strong><span lang=\"ES-CR\"><\/span><\/strong><\/p>\n<p><strong><span lang=\"ES-CR\"><\/span><\/strong><\/p>\n<p><strong><span lang=\"ES-CR\"><\/span><\/strong><\/p>\n<p><strong><span lang=\"ES-CR\"><font face=\"Times New Roman\">Todos ellos han urgido al gobierno mexicano a respetar nuestros derechos humanos y le han exigido acatar las resoluciones judiciales que el Tribunal Agrario y otros tribunales han dictado en nuestro favor con lo que se impide a <st1:personname ProductID=\"la Comisi?n Federal\" w:st=\"on\"><st1:personname ProductID=\"la Comisi?n\" w:st=\"on\">la Comisi\u00f3n<\/st1:personname> Federal<\/st1:personname> de Electricidad (CFE) y al gobierno mexicano iniciar cualquier trabajo relacionado con la presa <st1:personname ProductID=\"La Parota.\" w:st=\"on\">La Parota.<\/st1:personname><o:p><\/o:p><\/font><\/span><\/strong><strong><span lang=\"ES-CR\"><o:p><font face=\"Times New Roman\">\u00a0<\/font><\/o:p><\/span><\/strong><strong><span lang=\"ES-CR\"><font face=\"Times New Roman\">En este festejo celebraremos tambi\u00e9n el<o:p><\/o:p><\/font><\/span><\/strong><strong><span lang=\"ES-CR\"><o:p><font face=\"Times New Roman\">\u00a0<\/font><\/o:p><\/span><\/strong><strong><span lang=\"ES-CR\"><o:p><\/o:p><\/span><\/strong>\u00a0<strong><span lang=\"ES-CR\"><o:p><\/o:p><\/span><\/strong>\u00a0<strong><span lang=\"ES-CR\"><o:p><\/o:p><\/span><\/strong>\u00a0<strong><span lang=\"ES-CR\"><o:p><\/o:p><\/span><\/strong>\u00a0<strong><span lang=\"ES-CR\"><o:p><\/o:p><\/span><\/strong><strong><span style=\"font-size: 16pt\" lang=\"ES-CR\"><font face=\"Times New Roman\">Ier.<span>\u00a0\u00a0 <\/span>ANIVERSARIO<o:p><\/o:p><\/font><\/span><\/strong><strong><span style=\"font-size: 16pt\" lang=\"ES-CR\"><o:p><font face=\"Times New Roman\">\u00a0<\/font><\/o:p><\/span><\/strong><strong><span lang=\"ES-CR\"><font face=\"Times New Roman\">de <st1:personname ProductID=\"LA ASAMBLEA COMUNAL\" w:st=\"on\"><st1:personname ProductID=\"LA ASAMBLEA\" w:st=\"on\">LA ASAMBLEA<\/st1:personname> COMUNAL<\/st1:personname> DE CACAHUATEPEC del 12 de AGOSTO DE 2007<o:p><\/o:p><\/font><\/span><\/strong><strong><span lang=\"ES-CR\"><font face=\"Times New Roman\">En la que simpatizantes y opositores a la construcci\u00f3n de la presa, TODOS, DE MANERA UN\u00c1NIME, RECHAZAMOS DE UNA VEZ POR TODAS EL PROYECTO HIDROEL\u00c9CTRICO PRESA <st1:personname ProductID=\"La Parota.\" w:st=\"on\">LA PAROTA.<\/st1:personname><o:p><\/o:p><\/font><\/span><\/strong><strong><span lang=\"ES-CR\"><o:p><font face=\"Times New Roman\">\u00a0<\/font><\/o:p><\/span><\/strong><strong><span style=\"font-size: 14pt\" lang=\"ES-CR\"><font face=\"Times New Roman\">CONSEJO DE EJIDOS Y COMUNIDADES OPOSITORES A<o:p><\/o:p><\/font><\/span><\/strong><font face=\"Times New Roman\"><st1:personname ProductID=\"LA PRESA LA\" w:st=\"on\"><strong><span style=\"font-size: 14pt\" lang=\"ES-CR\">LA PRESA LA<\/span><\/strong><\/st1:personname><strong><span style=\"font-size: 14pt\" lang=\"ES-CR\"> PAROTA ( C E C O P )<o:p><\/o:p><\/span><\/strong><\/font><strong><span lang=\"ES-CR\"><o:p><font face=\"Times New Roman\">\u00a0<\/font><\/o:p><\/span><\/strong><strong><span style=\"font-size: 16pt\" lang=\"ES-CR\"><font face=\"Times New Roman\">\u00a1 <st1:personname ProductID=\"LA TIERRA NO\" w:st=\"on\"><st1:personname ProductID=\"LA TIERRA\" w:st=\"on\">\u00a0<\/st1:personname><\/st1:personname><\/font><\/span><\/strong><strong><span style=\"font-size: 16pt\" lang=\"ES-CR\"><font face=\"Times New Roman\"><st1:personname ProductID=\"LA TIERRA NO\" w:st=\"on\"><st1:personname ProductID=\"LA TIERRA\" w:st=\"on\">\u00a0<\/st1:personname><\/st1:personname><\/font><\/span><\/strong><\/p>\n<p><strong><span style=\"font-size: 16pt\" lang=\"ES-CR\"><font face=\"Times New Roman\"><st1:personname ProductID=\"LA TIERRA NO\" w:st=\"on\"><st1:personname ProductID=\"LA TIERRA\" w:st=\"on\">\u00a0<\/st1:personname><\/st1:personname><\/font><\/span><\/strong><\/p>\n<p><strong><span style=\"font-size: 16pt\" lang=\"ES-CR\"><font face=\"Times New Roman\"><st1:personname ProductID=\"LA TIERRA NO\" w:st=\"on\"><st1:personname ProductID=\"LA TIERRA\" w:st=\"on\">\u00a0<\/st1:personname><\/st1:personname><\/font><\/span><\/strong><\/p>\n<p><strong><span style=\"font-size: 16pt\" lang=\"ES-CR\"><font face=\"Times New Roman\"><st1:personname ProductID=\"LA TIERRA NO\" w:st=\"on\"><st1:personname ProductID=\"LA TIERRA\" w:st=\"on\">\u00a0<\/st1:personname><\/st1:personname><\/font><\/span><\/strong><\/p>\n<p><strong><span style=\"font-size: 16pt\" lang=\"ES-CR\"><font face=\"Times New Roman\"><st1:personname ProductID=\"LA TIERRA NO\" w:st=\"on\"><st1:personname ProductID=\"LA TIERRA\" w:st=\"on\">LA TIERRA<\/st1:personname> NO<\/st1:personname> SE VENDE!<o:p><\/o:p><\/font><\/span><\/strong><\/p>\n","protected":false},"excerpt":{"rendered":"<p>El CONSEJO DE EJIDOS Y COMUNIDADES OPOSITORES ALA PRESA LA PAROTA\u00a0 ( C E C O P )\u00a0\u00a0\u00a0\u00a0\u00a0Invita a todas las organizaciones amigas, solidarias con nuestra lucha, al \u00a0V\u00a0\u00a0\u00a0\u00a0 A N I V E R S A R I O\u00a0\u00a0\u00a0\u00a0\u00a0del \u00a0MOVIMENTO DE RESISTENCIA CONTRA LA PRESA LA PAROTA\u00a0\u00a0\u00a0\u00a0\u00a0Domingo 27 de Julio de 2008Aguacaliente, Mpio. de [&hellip;]<\/p>\n","protected":false},"author":249,"featured_media":0,"comment_status":"open","ping_status":"closed","sticky":false,"template":"","format":"standard","meta":{"footnotes":""},"categories":[26],"tags":[],"class_list":["post-775","post","type-post","status-publish","format-standard","hentry","category-mundo"],"_links":{"self":[{"href":"http:\/\/eloficiodehistoriar.com.mx\/index.php?rest_route=\/wp\/v2\/posts\/775","targetHints":{"allow":["GET"]}}],"collection":[{"href":"http:\/\/eloficiodehistoriar.com.mx\/index.php?rest_route=\/wp\/v2\/posts"}],"about":[{"href":"http:\/\/eloficiodehistoriar.com.mx\/index.php?rest_route=\/wp\/v2\/types\/post"}],"author":[{"embeddable":true,"href":"http:\/\/eloficiodehistoriar.com.mx\/index.php?rest_route=\/wp\/v2\/users\/249"}],"replies":[{"embeddable":true,"href":"http:\/\/eloficiodehistoriar.com.mx\/index.php?rest_route=%2Fwp%2Fv2%2Fcomments&post=775"}],"version-history":[{"count":0,"href":"http:\/\/eloficiodehistoriar.com.mx\/index.php?rest_route=\/wp\/v2\/posts\/775\/revisions"}],"wp:attachment":[{"href":"http:\/\/eloficiodehistoriar.com.mx\/index.php?rest_route=%2Fwp%2Fv2%2Fmedia&parent=775"}],"wp:term":[{"taxonomy":"category","embeddable":true,"href":"http:\/\/eloficiodehistoriar.com.mx\/index.php?rest_route=%2Fwp%2Fv2%2Fcategories&post=775"},{"taxonomy":"post_tag","embeddable":true,"href":"http:\/\/eloficiodehistoriar.com.mx\/index.php?rest_route=%2Fwp%2Fv2%2Ftags&post=775"}],"curies":[{"name":"wp","href":"https:\/\/api.w.org\/{rel}","templated":true}]}}