{"id":776,"date":"2008-07-28T06:32:06","date_gmt":"2008-07-28T11:32:06","guid":{"rendered":"https:\/\/eloficiodehistoriar.com.mx\/?p=776"},"modified":"2008-07-28T06:32:06","modified_gmt":"2008-07-28T11:32:06","slug":"invitacion-del-f-n-c-r","status":"publish","type":"post","link":"http:\/\/eloficiodehistoriar.com.mx\/?p=776","title":{"rendered":"Invitaci\u00f3n del F N C R&#8230;"},"content":{"rendered":"<p>\u00a1QUE TAL!<br \/>\n\u00a0<br \/>\n\u00a0<br \/>\n<font color=\"#000000\">Les informo que el pr\u00f3ximo <font color=\"#ff0000\"><strong>Martes 29 de Julio hay REUNI\u00d3N para PLANEAR LA ASAMBLEA NACIONAL DEL FRENTE NACIONAL CONTRA LA REPRESI\u00d3N <\/strong><\/font>que tendr\u00e1 lugar en nuestro estado. Las y los esperamos a las 11:00 am en la Facultad de Filosof\u00eda. Reciban saludos fraternos. Atentamente.-<\/font><br \/>\n\u00a0<\/p>\n<p align=\"right\"><font color=\"#993366\"><em><strong>Carmen Berm\u00fadez, Comisi\u00f3n de Difusi\u00f3n<\/strong><\/em><\/font><\/p>\n<p align=\"right\"><strong><em><\/em><\/strong><\/p>\n<p align=\"right\"><strong><em><\/em><\/strong><\/p>\n<p align=\"left\"><strong><em><font color=\"#008000\">Por favor, pasen la voz con las dem\u00e1s agrupaciones, colectivos, etc.<\/font><\/em><\/strong><\/p>\n<p align=\"left\"><strong><em><\/em><\/strong><\/p>\n","protected":false},"excerpt":{"rendered":"<p>\u00a1QUE TAL! \u00a0 \u00a0 Les informo que el pr\u00f3ximo Martes 29 de Julio hay REUNI\u00d3N para PLANEAR LA ASAMBLEA NACIONAL DEL FRENTE NACIONAL CONTRA LA REPRESI\u00d3N que tendr\u00e1 lugar en nuestro estado. Las y los esperamos a las 11:00 am en la Facultad de Filosof\u00eda. Reciban saludos fraternos. Atentamente.- \u00a0 Carmen Berm\u00fadez, Comisi\u00f3n de Difusi\u00f3n [&hellip;]<\/p>\n","protected":false},"author":249,"featured_media":0,"comment_status":"open","ping_status":"closed","sticky":false,"template":"","format":"standard","meta":{"footnotes":""},"categories":[26],"tags":[],"class_list":["post-776","post","type-post","status-publish","format-standard","hentry","category-mundo"],"_links":{"self":[{"href":"http:\/\/eloficiodehistoriar.com.mx\/index.php?rest_route=\/wp\/v2\/posts\/776","targetHints":{"allow":["GET"]}}],"collection":[{"href":"http:\/\/eloficiodehistoriar.com.mx\/index.php?rest_route=\/wp\/v2\/posts"}],"about":[{"href":"http:\/\/eloficiodehistoriar.com.mx\/index.php?rest_route=\/wp\/v2\/types\/post"}],"author":[{"embeddable":true,"href":"http:\/\/eloficiodehistoriar.com.mx\/index.php?rest_route=\/wp\/v2\/users\/249"}],"replies":[{"embeddable":true,"href":"http:\/\/eloficiodehistoriar.com.mx\/index.php?rest_route=%2Fwp%2Fv2%2Fcomments&post=776"}],"version-history":[{"count":0,"href":"http:\/\/eloficiodehistoriar.com.mx\/index.php?rest_route=\/wp\/v2\/posts\/776\/revisions"}],"wp:attachment":[{"href":"http:\/\/eloficiodehistoriar.com.mx\/index.php?rest_route=%2Fwp%2Fv2%2Fmedia&parent=776"}],"wp:term":[{"taxonomy":"category","embeddable":true,"href":"http:\/\/eloficiodehistoriar.com.mx\/index.php?rest_route=%2Fwp%2Fv2%2Fcategories&post=776"},{"taxonomy":"post_tag","embeddable":true,"href":"http:\/\/eloficiodehistoriar.com.mx\/index.php?rest_route=%2Fwp%2Fv2%2Ftags&post=776"}],"curies":[{"name":"wp","href":"https:\/\/api.w.org\/{rel}","templated":true}]}}