{"id":777,"date":"2008-07-28T07:37:55","date_gmt":"2008-07-28T12:37:55","guid":{"rendered":"https:\/\/eloficiodehistoriar.com.mx\/?p=777"},"modified":"2008-07-28T07:37:55","modified_gmt":"2008-07-28T12:37:55","slug":"san-juan-del-rio-en-el-estado-de-queretaro","status":"publish","type":"post","link":"http:\/\/eloficiodehistoriar.com.mx\/?p=777","title":{"rendered":"San Juan Del R\u00edo en el estado de Quer\u00e9taro&#8230;"},"content":{"rendered":"<p><strong><span style=\"font-size: 18pt; color: black; font-family: Arial\">San Juan del R\u00edo<o:p><\/o:p><\/span><\/strong><\/p>\n<p style=\"background: white\"><strong><span style=\"font-size: 10pt; color: black; font-family: Arial\"><\/span><\/strong><\/p>\n<p><strong><span style=\"font-size: 10pt; color: black; font-family: Arial\">Paloma \u00bfDe d\u00f3nde vienes? <o:p><\/o:p><\/span><\/strong><\/p>\n<p style=\"background: white\"><strong><span style=\"font-size: 10pt; color: black; font-family: Arial\"><\/span><\/strong><\/p>\n<p><strong><span style=\"font-size: 10pt; color: black; font-family: Arial\">Vengo de San Juan Del R\u00edo<o:p><\/o:p><\/span><\/strong><strong><span style=\"font-size: 10pt; color: black; font-family: Arial\"><o:p>\u00a0<\/o:p><\/span><\/strong><strong><span style=\"font-size: 10pt; color: black; font-family: Arial\">Si fuera papel volara<o:p><\/o:p><\/span><\/strong><\/p>\n<p style=\"background: white\"><strong><span style=\"font-size: 10pt; color: black; font-family: Arial\"><\/span><\/strong><\/p>\n<p><strong><span style=\"font-size: 10pt; color: black; font-family: Arial\">Si fuera tinta corriera<o:p><\/o:p><\/span><\/strong><\/p>\n<p style=\"background: white\"><strong><span style=\"font-size: 10pt; color: black; font-family: Arial\"><\/span><\/strong><\/p>\n<p><strong><span style=\"font-size: 10pt; color: black; font-family: Arial\">Quisiera ser estampilla<o:p><\/o:p><\/span><\/strong><\/p>\n<p style=\"background: white\"><strong><span style=\"font-size: 10pt; color: black; font-family: Arial\"><\/span><\/strong><\/p>\n<p><strong><span style=\"font-size: 10pt; color: black; font-family: Arial\">Y en este sobre me fuera<o:p><\/o:p><\/span><\/strong><\/p>\n<p style=\"background: white; text-align: justify\"><span style=\"font-size: 10pt; color: black; font-family: Arial\"><\/span><\/p>\n<p style=\"background: white; text-align: justify\"><span style=\"font-size: 10pt; color: black; font-family: Arial\"><\/span><\/p>\n<p><span style=\"font-size: 10pt; color: black; font-family: Arial\">El asentamiento de grupos humanos mesoamericanos en el Plan de San Juan del R\u00edo que hoy conocemos se realiz\u00f3 hacia el siglo quinto antes de la era cristiana, junto al r\u00edo para el desarrollo de la agricultura. Es el precl\u00e1sico medio y sus comunidades son <st1:personname ProductID=\"La Estancia\" w:st=\"on\">La Estancia<\/st1:personname>, El Rosario y el Barrio de <st1:personname ProductID=\"la Cruz\" w:st=\"on\">La Cruz<\/st1:personname>, donde se encuentra un centro ceremonial, testimonio de viviendas, etc.<o:p><\/o:p><\/span><\/p>\n<p style=\"background: white; text-align: justify\"><span style=\"font-size: 10pt; color: black; font-family: Arial\"><\/span><\/p>\n<p><span style=\"font-size: 10pt; color: black; font-family: Arial\">Para el cl\u00e1sico se advierte en estos asentamientos la influencia clara de la cultura teotihuacana. Y para el postcl\u00e1sico es la cultura tolteca la que prevalece en la zona. Posteriormente los chichimecas desarrollar\u00e1n su propia cultura.<o:p><\/o:p><\/span><\/p>\n<p style=\"background: white\"><span style=\"font-size: 11pt; color: black; font-family: Arial\"><\/span><\/p>\n<p><span style=\"font-size: 11pt; color: black; font-family: Arial\">Las fiesta religiosas se imponen desde hace siglos en San Juan del R\u00edo como son las fiestas de Navidad, las de Semana Santa, las de <st1:personname ProductID=\"La Virgen\" w:st=\"on\">La Virgen<\/st1:personname> de Guadalupe y desde luego la de San Juan Bautista. Resaltando la tradici\u00f3n del<span>\u00a0 <\/span>\u201cJusito de la porter\u00eda\u201d que parece venir de antes de la llegada espa\u00f1ola a la regi\u00f3n en el siglo XVl.<o:p><\/o:p><\/span><\/p>\n<p style=\"background: white; text-align: justify\"><st1:personname ProductID=\"La Tradici\u00f3n\" w:st=\"on\"><span style=\"font-size: 11pt; color: black; font-family: Arial\">\u00a0<\/span><\/st1:personname><\/p>\n<p><st1:personname ProductID=\"La Tradici\u00f3n\" w:st=\"on\"><span style=\"font-size: 11pt; color: black; font-family: Arial\">La Tradici\u00f3n<\/span><\/st1:personname><span style=\"font-size: 11pt; color: black; font-family: Arial\">:<o:p><\/o:p><\/span><\/p>\n<p style=\"background: white; text-align: justify\"><span style=\"font-size: 11pt; color: black; font-family: Arial\"><\/span><\/p>\n<p><span style=\"font-size: 11pt; color: black; font-family: Arial\">Dicen que Don Nicol\u00e1s de San Luis Monta\u00f1\u00e9s, Capit\u00e1n General de entradas, encabez\u00f3 un numeroso ej\u00e9rcito de gente de Xilotepec; llegando a este lugar en la ma\u00f1ana del <a href=\"http:\/\/es.wikipedia.org\/wiki\/24_de_junio\" title=\"24 de junio\"><span style=\"color: black\">24 de junio<\/span><\/a> del a\u00f1o <a href=\"http:\/\/es.wikipedia.org\/wiki\/1531\" title=\"1531\"><span style=\"color: black\">1531<\/span><\/a> &#8211; D\u00eda de San Juan Bautista, para fundar un nuevo poblado:<o:p><\/o:p><\/span><\/p>\n<p style=\"background: white; text-align: justify\"><span style=\"font-size: 11pt; color: black; font-family: Arial\"><span><\/span><\/span><\/p>\n<p><span style=\"font-size: 11pt; color: black; font-family: Arial\"><span>\u00a0<\/span>\u00abPueblo de San Juan del R\u00edo, en nombre de Dios Nuestro Se\u00f1or del Cielo y de <st1:personname ProductID=\"la Tierra\" w:st=\"on\">la Tierra<\/st1:personname>, quedas fundado\u00bb<o:p><\/o:p><\/span><\/p>\n<p style=\"background: white; text-align: justify\"><span style=\"font-size: 11pt; color: black; font-family: Arial\"><\/span><\/p>\n<p><span style=\"font-size: 11pt; color: black; font-family: Arial\">De acuerdo con los nativos y su <a href=\"http:\/\/es.wikipedia.org\/wiki\/Cacique\" title=\"Cacique\"><span style=\"color: black\">cacique<\/span><\/a> se dieron a la tarea de trazar las primeras calles.<o:p><\/o:p><\/span><\/p>\n<p style=\"background: white; text-align: justify\"><span style=\"font-size: 11pt; color: black; font-family: Arial\"><\/span><\/p>\n<p><span style=\"font-size: 11pt; color: black; font-family: Arial\">\u00c9ste fue el inicio de la colonizaci\u00f3n del Norte y el Occidente de la <a href=\"http:\/\/es.wikipedia.org\/wiki\/Nueva_Espa%C3%B1a\" title=\"Nueva Espa\u00f1a\"><span style=\"color: black\">Nueva Espa\u00f1a<\/span><\/a>. <o:p><\/o:p><\/span><span style=\"font-size: 11pt; color: black; font-family: Arial\"><o:p>\u00a0<\/o:p><\/span><\/p>\n<p style=\"background: white; text-align: justify\"><span style=\"font-size: 11pt; color: black; font-family: Arial\"><\/span><\/p>\n<p><span style=\"font-size: 11pt; color: black; font-family: Arial\">Camino de la plata:<o:p><\/o:p><\/span><\/p>\n<p style=\"background: white; text-align: justify\"><span style=\"font-size: 11pt; color: black; font-family: Arial\"><\/span><\/p>\n<p style=\"background: white; text-align: justify\"><span style=\"font-size: 11pt; color: black; font-family: Arial\"><\/span><\/p>\n<p><span style=\"font-size: 11pt; color: black; font-family: Arial\">As\u00ed, San Juan del R\u00edo se convirti\u00f3 en paso obligado para quienes transitaban al Norte y Occidente del territorio de M\u00e9xico; situaci\u00f3n que le favoreci\u00f3 de manera importante ante el hecho de que todas las caravanas se deten\u00edan en este punto para descansar y abastecerse de provisiones; llevando y trayendo lo necesario para el desarrollo de la <a href=\"http:\/\/es.wikipedia.org\/wiki\/Miner%C3%ADa\" title=\"Miner\u00eda\"><span style=\"color: black\">miner\u00eda<\/span><\/a>, la <a href=\"http:\/\/es.wikipedia.org\/wiki\/Agricultura\" title=\"Agricultura\"><span style=\"color: black\">agricultura<\/span><\/a> y la <a href=\"http:\/\/es.wikipedia.org\/wiki\/Ganader%C3%ADa\" title=\"Ganader\u00eda\"><span style=\"color: black\">ganader\u00eda<\/span><\/a> de la regi\u00f3n. Esto, a su vez, propici\u00f3 el auge econ\u00f3mico y social de la zona.<o:p><\/o:p><\/span><\/p>\n<p style=\"background: white; text-align: justify\"><span style=\"font-size: 11pt; color: black; font-family: Arial\"><\/span><\/p>\n<p style=\"background: white; text-align: justify\"><span style=\"font-size: 11pt; color: black; font-family: Arial\"><\/span><\/p>\n<p><span style=\"font-size: 11pt; color: black; font-family: Arial\">A mediados del <a href=\"http:\/\/es.wikipedia.org\/wiki\/Siglo_XVI\" title=\"Siglo XVI\"><span style=\"color: black\">siglo XVI<\/span><\/a>, el Beato Fray Sebasti\u00e1n de Aparicio promovi\u00f3 la construcci\u00f3n de un puente en la parte m\u00e1s angosta del r\u00edo debido a las constantes crecientes que dificultaban el paso de las caravanas. <o:p><\/o:p><\/span><\/p>\n<p style=\"background: white; text-align: justify\"><span style=\"font-size: 11pt; color: black; font-family: Arial\"><\/span><\/p>\n<p style=\"background: white; text-align: justify\"><span style=\"font-size: 11pt; color: black; font-family: Arial\"><\/span><\/p>\n<p><span style=\"font-size: 11pt; color: black; font-family: Arial\">Fue a principios del <a href=\"http:\/\/es.wikipedia.org\/wiki\/Siglo_XVII\" title=\"Siglo XVII\"><span style=\"color: black\">siglo XVII<\/span><\/a> que por orden del Virrey Don Diego de Velasco se edific\u00f3 dicha obra y en <a href=\"http:\/\/es.wikipedia.org\/wiki\/1711\" title=\"1711\"><span style=\"color: black\">1711<\/span><\/a> fue construido el<span>\u00a0 <\/span>puente que hoy se conoce como \u201cPuente de <st1:personname ProductID=\"la Historia\" w:st=\"on\">la Historia<\/st1:personname>\u201d.<o:p><\/o:p><\/span><\/p>\n<p style=\"background: white\"><strong><span style=\"color: black; font-family: Arial\"><\/span><\/strong><\/p>\n<p><strong><span style=\"color: black; font-family: Arial\">Sus monumentos arqueol\u00f3gicos nos dicen que:<o:p><\/o:p><\/span><\/strong><\/p>\n<p style=\"background: white; text-align: justify\"><span style=\"font-size: 11pt; color: black; font-family: Arial\"><\/span><\/p>\n<p><span style=\"font-size: 11pt; color: black; font-family: Arial\">San Juan del R\u00edo fue habitado desde el a\u00f1o 400 <a href=\"http:\/\/es.wikipedia.org\/wiki\/AEC\" title=\"AEC\"><span style=\"color: black\">A. C<\/span><\/a>. como lo demuestran los vestigios encontrados a la orilla de su r\u00edo, que indican el remoto asentamiento de grupos Otom\u00edes con ascendencia de Chup\u00edcuaro, quienes se dedicaban a la <a href=\"http:\/\/es.wikipedia.org\/wiki\/Pesca\" title=\"Pesca\"><span style=\"color: black\">pesca<\/span><\/a>, caza y recolecci\u00f3n de frutos.<o:p><\/o:p><\/span><\/p>\n<p style=\"background: white; text-align: justify\"><span style=\"font-size: 11pt; color: black; font-family: Arial\"><\/span><\/p>\n<p><span style=\"font-size: 11pt; color: black; font-family: Arial\">La <a href=\"http:\/\/es.wikipedia.org\/wiki\/Cultura\" title=\"Cultura\"><span style=\"color: black\">cultura<\/span><\/a> <a href=\"http:\/\/es.wikipedia.org\/wiki\/Otom%C3%AD\" title=\"Otom\u00ed\"><span style=\"color: black\">Otom\u00ed<\/span><\/a> es considerada por los investigadores como una de las culturas m\u00e1s antiguas de <st1:personname ProductID=\"la Altiplanicie\" w:st=\"on\">la Altiplanicie<\/st1:personname> y una de las m\u00e1s importantes de M\u00e9xico. <o:p><\/o:p><\/span><\/p>\n<p style=\"background: white; text-align: justify\"><span style=\"font-size: 11pt; color: black; font-family: Arial\"><\/span><\/p>\n<p><span style=\"font-size: 11pt; color: black; font-family: Arial\">Los Otom\u00edes, despu\u00e9s de haber cultivado masivamente el <a href=\"http:\/\/es.wikipedia.org\/wiki\/Ma%C3%ADz\" title=\"Ma\u00edz\"><span style=\"color: black\">ma\u00edz<\/span><\/a>, el <a href=\"http:\/\/es.wikipedia.org\/wiki\/Frijol\" title=\"Frijol\"><span style=\"color: black\">frijol<\/span><\/a>, la <a href=\"http:\/\/es.wikipedia.org\/wiki\/Calabaza\" title=\"Calabaza\"><span style=\"color: black\">calabaza<\/span><\/a> y el <a href=\"http:\/\/es.wikipedia.org\/wiki\/Maguey\" title=\"Maguey\"><span style=\"color: black\">maguey<\/span><\/a>, se agruparon en la regi\u00f3n en torno al cerro Techimacit, hoy Barrio de <st1:personname ProductID=\"la Cruz\" w:st=\"on\">la Cruz<\/st1:personname>; por la ca\u00f1ada que forma el lecho del r\u00edo.<o:p><\/o:p><\/span><\/p>\n<p style=\"background: white; text-align: justify\"><span style=\"font-size: 11pt; color: black; font-family: Arial\"><\/span><\/p>\n<p><span style=\"font-size: 11pt; color: black; font-family: Arial\">Construyeron sus casas formando el poblado que llamaron <a href=\"http:\/\/es.wikipedia.org\/w\/index.php?title=Iztacchichi&amp;action=edit&amp;redlink=1\" title=\"Iztacchichi (a\u00fan no redactado)\"><span style=\"color: black\">Iztacchichi<\/span><\/a> \u2013 Mecapan, que significa tierra blanca de Chichimecas, cuyo cacique era Mexici.<o:p><\/o:p><\/span><span style=\"font-size: 11pt; color: black; font-family: Arial\"><o:p>\u00a0<\/o:p><\/span><\/p>\n<p style=\"background: white; text-align: justify\"><span style=\"font-size: 11pt; color: black; font-family: Arial\"><\/span><\/p>\n<p><span style=\"font-size: 11pt; color: black; font-family: Arial\">Cronolog\u00eda hist\u00f3rica del siglo XlX<o:p><\/o:p><\/span><\/p>\n<p style=\"background: white; text-align: justify\"><st1:personname ProductID=\"la Guerra\" w:st=\"on\"><span style=\"font-size: 11pt; color: black; font-family: Arial\">\u00a0<\/span><\/st1:personname><\/p>\n<p style=\"background: white; text-align: justify\"><st1:personname ProductID=\"la Guerra\" w:st=\"on\"><span style=\"font-size: 11pt; color: black; font-family: Arial\">\u00a0<\/span><\/st1:personname><\/p>\n<p><st1:personname ProductID=\"la Guerra\" w:st=\"on\"><span style=\"font-size: 11pt; color: black; font-family: Arial\">La Guerra<\/span><\/st1:personname><span style=\"font-size: 11pt; color: black; font-family: Arial\"> de Independencia:<o:p><\/o:p><\/span><\/p>\n<p style=\"background: white; text-align: justify\"><span style=\"font-size: 11pt; color: black; font-family: Arial\"><\/span><\/p>\n<p style=\"background: white; text-align: justify\"><span style=\"font-size: 11pt; color: black; font-family: Arial\"><\/span><\/p>\n<p><span style=\"font-size: 11pt; color: black; font-family: Arial\">Durante el per\u00edodo de <st1:personname ProductID=\"la Guerra\" w:st=\"on\">la Guerra<\/st1:personname> de <a href=\"http:\/\/es.wikipedia.org\/wiki\/Independencia\" title=\"Independencia\"><span style=\"color: black\">Independencia<\/span><\/a>, San Juan del R\u00edo constituy\u00f3 un escenario relevante para la causa de la insurgencia nacional, ya que partieron de aqu\u00ed al frente del Ej\u00e9rcito Imperial de las Tres Garant\u00edas y con la asistencia del General <a href=\"http:\/\/es.wikipedia.org\/wiki\/Guadalupe_Victoria\" title=\"Guadalupe Victoria\"><span style=\"color: black\">Guadalupe Victoria<\/span><\/a>, <a href=\"http:\/\/es.wikipedia.org\/wiki\/Anastasio_Bustamante\" title=\"Anastasio Bustamante\"><span style=\"color: black\">Anastasio Bustamante<\/span><\/a> y el General <a href=\"http:\/\/es.wikipedia.org\/w\/index.php?title=Jos%C3%A9_Luis_Quintanar&amp;action=edit&amp;redlink=1\" title=\"Jos\u00e9 Luis Quintanar (a\u00fan no redactado)\"><span style=\"color: black\">Jos\u00e9 Luis Quintanar<\/span><\/a>, entre otros, a la toma de la plaza de <a href=\"http:\/\/es.wikipedia.org\/wiki\/Quer%C3%A9taro\" title=\"Quer\u00e9taro\"><span style=\"color: black\">Quer\u00e9taro<\/span><\/a>. <o:p><\/o:p><\/span><\/p>\n<p style=\"background: white; text-align: justify\"><span style=\"font-size: 11pt; color: black; font-family: Arial\"><\/span><\/p>\n<p style=\"background: white; text-align: justify\"><span style=\"font-size: 11pt; color: black; font-family: Arial\"><\/span><\/p>\n<p><span style=\"font-size: 11pt; color: black; font-family: Arial\">Con fecha <a href=\"http:\/\/es.wikipedia.org\/wiki\/29_de_junio\" title=\"29 de junio\"><span style=\"color: black\">29 de junio<\/span><\/a> de <a href=\"http:\/\/es.wikipedia.org\/wiki\/1821\" title=\"1821\"><span style=\"color: black\">1821<\/span><\/a>, Agust\u00edn de Iturbide emit\u00eda en Quer\u00e9taro un comunicado en el que expresaba<span>\u00a0 <\/span>la conclusi\u00f3n de <st1:personname ProductID=\"la Guerra\" w:st=\"on\">la Guerra<\/st1:personname> de Independencia.<o:p><\/o:p><\/span><\/p>\n<p style=\"background: white; text-align: justify\"><span style=\"font-size: 11pt; color: black; font-family: Arial\"><\/span><\/p>\n<p style=\"background: white; text-align: justify\"><span style=\"font-size: 11pt; color: black; font-family: Arial\"><\/span><\/p>\n<p><span style=\"font-size: 11pt; color: black; font-family: Arial\">El <a href=\"http:\/\/es.wikipedia.org\/wiki\/29_de_noviembre\" title=\"29 de noviembre\"><span style=\"color: black\">29 de noviembre<\/span><\/a> de <a href=\"http:\/\/es.wikipedia.org\/wiki\/1821\" title=\"1821\"><span style=\"color: black\">1821<\/span><\/a> en la plaza de San Juan Bautista se realiz\u00f3 una ceremonia c\u00edvica y popular para proclamar y jurar <st1:personname ProductID=\"la Independencia Nacional.\" w:st=\"on\">la Independencia Nacional.<\/st1:personname> <o:p><\/o:p><\/span><\/p>\n<p style=\"background: white; text-align: justify\"><span style=\"font-size: 11pt; color: black; font-family: Arial\"><\/span><\/p>\n<p style=\"background: white; text-align: justify\"><span style=\"font-size: 11pt; color: black; font-family: Arial\"><\/span><\/p>\n<p><span style=\"font-size: 11pt; color: black; font-family: Arial\">El <a href=\"http:\/\/es.wikipedia.org\/wiki\/27_de_septiembre\" title=\"27 de septiembre\"><span style=\"color: black\">27 de septiembre<\/span><\/a> de <a href=\"http:\/\/es.wikipedia.org\/wiki\/1827\" title=\"1827\"><span style=\"color: black\">1827<\/span><\/a> el ej\u00e9rcito insurgente hac\u00eda su entrada triunfal a la ciudad de M\u00e9xico.<o:p><\/o:p><\/span><\/p>\n<p style=\"background: white; text-align: justify\"><span style=\"font-size: 11pt; color: black; font-family: Arial\"><\/span><\/p>\n<p style=\"background: white; text-align: justify\"><span style=\"font-size: 11pt; color: black; font-family: Arial\"><\/span><\/p>\n<p><span style=\"font-size: 11pt; color: black; font-family: Arial\">Durante los <a href=\"http:\/\/es.wikipedia.org\/wiki\/Siglo_XVIII\" title=\"Siglo XVIII\"><span style=\"color: black\">siglos XVIII<\/span><\/a> y <a href=\"http:\/\/es.wikipedia.org\/wiki\/Siglo_XIX\" title=\"Siglo XIX\"><span style=\"color: black\">XIX<\/span><\/a> las haciendas constituyeron un importante factor del desarrollo econ\u00f3mico y social de San Juan del R\u00edo. Las m\u00e1s importantes fueron: Lira, hoy perteneciente al municipio de Pedro Escobedo, <st1:personname ProductID=\"La Llave\" w:st=\"on\">La Llave<\/st1:personname> y <a href=\"http:\/\/es.wikipedia.org\/wiki\/Galindo\" title=\"Galindo\"><span style=\"color: black\">Galindo<\/span><\/a>.<o:p><\/o:p><\/span><\/p>\n<p style=\"background: white; text-align: justify\"><span style=\"font-size: 11pt; color: black; font-family: Arial\"><\/span><\/p>\n<p><span style=\"font-size: 11pt; color: black; font-family: Arial\">El <a href=\"http:\/\/es.wikipedia.org\/wiki\/5_de_octubre\" title=\"5 de octubre\"><span style=\"color: black\">5 de octubre<\/span><\/a> de <a href=\"http:\/\/es.wikipedia.org\/wiki\/1830\" title=\"1830\"><span style=\"color: black\">1830<\/span><\/a> fue nombrada por el Congreso local: Villa.<o:p><\/o:p><\/span><\/p>\n<p style=\"background: white; text-align: justify\"><span style=\"font-size: 11pt; color: black; font-family: Arial\"><\/span><\/p>\n<p style=\"background: white; text-align: justify\"><span style=\"font-size: 11pt; color: black; font-family: Arial\"><\/span><\/p>\n<p><span style=\"font-size: 11pt; color: black; font-family: Arial\">Para <a href=\"http:\/\/es.wikipedia.org\/wiki\/1847\" title=\"1847\"><span style=\"color: black\">1847<\/span><\/a>, el d\u00eda <a href=\"http:\/\/es.wikipedia.org\/wiki\/3_de_abril\" title=\"3 de abril\"><span style=\"color: black\">3 de abril<\/span><\/a> y en el marco de la <a href=\"http:\/\/es.wikipedia.org\/wiki\/Guerra\" title=\"Guerra\"><span style=\"color: black\">guerra<\/span><\/a> entre M\u00e9xico y los Estados Unidos de Norteam\u00e9rica, el gobierno del Estado, declar\u00f3 al distrito de San Juan del R\u00edo como ciudad.<o:p><\/o:p><\/span><\/p>\n<p style=\"background: white; text-align: justify\"><span style=\"font-size: 11pt; color: black; font-family: Arial\"><\/span><\/p>\n<p><span style=\"font-size: 11pt; color: black; font-family: Arial\">Hacia <a href=\"http:\/\/es.wikipedia.org\/wiki\/1855\" title=\"1855\"><span style=\"color: black\">1855<\/span><\/a>, la industria y el comercio tuvieron un importante impulso. <o:p><\/o:p><\/span><\/p>\n<p style=\"background: white; text-align: justify\"><span style=\"font-size: 11pt; color: black; font-family: Arial\"><\/span><\/p>\n<p><span style=\"font-size: 11pt; color: black; font-family: Arial\"><a href=\"http:\/\/es.wikipedia.org\/wiki\/Barber%C3%ADa\" title=\"Barber\u00eda\"><span style=\"color: black\">Barber\u00edas<\/span><\/a>, <a href=\"http:\/\/es.wikipedia.org\/wiki\/Carpinter%C3%ADa\" title=\"Carpinter\u00eda\"><span style=\"color: black\">carpinter\u00edas<\/span><\/a>, coheter\u00edas, curtidur\u00edas, f\u00e1bricas de <a href=\"http:\/\/es.wikipedia.org\/wiki\/Cerveza\" title=\"Cerveza\"><span style=\"color: black\">cervezas<\/span><\/a>, <a href=\"http:\/\/es.wikipedia.org\/wiki\/Herrer%C3%ADa\" title=\"Herrer\u00eda\"><span style=\"color: black\">herrer\u00edas<\/span><\/a>, molino de trigo, pailas de jab\u00f3n, trapiches de <a href=\"http:\/\/es.wikipedia.org\/wiki\/Algod%C3%B3n\" title=\"Algod\u00f3n\"><span style=\"color: black\">algod\u00f3n<\/span><\/a>, <a href=\"http:\/\/es.wikipedia.org\/wiki\/Panader%C3%ADa\" title=\"Panader\u00eda\"><span style=\"color: black\">panader\u00edas<\/span><\/a>, plater\u00edas, talleres de pintura, sastrer\u00edas, sombrerer\u00edas, talabarter\u00edas, telares de <a href=\"http:\/\/es.wikipedia.org\/wiki\/Lana\" title=\"Lana\"><span style=\"color: black\">lana<\/span><\/a> y de <a href=\"http:\/\/es.wikipedia.org\/wiki\/Manta\" title=\"Manta\"><span style=\"color: black\">manta<\/span><\/a>, talleres de rebozos, zapater\u00edas y fuster\u00edas.<o:p><\/o:p><\/span><\/p>\n<p style=\"background: white; text-align: justify\"><span style=\"font-size: 11pt; color: black; font-family: Arial\"><\/span><\/p>\n<p><span style=\"font-size: 11pt; color: black; font-family: Arial\">En este per\u00edodo, el desarrollo urbano de San Juan del R\u00edo se caracteriz\u00f3 por la construcci\u00f3n y ampliaci\u00f3n de <a href=\"http:\/\/es.wikipedia.org\/wiki\/Templo\" title=\"Templo\"><span style=\"color: black\">templos<\/span><\/a>, <a href=\"http:\/\/es.wikipedia.org\/wiki\/Puente\" title=\"Puente\"><span style=\"color: black\">puentes<\/span><\/a>, <a href=\"http:\/\/es.wikipedia.org\/wiki\/Calle\" title=\"Calle\"><span style=\"color: black\">calles<\/span><\/a> y casas se\u00f1oriales.<o:p><\/o:p><\/span><\/p>\n<p style=\"background: white; text-align: justify\"><span style=\"font-size: 11pt; color: black; font-family: Arial\"><\/span><\/p>\n<p><span style=\"font-size: 11pt; color: black; font-family: Arial\">En <a href=\"http:\/\/es.wikipedia.org\/wiki\/1863\" title=\"1863\"><span style=\"color: black\">1863<\/span><\/a> Don Benito Ju\u00e1rez<span>\u00a0 <\/span>en su huida a San Luis Potos\u00ed, pernoct\u00f3 en San Juan del R\u00edo.<o:p><\/o:p><\/span><\/p>\n<p style=\"background: white; text-align: justify\"><span style=\"font-size: 11pt; color: black; font-family: Arial\"><\/span><\/p>\n<p><span style=\"font-size: 11pt; color: black; font-family: Arial\">En <a href=\"http:\/\/es.wikipedia.org\/wiki\/1867\" title=\"1867\"><span style=\"color: black\">1867<\/span><\/a>, el emperador <a href=\"http:\/\/es.wikipedia.org\/wiki\/Maximiliano_de_Habsburgo\" title=\"Maximiliano de Habsburgo\"><span style=\"color: black\">Maximiliano de Habsburgo<\/span><\/a> lanz\u00f3 en esta ciudad una de sus \u00faltimas proclamas, en la cual exhortaba a la poblaci\u00f3n a defender \u201c<st1:personname ProductID=\"la Independencia\" w:st=\"on\">la Independencia<\/st1:personname> y el orden interior\u201d del pa\u00eds. <o:p><\/o:p><\/span><\/p>\n<p style=\"background: white; text-align: justify\"><span style=\"font-size: 11pt; color: black; font-family: Arial\"><\/span><\/p>\n<p><span style=\"font-size: 11pt; color: black; font-family: Arial\">En la \u00faltima d\u00e9cada del <a href=\"http:\/\/es.wikipedia.org\/wiki\/Siglo_XIX\" title=\"Siglo XIX\"><span style=\"color: black\">siglo XIX<\/span><\/a> en San Juan del R\u00edo se tendi\u00f3 la v\u00eda del Ferrocarril Nacional Mexicano y, a\u00f1os m\u00e1s tarde, la \u201cCasa Redonda\u201d para la reparaci\u00f3n de m\u00e1quinas de vapor.<o:p><\/o:p><\/span><\/p>\n<p style=\"background: white; text-align: justify\"><span style=\"font-size: 11pt; color: black; font-family: Arial\"><\/span><\/p>\n<p><span style=\"font-size: 11pt; color: black; font-family: Arial\">En <a href=\"http:\/\/es.wikipedia.org\/wiki\/1929\" title=\"1929\"><span style=\"color: black\">1929<\/span><\/a>, San Juan del R\u00edo adquiri\u00f3 la categor\u00eda de municipio.<o:p><\/o:p><\/span><span style=\"font-size: 11pt; color: black; font-family: Arial\"><o:p>\u00a0<\/o:p><\/span><\/p>\n<p style=\"background: white; text-align: justify\"><span style=\"font-size: 11pt; color: black; font-family: Arial\"><\/span><\/p>\n<p><span style=\"font-size: 11pt; color: black; font-family: Arial\">Atractivos:<o:p><\/o:p><\/span><\/p>\n<p style=\"background: white; text-align: justify\"><span style=\"font-size: 11pt; color: black; font-family: Arial\"><\/span><\/p>\n<p><span style=\"font-size: 11pt; color: black; font-family: Arial\">Su zona arqueol\u00f3gica.<o:p><\/o:p><\/span><\/p>\n<p style=\"background: white; text-align: justify\"><span style=\"font-size: 11pt; color: black; font-family: Arial\"><\/span><\/p>\n<p><span style=\"font-size: 11pt; color: black; font-family: Arial\">Su historia nos hunde en una maravillosa fantas\u00eda que data de pueblos prehisp\u00e1nicos.<o:p><\/o:p><\/span><\/p>\n<p style=\"background: white; text-align: justify\"><span style=\"font-size: 11pt; color: black; font-family: Arial\"><span><\/span><\/span><\/p>\n<p><span style=\"font-size: 11pt; color: black; font-family: Arial\"><span>\u00a0<\/span>Se encuentran minas de \u00f3palo, piedras semipreciosas de la regi\u00f3n, de variado colores y espl\u00e9ndida belleza.<o:p><\/o:p><\/span><\/p>\n<p style=\"background: white; text-align: justify\"><span style=\"font-size: 11pt; color: black; font-family: Arial\"><\/span><\/p>\n<p><span style=\"font-size: 11pt; color: black; font-family: Arial\">\u00abEl puente de <st1:personname ProductID=\"la Historia\" w:st=\"on\">la Historia<\/st1:personname>\u00ab, <o:p><\/o:p><\/span><\/p>\n<p style=\"background: white; text-align: justify\"><span style=\"font-size: 11pt; color: black; font-family: Arial\"><\/span><\/p>\n<p><span style=\"font-size: 11pt; color: black; font-family: Arial\">Sus templos y conventos: Hospicio de San Juan de Dios, Beaterio, Templo y hospital de Santo Domingo, Santuario de Guadalupe, Templo de <st1:personname ProductID=\"La Santa Cruz\" w:st=\"on\"><st1:personname ProductID=\"La Santa\" w:st=\"on\">La Santa<\/st1:personname> Cruz<\/st1:personname>, Templo y parroquia de indios.<o:p><\/o:p><\/span><\/p>\n<p style=\"background: white; text-align: justify\"><span style=\"font-size: 11pt; color: black; font-family: Arial\"><\/span><\/p>\n<p><span style=\"font-size: 11pt; color: black; font-family: Arial\">Su Plaza principal<o:p><\/o:p><\/span><\/p>\n<p style=\"background: white; text-align: justify\"><span style=\"font-size: 11pt; color: black; font-family: Arial\"><\/span><\/p>\n<p><span style=\"font-size: 11pt; color: black; font-family: Arial\">Su templo parroquial y el de indios.<o:p><\/o:p><\/span><\/p>\n<p style=\"background: white; text-align: justify\"><span style=\"font-size: 11pt; color: black; font-family: Arial\"><\/span><\/p>\n<p><span style=\"font-size: 11pt; color: black; font-family: Arial\">Unidad Deportiva Oriente \u00abMaquio\u00bb, Parque recreativo Pedregoso, Parque recreativo \u00abPaso de los Guzm\u00e1n\u00bb, Parque \u00abH\u00e9roes de Nacozari\u00bb,\u00bbMuseo de <st1:personname ProductID=\"la Muerte\" w:st=\"on\">la Muerte<\/st1:personname>\u00ab, \u00danico en su g\u00e9nero en el pa\u00eds, Sala \u00abIxtachichimecapan\u00bb, Centro Cultural y de Convenciones \u00abCe. Cu. Co\u00bb, y varias bibliotecas ubicadas en el centro y comunidades de San Juan.<o:p><\/o:p><\/span><a name=\"Ferias_de_San_Juan_del_R.C3.ADo\"><\/a><span style=\"font-size: 11pt; color: black; font-family: Arial\"><o:p>\u00a0<\/o:p><\/span><\/p>\n<p style=\"background: white; text-align: justify\"><span style=\"font-size: 11pt; color: black; font-family: Arial\"><\/span><\/p>\n<p><span style=\"font-size: 11pt; color: black; font-family: Arial\">Las fiestas patronales y <st1:personname ProductID=\"la Feria\" w:st=\"on\">la Feria<\/st1:personname> de San Juan del R\u00edo.<o:p><\/o:p><\/span><\/p>\n<p style=\"background: white; text-align: justify\"><span style=\"font-size: 11pt; color: black; font-family: Arial\"><\/span><\/p>\n<p><span style=\"font-size: 11pt; color: black; font-family: Arial\">San Juan del R\u00edo se fund\u00f3 <a href=\"http:\/\/es.wikipedia.org\/wiki\/24_de_junio\" title=\"24 de junio\"><span style=\"color: black\">24 de junio<\/span><\/a> de <a href=\"http:\/\/es.wikipedia.org\/wiki\/1531\" title=\"1531\"><span style=\"color: black\">1531<\/span><\/a>, d\u00eda de San Juan Bautista, seg\u00fan la tradici\u00f3n.<o:p><\/o:p><\/span><\/p>\n<p style=\"background: white; text-align: justify\"><span style=\"font-size: 11pt; color: black; font-family: Arial\"><\/span><\/p>\n<p><span style=\"font-size: 11pt; color: black; font-family: Arial\">Aunque para algunos autores, como el Dr. Agust\u00edn Ruiz Olloqui la fecha verdadera de la fundaci\u00f3n es el 24 de junio de <a href=\"http:\/\/es.wikipedia.org\/wiki\/1526\" title=\"1526\"><span style=\"color: black\">1526<\/span><\/a>, la cual aparece en un documento<span>\u00a0 <\/span>sobre un asunto de <a href=\"http:\/\/es.wikipedia.org\/wiki\/Agua\" title=\"Agua\"><span style=\"color: black\">aguas<\/span><\/a> y que actualmente permanece en el Archivo Hist\u00f3rico Municipal.<o:p><\/o:p><\/span><\/p>\n<p style=\"background: white; text-align: justify\"><span style=\"font-size: 11pt; color: black; font-family: Arial\"><\/span><\/p>\n<p><span style=\"font-size: 11pt; color: black; font-family: Arial\">Las fiestas de San Juan, no siempre se han celebrado en el mes de <a href=\"http:\/\/es.wikipedia.org\/wiki\/Junio\" title=\"Junio\"><span style=\"color: black\">junio<\/span><\/a>, ya que en un ejemplar de <st1:personname ProductID=\"la Sombra\" w:st=\"on\">la <em>Sombra<\/em><\/st1:personname><em> de Arteaga<\/em> con fecha del <a href=\"http:\/\/es.wikipedia.org\/wiki\/21_de_diciembre\" title=\"21 de diciembre\"><span style=\"color: black\">21 de diciembre<\/span><\/a> de <a href=\"http:\/\/es.wikipedia.org\/wiki\/1878\" title=\"1878\"><span style=\"color: black\">1878<\/span><\/a>, nos relata que las fiestas que se desarrollaron en la ciudad ese a\u00f1o, comenzaron el d\u00eda <a href=\"http:\/\/es.wikipedia.org\/wiki\/11_de_diciembre\" title=\"11 de diciembre\"><span style=\"color: black\">11 de diciembre<\/span><\/a> y concluyeron el d\u00eda 14 del mismo mes, siendo prefecto del distrito el Sr. J. Jes\u00fas Dom\u00ednguez, y parece ser que uno de los principales organizadores fue el Dr. Agust\u00edn Ruiz Olloqui.<o:p><\/o:p><\/span><\/p>\n<p style=\"background: white; text-align: justify\"><span style=\"font-size: 11pt; color: black; font-family: Arial\"><\/span><\/p>\n<p><span style=\"font-size: 11pt; color: black; font-family: Arial\">Es hasta el a\u00f1o de <a href=\"http:\/\/es.wikipedia.org\/wiki\/1891\" title=\"1891\"><span style=\"color: black\">1891<\/span><\/a>, cuando el Lic. T. Melesio Alc\u00e1ntara, diputado local por San Juan del R\u00edo, organiza de una manera m\u00e1s formal las fiestas de San Juan, solicitando a <st1:personname ProductID=\"la H. Legislatura\" w:st=\"on\">la H. Legislatura<\/st1:personname> del Estado el correspondiente permiso para la realizaci\u00f3n de nuestras fiestas.<o:p><\/o:p><\/span><\/p>\n<p style=\"background: white; text-align: justify\"><span style=\"font-size: 11pt; color: black; font-family: Arial\"><\/span><\/p>\n<p><span style=\"font-size: 11pt; color: black; font-family: Arial\">Es as\u00ed como comienzan oficialmente las fiestas de San Juan del R\u00edo, Las primeras celebraciones ten\u00edan como escenario principal el Teatro Hidalgo, hoy convertido en cine sobre la calle de <a href=\"http:\/\/es.wikipedia.org\/wiki\/16_de_septiembre\" title=\"16 de septiembre\"><span style=\"color: black\">16 de septiembre<\/span><\/a>. <o:p><\/o:p><\/span><\/p>\n<p style=\"background: white; text-align: justify\"><span style=\"font-size: 11pt; color: black; font-family: Arial\"><\/span><\/p>\n<p><span style=\"font-size: 11pt; color: black; font-family: Arial\">Relata Don Salvador Barrera que en <a href=\"http:\/\/es.wikipedia.org\/wiki\/1903\" title=\"1903\"><span style=\"color: black\">1903<\/span><\/a>, con motivo de estas fiestas se introdujo el alumbrado el\u00e9ctrico en la ciudad.<o:p><\/o:p><\/span><\/p>\n<p style=\"background: white; text-align: justify\"><span style=\"font-size: 11pt; color: black; font-family: Arial\"><\/span><\/p>\n<p><span style=\"font-size: 11pt; color: black; font-family: Arial\">Desde el primer programa de feria se ten\u00eda contemplado la celebraci\u00f3n de peleas de gallos y corridas de toros, mismas que desde esa \u00e9poca han permitido que nuestras fiestas, cada vez tengan mayor realce. <o:p><\/o:p><\/span><\/p>\n<p style=\"background: white; text-align: justify\"><span style=\"font-size: 11pt; color: black; font-family: Arial\"><\/span><\/p>\n<p><span style=\"font-size: 11pt; color: black; font-family: Arial\">las charreadas formaban parte importante de los mismos festejos debido a que <st1:personname ProductID=\"la Asociaci?n\" w:st=\"on\">la Asociaci\u00f3n<\/st1:personname> de Charros sanjuanense fue la segunda en formarse en <st1:personname ProductID=\"la Rep?blica\" w:st=\"on\">la Rep\u00fablica<\/st1:personname>, en <a href=\"http:\/\/es.wikipedia.org\/wiki\/1912\" title=\"1912\"><span style=\"color: black\">1912<\/span><\/a>.<o:p><\/o:p><\/span><\/p>\n<p style=\"background: white; text-align: justify\"><span style=\"font-size: 11pt; color: black; font-family: Arial\"><\/span><\/p>\n<p><span style=\"font-size: 11pt; color: black; font-family: Arial\">Las fiestas de San Juan, han sido suspendidas en muy pocas ocasiones, como fue durante <st1:personname ProductID=\"la Revoluci?n\" w:st=\"on\">la Revoluci\u00f3n<\/st1:personname> en <a href=\"http:\/\/es.wikipedia.org\/wiki\/1911\" title=\"1911\"><span style=\"color: black\">1911<\/span><\/a>, en <a href=\"http:\/\/es.wikipedia.org\/wiki\/1917\" title=\"1917\"><span style=\"color: black\">1917<\/span><\/a> por motivos de seguridad, en <a href=\"http:\/\/es.wikipedia.org\/wiki\/1918\" title=\"1918\"><span style=\"color: black\">1918<\/span><\/a> con motivo de una epidemia de influencia espa\u00f1ola, y m\u00e1s recientemente en <a href=\"http:\/\/es.wikipedia.org\/wiki\/1967\" title=\"1967\"><span style=\"color: black\">1967<\/span><\/a>.<o:p><\/o:p><\/span><\/p>\n<p style=\"background: white; text-align: justify\"><span style=\"font-size: 11pt; color: black; font-family: Arial\"><\/span><\/p>\n<p><span style=\"font-size: 11pt; color: black; font-family: Arial\">En <a href=\"http:\/\/es.wikipedia.org\/wiki\/1928\" title=\"1928\"><span style=\"color: black\">1928<\/span><\/a>, con motivo de las fiestas patronales, se inaugura <st1:personname ProductID=\"la ???????????????????????????????????????????????????????????????????????????????Plaza\" w:st=\"on\">la <a href=\"http:\/\/es.wikipedia.org\/wiki\/Plaza_de_toros\" title=\"Plaza de toros\"><span style=\"color: black\">Plaza<\/span><span style=\"color: black\"> de toros<\/span><\/a>, Rodolfo Gaona, construida por el Presidente Municipal, Don Jos\u00e9 Serrano. <o:p><\/o:p><\/st1:personname><\/span><\/p>\n<p style=\"background: white; text-align: justify\"><span style=\"font-size: 11pt; color: black; font-family: Arial\"><\/span><\/p>\n<p><span style=\"font-size: 11pt; color: black; font-family: Arial\">Durante los siguientes a\u00f1os se siguieron desarrollando las fiestas en el centro de la ciudad, llev\u00e1ndose inclusive los bailes de la coronaci\u00f3n de la reina en el Sal\u00f3n de Cabildo de <st1:personname ProductID=\"la Presidencia Municipal.\" w:st=\"on\">la Presidencia Municipal.<\/st1:personname><o:p><\/o:p><\/span><\/p>\n<p style=\"background: white; text-align: justify\"><span style=\"font-size: 11pt; color: black; font-family: Arial\"><\/span><\/p>\n<p><span style=\"font-size: 11pt; color: black; font-family: Arial\">Para <a href=\"http:\/\/es.wikipedia.org\/wiki\/1962\" title=\"1962\"><span style=\"color: black\">1962<\/span><\/a>, a iniciativa de Don Jos\u00e9 Manuel Layseca Berm\u00fadez y de Don Francisco Salas, se inici\u00f3 la celebraci\u00f3n dentro de nuestras fiestas, del d\u00eda del campesino, y se tuvo por primera vez la elecci\u00f3n de <st1:personname ProductID=\"la Flor\" w:st=\"on\">la Flor<\/st1:personname> mas Bella del Campo.<o:p><\/o:p><\/span><\/p>\n<p style=\"background: white; text-align: justify\"><span style=\"font-size: 11pt; color: black; font-family: Arial\"><\/span><\/p>\n<p><span style=\"font-size: 11pt; color: black; font-family: Arial\">Menci\u00f3n especial merece el a\u00f1o de <a href=\"http:\/\/es.wikipedia.org\/wiki\/1965\" title=\"1965\"><span style=\"color: black\">1965<\/span><\/a>, en el cual se celebran los primeros Juegos Florales, siendo Presidente Municipal el Lic. Manuel Su\u00e1rez Mu\u00f1oz, en los cuales triunf\u00f3 el Poeta Ernesto Moreno Madruca, con la composici\u00f3n <em>Para invocar tu amor<\/em>, recibiendo <st1:personname ProductID=\"la Flor Natural\" w:st=\"on\">la Flor Natural<\/st1:personname> de manos de S.G.M. Mary Cruz I y fungiendo como mantenedor el Lic. Manuel Montes Collantes, con esto se inici\u00f3 el evento cultural m\u00e1s importante de la ciudad, mismo que congregara a lo largo de su trayectoria, a los m\u00e1s reconocidos poetas y escritores, nacionales, queretanos y sanjuanenses, destacando entre estos \u00faltimos a Don Pablo Cabrera.<o:p><\/o:p><\/span><\/p>\n<p style=\"background: white; text-align: justify\"><span style=\"font-size: 11pt; color: black; font-family: Arial\"><\/span><\/p>\n<p><span style=\"font-size: 11pt; color: black; font-family: Arial\">A partir de <a href=\"http:\/\/es.wikipedia.org\/wiki\/1971\" title=\"1971\"><span style=\"color: black\">1971<\/span><\/a>, la feria qued\u00f3 instalada fuera del centro de la ciudad y fueron diferentes asociaciones de sanjuanenses como <st1:personname ProductID=\"la C?mara\" w:st=\"on\">la C\u00e1mara<\/st1:personname> de Comercio y el Club de Leones, quienes organizaron las fiestas en diferentes fechas. En la d\u00e9cada de los ochentas se ubica el centro de feria en las instalaciones del Centro Cultural y de Convenciones <em>Jos\u00e9 Mar\u00eda Morelos<\/em>, ubicado al sur-oriente de la ciudad, posteriormente se inaugura el Centro Expositor, ubicado en la carretera de San Juan del R\u00edo a <a href=\"http:\/\/es.wikipedia.org\/wiki\/Xilitla\" title=\"Xilitla\"><span style=\"color: black\">Xilitla<\/span><\/a>.<o:p><\/o:p><\/span><\/p>\n<p style=\"background: white; text-align: justify\"><span style=\"font-size: 11pt; color: black; font-family: Arial\"><\/span><\/p>\n<p style=\"background: white; text-align: justify\"><span style=\"font-size: 11pt; color: black; font-family: Arial\">Actualmente la feria de San Juan del R\u00edo tiene gran reconocimiento a nivel estatal y nacional, destacando por su gran organizaci\u00f3n y calidad de programas, as\u00ed como por sus Exposiciones Ganadera, Comercial e Industrial. <\/span><\/p>\n<p style=\"background: white; text-align: justify\"><span style=\"font-size: 11pt; color: black; font-family: Arial\"><\/span><\/p>\n<p><span style=\"font-size: 11pt; color: black; font-family: Arial\">Tambi\u00e9n sobresale por la gran cantidad de eventos culturales que en los \u00faltimos a\u00f1os le han brindado impulso.<o:p><\/o:p><\/span><\/p>\n<p style=\"background: white; text-align: justify\"><span style=\"font-size: 11pt; color: black; font-family: Arial\"><\/span><\/p>\n","protected":false},"excerpt":{"rendered":"<p>San Juan del R\u00edo Paloma \u00bfDe d\u00f3nde vienes? Vengo de San Juan Del R\u00edo\u00a0Si fuera papel volara Si fuera tinta corriera Quisiera ser estampilla Y en este sobre me fuera El asentamiento de grupos humanos mesoamericanos en el Plan de San Juan del R\u00edo que hoy conocemos se realiz\u00f3 hacia el siglo quinto antes de [&hellip;]<\/p>\n","protected":false},"author":249,"featured_media":0,"comment_status":"open","ping_status":"closed","sticky":false,"template":"","format":"standard","meta":{"footnotes":""},"categories":[9,6],"tags":[],"class_list":["post-777","post","type-post","status-publish","format-standard","hentry","category-otros-lugares","category-valles-centrales"],"_links":{"self":[{"href":"http:\/\/eloficiodehistoriar.com.mx\/index.php?rest_route=\/wp\/v2\/posts\/777","targetHints":{"allow":["GET"]}}],"collection":[{"href":"http:\/\/eloficiodehistoriar.com.mx\/index.php?rest_route=\/wp\/v2\/posts"}],"about":[{"href":"http:\/\/eloficiodehistoriar.com.mx\/index.php?rest_route=\/wp\/v2\/types\/post"}],"author":[{"embeddable":true,"href":"http:\/\/eloficiodehistoriar.com.mx\/index.php?rest_route=\/wp\/v2\/users\/249"}],"replies":[{"embeddable":true,"href":"http:\/\/eloficiodehistoriar.com.mx\/index.php?rest_route=%2Fwp%2Fv2%2Fcomments&post=777"}],"version-history":[{"count":0,"href":"http:\/\/eloficiodehistoriar.com.mx\/index.php?rest_route=\/wp\/v2\/posts\/777\/revisions"}],"wp:attachment":[{"href":"http:\/\/eloficiodehistoriar.com.mx\/index.php?rest_route=%2Fwp%2Fv2%2Fmedia&parent=777"}],"wp:term":[{"taxonomy":"category","embeddable":true,"href":"http:\/\/eloficiodehistoriar.com.mx\/index.php?rest_route=%2Fwp%2Fv2%2Fcategories&post=777"},{"taxonomy":"post_tag","embeddable":true,"href":"http:\/\/eloficiodehistoriar.com.mx\/index.php?rest_route=%2Fwp%2Fv2%2Ftags&post=777"}],"curies":[{"name":"wp","href":"https:\/\/api.w.org\/{rel}","templated":true}]}}