{"id":779,"date":"2008-07-28T08:17:34","date_gmt":"2008-07-28T13:17:34","guid":{"rendered":"https:\/\/eloficiodehistoriar.com.mx\/?p=779"},"modified":"2008-07-28T08:17:34","modified_gmt":"2008-07-28T13:17:34","slug":"zona-arqueologica-en-san-juan-del-rio","status":"publish","type":"post","link":"http:\/\/eloficiodehistoriar.com.mx\/?p=779","title":{"rendered":"Zona arqueol\u00f3gica en San Juan del R\u00edo&#8230;"},"content":{"rendered":"<p><span style=\"font-size: 10pt; color: black; font-family: Arial\" lang=\"ES-TRAD\">En San Juan del R\u00edo, Quer\u00e9taro<\/span><span style=\"font-size: 10.5pt; color: black; font-family: Arial\"><o:p><\/o:p><\/span><\/p>\n<p align=\"center\" style=\"text-align: center\"><strong><span style=\"font-size: 10pt; color: black; font-family: Arial\" lang=\"ES-TRAD\"><\/span><\/strong><\/p>\n<p><strong><span style=\"font-size: 10pt; color: black; font-family: Arial\" lang=\"ES-TRAD\">SE RESCATA LA ZONA ARQUEOL\u00d3GICA \u00abCERRO DE LA CRUZ\u00bb<\/span><\/strong><span style=\"font-size: 10.5pt; color: black; font-family: Arial\"><o:p><\/o:p><\/span><\/p>\n<p style=\"text-align: justify\"><span style=\"font-size: 12.5pt; color: black; font-family: Arial\" lang=\"ES-TRAD\"><\/span><\/p>\n<p style=\"text-align: justify\"><span style=\"font-size: 12.5pt; color: black; font-family: Arial\" lang=\"ES-TRAD\"><\/span><\/p>\n<p><span style=\"font-size: 12.5pt; color: black; font-family: Arial\" lang=\"ES-TRAD\">Actualmente se lleva a cabo el rescate arqueol\u00f3gico de una de las zonas m\u00e1s antiguas de la regi\u00f3n de San Juan del R\u00edo. Se trata de dos pir\u00e1mides superpuestas en el Cerro de <st1:personname ProductID=\"la Cruz. Una\" w:st=\"on\">la Cruz. Una<\/st1:personname> de ellas se atribuye a la cultura chup\u00edcuaro, y la otra al periodo epicl\u00e1sico, construida con piedra caliza y algo de cantera en los remates de los tableros.<\/span><span style=\"font-size: 12.5pt; color: black; font-family: Arial\"><o:p><\/o:p><\/span><\/p>\n<p style=\"text-align: justify\"><span style=\"font-size: 12.5pt; color: black; font-family: Arial\" lang=\"ES-TRAD\"><\/span><\/p>\n<p><span style=\"font-size: 12.5pt; color: black; font-family: Arial\" lang=\"ES-TRAD\">Bajo la coordinaci\u00f3n del arque\u00f3logo Juan Carlos Saint-Charles, los trabajos de liberaci\u00f3n y consolidaci\u00f3n empezaron desde febrero del 2000 en una zona afectada por construcciones de pobladores actuales. El camino de entrada al cerro y sus bardas data de los a\u00f1os cuarenta y seg\u00fan Saint-Charles, se puede pensar que fueron construidos con la piedra de los asentamientos originales de la pir\u00e1mide, lo mismo que una capilla que data de los mismos a\u00f1os y que se alz\u00f3 en lo que parece fue la plaza principal del sitio.<\/span><span style=\"font-size: 12.5pt; color: black; font-family: Arial\"><o:p><\/o:p><\/span><\/p>\n<p style=\"text-align: justify\"><span style=\"font-size: 12.5pt; color: black; font-family: Arial\" lang=\"ES-TRAD\"><\/span><\/p>\n<p><span style=\"font-size: 12.5pt; color: black; font-family: Arial\" lang=\"ES-TRAD\">El lugar fue sido un centro ceremonial desde la \u00e9poca prehisp\u00e1nica y m\u00e1s recientemente un lugar de culto cat\u00f3lico y de fiestas populares, sobre todo en El Calvarito asentado sobre la pir\u00e1mide, que data de 1679 y 1739, de acuerdo a placas originales en el mont\u00edculo.<\/span><span style=\"font-size: 12.5pt; color: black; font-family: Arial\"><o:p><\/o:p><\/span><\/p>\n<p style=\"text-align: justify\"><span style=\"font-size: 12.5pt; color: black; font-family: Arial\" lang=\"ES-TRAD\"><\/span><\/p>\n<p><span style=\"font-size: 12.5pt; color: black; font-family: Arial\" lang=\"ES-TRAD\">El proyecto est\u00e1 planteado por lo menos para 5 a\u00f1os en trabajos de reconstrucci\u00f3n y de ello habla en entrevista Juan Carlos Saint Charles: \u00abEl lugar es uno de los m\u00e1s antiguos detectados en Quer\u00e9taro, sobre todo en la parte de los valles, y uno de los primeros asentamientos agr\u00edcolas. Estamos hablando de 500 a\u00f1os antes de Cristo. El estudio de esta zona es relevante porque nos permite conocer la din\u00e1mica mesoamericana en la regi\u00f3n, y su proceso de desarrollo en los diferentes momentos hist\u00f3ricos.<\/span><span style=\"font-size: 12.5pt; color: black; font-family: Arial\"><o:p><\/o:p><\/span><\/p>\n<p style=\"text-align: justify\"><span style=\"font-size: 12.5pt; color: black; font-family: Arial\" lang=\"ES-TRAD\"><\/span><\/p>\n<p><span style=\"font-size: 12.5pt; color: black; font-family: Arial\" lang=\"ES-TRAD\">\u00abHemos detectado, una secuencia de ocupaci\u00f3n que viene desde el a\u00f1o 900 o 1000 d.C. En el periodo formativo su situaci\u00f3n geogr\u00e1fica se ubicaba en los l\u00edmites de la frontera mesoamericana. Durante el periodo cl\u00e1sico (auge de Teotihuacan) la regi\u00f3n qued\u00f3 inmersa en ese \u00e1mbito y posteriormente San Juan del R\u00edo volvi\u00f3 a caer en los l\u00edmites fronterizos\u00bb.<\/span><span style=\"font-size: 12.5pt; color: black; font-family: Arial\"><o:p><\/o:p><\/span><\/p>\n<p style=\"text-align: justify\"><span style=\"font-size: 12.5pt; color: black; font-family: Arial\" lang=\"ES-TRAD\"><\/span><\/p>\n<p><span style=\"font-size: 12.5pt; color: black; font-family: Arial\" lang=\"ES-TRAD\">Ultimos hallazgos en el Museo de la Muerte de San Juan del R\u00edo<\/span><span style=\"font-size: 12.5pt; color: black; font-family: Arial\"><o:p><\/o:p><\/span><\/p>\n<p style=\"text-align: justify\"><span style=\"font-size: 12.5pt; color: black; font-family: Arial\" lang=\"ES-TRAD\"><\/span><\/p>\n<p><span style=\"font-size: 12.5pt; color: black; font-family: Arial\" lang=\"ES-TRAD\">Sobre los trabajos precedentes en la zona, Saint Charles explic\u00f3 que las investigaciones en este sitio y sus alrededores comenzaron a mediados de los a\u00f1os setentas. \u00abEl arque\u00f3logo Enrique Nalda fue uno de los primeros en hacer estudios sistem\u00e1ticos en la regi\u00f3n, y quien realiz\u00f3 reconocimientos de superficie. A trav\u00e9s de los a\u00f1os, ha habido una serie de rescates arqueol\u00f3gicos principalmente entre los caser\u00edos del barrio que creci\u00f3 en las faldas del cerro, donde se ha recuperado informaci\u00f3n de los diferentes momentos de ocupaci\u00f3n\u00bb.<\/span><span style=\"font-size: 12.5pt; color: black; font-family: Arial\"><o:p><\/o:p><\/span><\/p>\n<p style=\"text-align: justify\"><span style=\"font-size: 12.5pt; color: black; font-family: Arial\" lang=\"ES-TRAD\"><\/span><\/p>\n<p><span style=\"font-size: 12.5pt; color: black; font-family: Arial\" lang=\"ES-TRAD\">El arque\u00f3logo precis\u00f3 que en el Cerro de la Cruz se realizan labores de conservaci\u00f3n, lo que implica la liberaci\u00f3n, la restauraci\u00f3n y la consolidaci\u00f3n del edificio principal. Tambi\u00e9n se han hecho pruebas para la conservaci\u00f3n de pisos. En siguientes etapas del proyecto, se continuar\u00e1 con las plataformas y otros edificios que tenemos detectados, lo mismo que con la calzada perimetral del cerro que tambi\u00e9n est\u00e1 por estudiarse, as\u00ed como los petrograbados que se han localizado en ella.<\/span><span style=\"font-size: 12.5pt; color: black; font-family: Arial\"><o:p><\/o:p><\/span><\/p>\n<p style=\"text-align: justify\"><span style=\"font-size: 12.5pt; color: black; font-family: Arial\" lang=\"ES-TRAD\"><\/span><\/p>\n<p><span style=\"font-size: 12.5pt; color: black; font-family: Arial\" lang=\"ES-TRAD\">La investigaci\u00f3n est\u00e1 enfocada a conocer cu\u00e1l era la din\u00e1mica cultural interna en el sitio y hacia el exterior. Toda la etapa de poblamiento y repoblamiento es nuestra l\u00ednea de investigaci\u00f3n fundamental, lo mismo que la investigaci\u00f3n sobre las fronteras de los diferentes momentos hist\u00f3ricos, sobre todo en el complejo periodo epicl\u00e1sico.<\/span><span style=\"font-size: 12.5pt; color: black; font-family: Arial\"><o:p><\/o:p><\/span><\/p>\n<p style=\"text-align: justify\"><span style=\"font-size: 12.5pt; color: black; font-family: Arial\" lang=\"ES-TRAD\"><\/span><\/p>\n<p><span style=\"font-size: 12.5pt; color: black; font-family: Arial\" lang=\"ES-TRAD\">Tenemos numerosos materiales, adem\u00e1s de los de chup\u00edcuaro, para el momento m\u00e1s temprano. En esta \u00faltima temporada de excavaci\u00f3n, dijo Juan Carlos Saint Charles, localizamos materiales afines a Tula pero en su fase previa al gran desarrollo tolteca. Nos queda por investigar qu\u00e9 pas\u00f3 en este sitio durante el periodo cl\u00e1sico en que domina la cultura teotihuacana. Aqu\u00ed a siete kil\u00f3metros tenemos un sitio con evidencias teotihuacanas, aclar\u00f3, pero en el Cerro de la Cruz no existen hasta el momento.<\/span><span style=\"font-size: 12.5pt; color: black; font-family: Arial\"><o:p><\/o:p><\/span><\/p>\n<p style=\"text-align: justify\"><span style=\"font-size: 12.5pt; color: black; font-family: Arial\" lang=\"ES-TRAD\"><\/span><\/p>\n<p><span style=\"font-size: 12.5pt; color: black; font-family: Arial\" lang=\"ES-TRAD\">\u00abEs una zona bastante rica en todos los sentidos. Aqu\u00ed est\u00e1 enterrado y casi estoy seguro que intacto, todo lo que fue la cultura chup\u00edcuaro, porque la gente que ocup\u00f3 el lugar despu\u00e9s de ellos, no destruy\u00f3 los edificios. El sitio fue rellenado con piedra y lodo de baba de nopal, para construir arriba con un nuevo patr\u00f3n arquitect\u00f3nico en el periodo epicl\u00e1sico. Se pueden apreciar los recubrimientos originales en lo que se ha consolidado de los taludes de las dos pir\u00e1mides\u00bb.<\/span><span style=\"font-size: 12.5pt; color: black; font-family: Arial\"><o:p><\/o:p><\/span><\/p>\n<p style=\"text-align: justify\"><span style=\"font-size: 12.5pt; color: black; font-family: Arial\" lang=\"ES-TRAD\"><\/span><\/p>\n<p><span style=\"font-size: 12.5pt; color: black; font-family: Arial\" lang=\"ES-TRAD\">A finales del a\u00f1o 2000 se termin\u00f3 con la primera etapa del proyecto que consisti\u00f3 en la liberaci\u00f3n y consolidaci\u00f3n del basamento piramidal y de las caras sur y norte. En la siguiente etapa se trabajar\u00e1n las otras dos caras y en los pr\u00f3ximos a\u00f1os se liberar\u00e1n otros edificios y plataformas localizados.<\/span><span style=\"font-size: 12.5pt; color: black; font-family: Arial\"><o:p><\/o:p><\/span><\/p>\n<p style=\"text-align: justify\"><span style=\"font-size: 12.5pt; color: black; font-family: Arial\" lang=\"ES-TRAD\"><\/span><\/p>\n<p><span style=\"font-size: 12.5pt; color: black; font-family: Arial\" lang=\"ES-TRAD\">Acerca de los hallazgos en las excavaciones Saint Charles dijo que se han encontrado muchos entierros con sus ofrendas; piezas con excelente calidad de manufactura. Algunos son chup\u00edcuraro, pero la mayor\u00eda parecen ser del periodo epicl\u00e1sico.<\/span><span style=\"font-size: 12.5pt; color: black; font-family: Arial\"><o:p><\/o:p><\/span><\/p>\n<p style=\"text-align: justify\"><span style=\"font-family: Arial\" lang=\"ES-TRAD\"><\/span><\/p>\n<p><span style=\"font-family: Arial\" lang=\"ES-TRAD\">En la gran cantidad de entierros, diferentes en un mismo momento de varios grupos que ocuparon el sitio, se han encontrado cr\u00e1neos mutilados de la \u00e9poca chup\u00edcuaro que se exhiben actualmente en el Museo de la Muerte de San Juan del R\u00edo. Algunos entierros casi a flor de tierra, en el lado sur de la pir\u00e1mide, pertenecen a ni\u00f1os, lo que indica que el sitio siempre ha sido un lugar de culto y que son de la \u00e9poca de contacto con la cultura europea, cuando el sitio ya estaba en ruinas.<\/span><span style=\"font-size: 12.5pt; color: black; font-family: Arial\"><o:p><\/o:p><\/span><\/p>\n","protected":false},"excerpt":{"rendered":"<p>En San Juan del R\u00edo, Quer\u00e9taro SE RESCATA LA ZONA ARQUEOL\u00d3GICA \u00abCERRO DE LA CRUZ\u00bb Actualmente se lleva a cabo el rescate arqueol\u00f3gico de una de las zonas m\u00e1s antiguas de la regi\u00f3n de San Juan del R\u00edo. Se trata de dos pir\u00e1mides superpuestas en el Cerro de la Cruz. Una de ellas se atribuye [&hellip;]<\/p>\n","protected":false},"author":249,"featured_media":0,"comment_status":"open","ping_status":"closed","sticky":false,"template":"","format":"standard","meta":{"footnotes":""},"categories":[9,7,6],"tags":[],"class_list":["post-779","post","type-post","status-publish","format-standard","hentry","category-otros-lugares","category-queretaro-pre-hispanico","category-valles-centrales"],"_links":{"self":[{"href":"http:\/\/eloficiodehistoriar.com.mx\/index.php?rest_route=\/wp\/v2\/posts\/779","targetHints":{"allow":["GET"]}}],"collection":[{"href":"http:\/\/eloficiodehistoriar.com.mx\/index.php?rest_route=\/wp\/v2\/posts"}],"about":[{"href":"http:\/\/eloficiodehistoriar.com.mx\/index.php?rest_route=\/wp\/v2\/types\/post"}],"author":[{"embeddable":true,"href":"http:\/\/eloficiodehistoriar.com.mx\/index.php?rest_route=\/wp\/v2\/users\/249"}],"replies":[{"embeddable":true,"href":"http:\/\/eloficiodehistoriar.com.mx\/index.php?rest_route=%2Fwp%2Fv2%2Fcomments&post=779"}],"version-history":[{"count":0,"href":"http:\/\/eloficiodehistoriar.com.mx\/index.php?rest_route=\/wp\/v2\/posts\/779\/revisions"}],"wp:attachment":[{"href":"http:\/\/eloficiodehistoriar.com.mx\/index.php?rest_route=%2Fwp%2Fv2%2Fmedia&parent=779"}],"wp:term":[{"taxonomy":"category","embeddable":true,"href":"http:\/\/eloficiodehistoriar.com.mx\/index.php?rest_route=%2Fwp%2Fv2%2Fcategories&post=779"},{"taxonomy":"post_tag","embeddable":true,"href":"http:\/\/eloficiodehistoriar.com.mx\/index.php?rest_route=%2Fwp%2Fv2%2Ftags&post=779"}],"curies":[{"name":"wp","href":"https:\/\/api.w.org\/{rel}","templated":true}]}}