{"id":780,"date":"2008-07-28T08:29:44","date_gmt":"2008-07-28T13:29:44","guid":{"rendered":"https:\/\/eloficiodehistoriar.com.mx\/?p=780"},"modified":"2008-07-28T08:30:16","modified_gmt":"2008-07-28T13:30:16","slug":"siempre-es-tiempo-de-recordar","status":"publish","type":"post","link":"http:\/\/eloficiodehistoriar.com.mx\/?p=780","title":{"rendered":"Siempre es tiempo de recordar&#8230;"},"content":{"rendered":"<p><span style=\"font-size: 22pt; font-family: Arial\">Heber A. F\u00e9lix Zavala. <\/span><\/p>\n<p><span style=\"font-size: 22pt; font-family: Arial\"><\/span><\/p>\n<p><span style=\"font-size: 22pt; font-family: Arial\"><\/span><\/p>\n<p><span style=\"font-size: 22pt; font-family: Arial\"><\/span><\/p>\n<p><span style=\"font-size: 22pt; font-family: Arial\"><\/span><\/p>\n<p><span style=\"font-size: 22pt; font-family: Arial\">In Memoriam<o:p><\/o:p><\/span><span style=\"font-family: Arial\"><o:p>\u00a0<\/o:p><\/span><span style=\"font-family: Arial\"><o:p>\u00a0<\/o:p><\/span><\/p>\n<p style=\"margin: 0cm 0cm 0pt\" class=\"MsoNormal\"><span style=\"font-family: Arial\"><span><\/span><\/span><\/p>\n<p><span style=\"font-family: Arial\"><span>\u00a0<\/span>Un recuerdo del andar en bicicleta comenzado en 1950 y platicado en nuestros d\u00edas por quienes fueron ni\u00f1os en esos a\u00f1os de un Quer\u00e9taro que comenzaba a crecer.<o:p><\/o:p><\/span><span style=\"font-family: Arial\"><o:p>\u00a0<\/o:p><\/span><\/p>\n<p style=\"margin: 0cm 0cm 0pt; text-align: justify\" class=\"MsoNormal\"><span style=\"font-family: Arial\"><\/span><\/p>\n<p><span style=\"font-family: Arial\">Este 16 pasado de marzo se cumplen tres a\u00f1os de la muerte del joven empresario Heber A. F\u00e9lix Zavala, promotor desde <st1:personname ProductID=\"la CANACO\" w:st=\"on\">la CANACO<\/st1:personname> de la cr\u00f3nica del comercio en esta ciudad con un libro publicado por esa instituci\u00f3n, del deporte llev\u00f3 al profesionalismo el ciclismo Queretano y apoy\u00f3 este deporte, en sus ramas amateur, adem\u00e1s de lograr un alto grado de desarrollo una empresa netamente queretana, nacida hace 57 a\u00f1os en <st1:personname ProductID=\"la Calzada Zaragoza\" w:st=\"on\"><st1:personname ProductID=\"la Calzada\" w:st=\"on\">la Calzada<\/st1:personname> Zaragoza<\/st1:personname> n\u00famero 47 frente a <st1:personname ProductID=\"la Alameda\" w:st=\"on\">la Alameda<\/st1:personname>, donde varias generaciones cuentan sus aventuras de infancia<span>\u00a0 <\/span>en su \u201candar en bicicleta\u201d por las entre calles de <st1:personname ProductID=\"la Alameda\" w:st=\"on\">la Alameda<\/st1:personname> y ser llamado El m\u00e1s joven de una tradici\u00f3n queretana.<o:p><\/o:p><\/span><span style=\"font-family: Arial\"><o:p>\u00a0<\/o:p><\/span><\/p>\n<p style=\"margin: 0cm 0cm 0pt; text-align: justify\" class=\"MsoNormal\"><span style=\"font-family: Arial\"><\/span><\/p>\n<p><span style=\"font-family: Arial\">Distinguido por el expansionismo de un servicio que<span>\u00a0 <\/span>comenzara modestamente pero que enraiz\u00f3 por su estilo y tipo de servicio a una comunidad que hizo de <st1:personname ProductID=\"la Alameda\" w:st=\"on\">la Alameda<\/st1:personname> el centro de diversi\u00f3n donde las clases sociales se mezclaban entre vendedores de golosinas y globos para andar en bicicleta al modernizarse nos dej\u00f3 de tener un sentido de servicio social, como primera ganancia.<o:p><\/o:p><\/span><span style=\"font-family: Arial\"><o:p>\u00a0<\/o:p><\/span><\/p>\n<p style=\"margin: 0cm 0cm 0pt; text-align: justify\" class=\"MsoNormal\"><span style=\"font-family: Arial\"><\/span><\/p>\n<p><span style=\"font-family: Arial\">Las an\u00e9cdotas de esta diversi\u00f3n tra\u00edda a Quer\u00e9taro por Don Jos\u00e9 F\u00e9lix Maga\u00f1a y expandida en varias ciudades del pa\u00eds, continuada en Quer\u00e9taro por Heber F\u00e9lix Zavala.<o:p><\/o:p><\/span><span style=\"font-family: Arial\"><o:p>\u00a0<\/o:p><\/span><\/p>\n<p style=\"margin: 0cm 0cm 0pt; text-align: justify\" class=\"MsoNormal\"><span style=\"font-family: Arial\"><\/span><\/p>\n<p><span style=\"font-family: Arial\">Los pol\u00edticos, los empresarios, los ciclistas, los ni\u00f1os, los deportistas en general, su numerosa clientela, fueron sus amigos de este economista egresado de <st1:personname ProductID=\"la Universidad Aut?noma\" w:st=\"on\"><st1:personname ProductID=\"la Universidad\" w:st=\"on\">la Universidad<\/st1:personname> Aut\u00f3noma<\/st1:personname> de Guadalajara, formado de ni\u00f1o a joven en el Instituto Queretano \u201cSan Javier\u201d, d\u00e9cimo de una familia de 10 hermanos y que nos abandonara de manera temprana pero con logros y esp\u00edritu de servicio bien documentados.<o:p><\/o:p><\/span><\/p>\n","protected":false},"excerpt":{"rendered":"<p>Heber A. F\u00e9lix Zavala. In Memoriam\u00a0\u00a0 \u00a0Un recuerdo del andar en bicicleta comenzado en 1950 y platicado en nuestros d\u00edas por quienes fueron ni\u00f1os en esos a\u00f1os de un Quer\u00e9taro que comenzaba a crecer.\u00a0 Este 16 pasado de marzo se cumplen tres a\u00f1os de la muerte del joven empresario Heber A. F\u00e9lix Zavala, promotor desde [&hellip;]<\/p>\n","protected":false},"author":249,"featured_media":0,"comment_status":"open","ping_status":"closed","sticky":false,"template":"","format":"standard","meta":{"footnotes":""},"categories":[26],"tags":[],"class_list":["post-780","post","type-post","status-publish","format-standard","hentry","category-mundo"],"_links":{"self":[{"href":"http:\/\/eloficiodehistoriar.com.mx\/index.php?rest_route=\/wp\/v2\/posts\/780","targetHints":{"allow":["GET"]}}],"collection":[{"href":"http:\/\/eloficiodehistoriar.com.mx\/index.php?rest_route=\/wp\/v2\/posts"}],"about":[{"href":"http:\/\/eloficiodehistoriar.com.mx\/index.php?rest_route=\/wp\/v2\/types\/post"}],"author":[{"embeddable":true,"href":"http:\/\/eloficiodehistoriar.com.mx\/index.php?rest_route=\/wp\/v2\/users\/249"}],"replies":[{"embeddable":true,"href":"http:\/\/eloficiodehistoriar.com.mx\/index.php?rest_route=%2Fwp%2Fv2%2Fcomments&post=780"}],"version-history":[{"count":0,"href":"http:\/\/eloficiodehistoriar.com.mx\/index.php?rest_route=\/wp\/v2\/posts\/780\/revisions"}],"wp:attachment":[{"href":"http:\/\/eloficiodehistoriar.com.mx\/index.php?rest_route=%2Fwp%2Fv2%2Fmedia&parent=780"}],"wp:term":[{"taxonomy":"category","embeddable":true,"href":"http:\/\/eloficiodehistoriar.com.mx\/index.php?rest_route=%2Fwp%2Fv2%2Fcategories&post=780"},{"taxonomy":"post_tag","embeddable":true,"href":"http:\/\/eloficiodehistoriar.com.mx\/index.php?rest_route=%2Fwp%2Fv2%2Ftags&post=780"}],"curies":[{"name":"wp","href":"https:\/\/api.w.org\/{rel}","templated":true}]}}