{"id":7811,"date":"2011-03-04T07:57:48","date_gmt":"2011-03-04T13:57:48","guid":{"rendered":"https:\/\/eloficiodehistoriar.com.mx\/?p=7811"},"modified":"2011-03-04T07:57:48","modified_gmt":"2011-03-04T13:57:48","slug":"mientras-los-indigenas-crean-alternativas-de-vida-los-empresarios-los-quieren-despojar","status":"publish","type":"post","link":"http:\/\/eloficiodehistoriar.com.mx\/?p=7811","title":{"rendered":"Mientras los ind\u00edgenas crean alternativas de vida, los empresarios los quieren despojar"},"content":{"rendered":"<p>A quince a\u00f1os (Febrero de 1996) de la firma e incumplimiento oficial de los Acuerdos de San Andr\u00e9s<br \/>\ny a veinte a\u00f1os de que el gobierno mexicano ratific\u00f3 el Convenio 169 de la OIT, los Pueblos<br \/>\nind\u00edgenas en Chiapas est\u00e1n generando alternativas de vida desde su cosmovisi\u00f3n de Pueblos<br \/>\noriginarios, alternativas que van encaminadas de sus estructuras de organizaci\u00f3n social,<br \/>\njur\u00eddico, pol\u00edtica y econ\u00f3mica.<\/p>\n<p>El territorio como elemento esencial de vida digna y el ejercicio pleno de los derechos colectivos de<br \/>\nlos Pueblos ind\u00edgenas, son contrarios a los intereses comerciales que el gobierno federal y estatal<br \/>\nhan comprometido con la inversi\u00f3n privada. Proyectos que beneficiaran a inversionistas<br \/>\nnacionales y extranjeros a costa de la pobreza y muerte de los pobladores de la regi\u00f3n cuyas<br \/>\nnecesidades urgentes han aumentado por el abandono oficial.<\/p>\n<p>Es claro para este Centro de Derechos Humanos que en la larga cadena de sucesos en la zona, el<br \/>\nEstado no intervino para prevenir confrontaciones, sino que plane\u00f3 la estrategia para el<br \/>\ncontrol territorial de la zona. Esto se confirma en los testimonios recabados, las denuncias<br \/>\nreiteradas de los ejidatarios de LOC de SSB, el monitoreo y documentaci\u00f3n permanentes de este<br \/>\nCentro y el desenlace que hoy es de alta conflictividad y polarizaci\u00f3n en la zona.<\/p>\n<p>La repetida estrategia de control social y territorial utilizada por los distintos niveles de gobierno, hoy<br \/>\nes aplicada en el Ejido de San Sebasti\u00e1n Bachaj\u00f3n al minar el movimiento social, confrontar a los<br \/>\npobladores, distraer las energias y atenci\u00f3n puesta en la defensa y ejercicio de Derechos, tomar<br \/>\nrehenes (presos polit\u00edcos) para condicionar la negociaci\u00f3n, permitir la actuaci\u00f3n de actores<br \/>\n\u201cneutrales\u201d como el Consejo Estatal de Derechos Humanos y la implementaci\u00f3n de \u201cmedidas\u201d para<br \/>\nmilitarizar una zona que de oficialmente representa un cumulo de intereses econ\u00f3micos, politicos y<br \/>\ngeoestrategicos.<\/p>\n<p>Al cierre de este documento este Centro ha tenido conocimiento de que en distintas ocasiones, a<br \/>\ntraves de operadores pol\u00edticos del gobierno de Chiapas y del Consejo Estatal de Derechos Humanos,<br \/>\nhan condicionado la libertad de los 10 ejidatarios presos de SSB de LOC, ofreciendoles alcanzar su<br \/>\nlibertad siempre y cuando \u201cse sienten a la mesa de negociaci\u00f3nes y convenzan a su gente de no<br \/>\npelear el territorio, cancelar las movilizaciones y no aceptar los ofrecimientos del gobierno10\u201d.<br \/>\nDurante las acciones de solidaridad y movilizaci\u00f3n que realizaron las y los integrantes del Consejo<br \/>\nAut\u00f3nomo de la Zona Costa de Chiapas fueron fueron detenidas inicialmente 19 personas11 de las<br \/>\ncuales 3 personas,12 integrantes del Centro de Derechos Humanos Digna Ochoa, permanecieron<br \/>\npresas hasta el d\u00eda de ayer 02 de marzo.<\/p>\n<p>10 Denuncia p\u00fablica disponible en wen en: http:\/\/chiapasdenuncia.blogspot.com\/2011\/02\/p-margin-bottom-0.html<\/p>\n<p>11 Nota de prensa disponible en web en: http:\/\/mexico.cnn.com\/nacional\/2011\/02\/23\/policias-federales-detienen-a-<\/p>\n<p>19-adherentes-de-la-otra-campana-del-ezln<\/p>\n<p>12 Bolet\u00edn de prensa del Centro de Derechos Humanos Fray Bartolom\u00e9 de Las Casas, disponible en web en:<br \/>\nhttp:\/\/www.frayba.org.mx\/archivo\/boletines\/110225_06_detencion_defensores.pdf<br \/>\n17<br \/>\nEn solidaridad con los pobladores de SSB de LOC, dos caravanas de observaci\u00f3n civil han visitado la<br \/>\nzona de Bachaj\u00f3n haciendo escala final en el Centro de Reincersi\u00f3n Social para Senetenciados<br \/>\n(CERSS) No. 17 de Playas de Catazaja en donde han visitado a los presos reafirmando su apoyo<br \/>\npara que las 10 personas detenidas alcancen su libertad. En estas acciones notablemente ha<br \/>\nfigurado la participaci\u00f3n de las mujeres de distintas comunidades y organizaciones defensoras de los<br \/>\nDerechos Humanos.<\/p>\n<p>Diversos colectivos, organizaciones y comunidades a nivel local e internacional han anunciado<br \/>\nmovilizaciones simultaneas, para el 7 y 8 de marzo, para exigir: \u201cLiberaci\u00f3n inmediata de los presos<br \/>\npol\u00edticos en Chiapas\u201d, \u201cRespeto al Territorio y a la Libre Determinaci\u00f3n de los Pueblos Ind\u00edgenas\u201d y<br \/>\n\u201cAlto a las agresiones contra defensores y adherentes a La Otra Campa\u00f1a en Chiapas\u201d.<\/p>\n","protected":false},"excerpt":{"rendered":"<p>A quince a\u00f1os (Febrero de 1996) de la firma e incumplimiento oficial de los Acuerdos de San Andr\u00e9s y a veinte a\u00f1os de que el gobierno mexicano ratific\u00f3 el Convenio 169 de la OIT, los Pueblos ind\u00edgenas en Chiapas est\u00e1n generando alternativas de vida desde su cosmovisi\u00f3n de Pueblos originarios, alternativas que van encaminadas de [&hellip;]<\/p>\n","protected":false},"author":249,"featured_media":0,"comment_status":"open","ping_status":"closed","sticky":false,"template":"","format":"standard","meta":{"footnotes":""},"categories":[26],"tags":[],"class_list":["post-7811","post","type-post","status-publish","format-standard","hentry","category-mundo"],"_links":{"self":[{"href":"http:\/\/eloficiodehistoriar.com.mx\/index.php?rest_route=\/wp\/v2\/posts\/7811","targetHints":{"allow":["GET"]}}],"collection":[{"href":"http:\/\/eloficiodehistoriar.com.mx\/index.php?rest_route=\/wp\/v2\/posts"}],"about":[{"href":"http:\/\/eloficiodehistoriar.com.mx\/index.php?rest_route=\/wp\/v2\/types\/post"}],"author":[{"embeddable":true,"href":"http:\/\/eloficiodehistoriar.com.mx\/index.php?rest_route=\/wp\/v2\/users\/249"}],"replies":[{"embeddable":true,"href":"http:\/\/eloficiodehistoriar.com.mx\/index.php?rest_route=%2Fwp%2Fv2%2Fcomments&post=7811"}],"version-history":[{"count":1,"href":"http:\/\/eloficiodehistoriar.com.mx\/index.php?rest_route=\/wp\/v2\/posts\/7811\/revisions"}],"predecessor-version":[{"id":7812,"href":"http:\/\/eloficiodehistoriar.com.mx\/index.php?rest_route=\/wp\/v2\/posts\/7811\/revisions\/7812"}],"wp:attachment":[{"href":"http:\/\/eloficiodehistoriar.com.mx\/index.php?rest_route=%2Fwp%2Fv2%2Fmedia&parent=7811"}],"wp:term":[{"taxonomy":"category","embeddable":true,"href":"http:\/\/eloficiodehistoriar.com.mx\/index.php?rest_route=%2Fwp%2Fv2%2Fcategories&post=7811"},{"taxonomy":"post_tag","embeddable":true,"href":"http:\/\/eloficiodehistoriar.com.mx\/index.php?rest_route=%2Fwp%2Fv2%2Ftags&post=7811"}],"curies":[{"name":"wp","href":"https:\/\/api.w.org\/{rel}","templated":true}]}}