{"id":7815,"date":"2011-03-04T08:07:35","date_gmt":"2011-03-04T14:07:35","guid":{"rendered":"https:\/\/eloficiodehistoriar.com.mx\/?p=7815"},"modified":"2011-03-04T08:07:35","modified_gmt":"2011-03-04T14:07:35","slug":"la-precaridad-de-la-existencia","status":"publish","type":"post","link":"http:\/\/eloficiodehistoriar.com.mx\/?p=7815","title":{"rendered":"La precaridad de la existencia"},"content":{"rendered":"<p><strong>El escritor disert\u00f3 sobre el poder y la educaci\u00f3n superior, en la UAM<\/p>\n<p>La cultura es un medio para defendernos de la infelicidad, sostiene Vargas Llosa<\/p>\n<p>Elegir lo que deseamos nos pondr\u00e1 a salvo de la precariedad de la existencia, manifest\u00f3<\/p>\n<p> Mario Vargas Llosa,  en la Rector\u00eda General de la Universidad Aut\u00f3noma MetropolitanaFoto Cristina Rodr\u00edguez <\/p>\n<p>\u00c1ngel Vargas<\/p>\n<p>La Jornada<\/p>\n<p>El verdadero \u00e9xito en una sociedad consiste en reducir al m\u00e1ximo la infelicidad humana y preparar lo mejor posible a los individuos para enfrentar las adversidades que se le presenten en la vida cotidiana, sostuvo ayer el escritor Mario Vargas Llosa en su visita a la capital mexicana.<\/p>\n<p>Durante la conferencia magistral Poder y educaci\u00f3n superior, que imparti\u00f3 al mediod\u00eda en la Rector\u00eda General de la Universidad Aut\u00f3noma Metropolitana (UAM), el premio Nobel de Literatura 2010 destac\u00f3 la importancia de la educaci\u00f3n, en particular la de nivel superior, como espacio para encontrar la verdadera vocaci\u00f3n y con ello la felicidad.<\/p>\n<p>\u201cUn mundo en el que la mayor cantidad de gente haga lo que quiera ser\u00e1 un mundo en el que privar\u00e1 menos la infelicidad\u201d, agreg\u00f3 el autor peruano-espa\u00f1ol, quien calific\u00f3 de \u201cgrave error\u201d cuando una persona elige su profesi\u00f3n s\u00f3lo en busca de dinero y en contra de su propia vocaci\u00f3n.<\/p>\n<p>\u201cLa cultura de nuestro tiempo \u2013dijo\u2013 ha identificado a la felicidad con el \u00e9xito econ\u00f3mico, lo cual es una gran mentira.\u201d<\/p>\n<p>Acompa\u00f1ado por el rector general de la UAM, Enrique Fern\u00e1ndez, y la presidenta del Consejo Nacional para la Cultura y las Artes (CNCA), Consuelo S\u00e1izar, Vargas Llosa convoc\u00f3 a las instituciones de educaci\u00f3n superior a no s\u00f3lo no caer en \u201cla peligros\u00edsima\u201d deficiencia de crear especialistas, uno de los males del actual sistema, sino a combatir esa tendencia.<\/p>\n<p>\u201cUn especialista es una persona encerrada en un saber que lo incomunica con los dem\u00e1s. Un mundo de especialistas es un mundo de aut\u00f3matas que s\u00f3lo saben de su campo, pero nada de lo dem\u00e1s. Eso produce que la sociedad se fragmente en islotes de seres incomunicados\u201d, alert\u00f3.<\/p>\n<p>El llamado de la vocaci\u00f3n<\/p>\n<p>Ante j\u00f3venes universitarios, Vargas Llosa recurri\u00f3 a su experiencia para ejemplificar la importancia de detectar en la juventud el llamado de la vocaci\u00f3n.<\/p>\n<p>Tras mencionar lo trascendente que fue para \u00e9l un libro en el que Jean-Paul Sartre reflexiona sobre la infortunada vida de Jean Baudrillard, Vargas Llosa record\u00f3 que desde muy corta edad lo que m\u00e1s le gustaba era la literatura y lo que deseaba hacer era escribir.<br \/>\nEsto, seg\u00fan el narrador, era algo impensable en Per\u00fa en esa \u00e9poca si se tomaba como actividad \u00fanica, pues no ten\u00eda reconocimiento social ni permit\u00eda subsistir.<\/p>\n<p>As\u00ed, estudi\u00f3 derecho y letras; sin embargo, su vida qued\u00f3 marcada cuando, en un caf\u00e9 en Madrid, Espa\u00f1a, pa\u00eds al que lleg\u00f3 como becario, tom\u00f3 la decisi\u00f3n de ser escritor, lo cual le implicaba dedicar lo mejor de su tiempo y de sus energ\u00edas a escribir y buscar un trabajo para alimentarse y que no perturbara su vocaci\u00f3n, relat\u00f3.<\/p>\n<p>\u201cSi tuve que sufrir privaciones no importaba, pues sab\u00eda que ser\u00eda m\u00e1s infeliz si me dedicaba a hacer otra cosa y no a la literatura\u201d, dijo.<\/p>\n<p>Aclar\u00f3 que nunca se le ha facilitado escribir, por lo cual ha debido siempre estar sometido a una enorme disciplina y confes\u00f3 que en ocasiones llega a sufrir, pero es algo que goza, esta paradoja \u201cs\u00f3lo la pueden entender aquellos que se dedican a lo que quieren\u201d.<\/p>\n<p>Destac\u00f3 que la primera y m\u00e1s importante funci\u00f3n de la ense\u00f1anza, no s\u00f3lo acad\u00e9mica, sino escolar, es ayudar a descubrir en los educandos su vocaci\u00f3n para prevenir la futura infelicidad.<\/p>\n<p>\u201cSi elegimos lo que queremos, estaremos defendidos contra la precariedad de la existencia\u201d, recalc\u00f3, y asegur\u00f3 que si una persona elige bien, \u201cno hay dificultades que el indomable esp\u00edritu humano no pueda vencer\u201d.<\/p>\n<p>Mario Vargas Llosa subray\u00f3 que la cultura naci\u00f3 como medio para que el ser humano se defienda de la infelicidad, pues toda persona nace con apetitos que escapan a sus posibilidades reales.<\/p>\n<p>Estamos dotados de una capacidad al mismo tiempo maravillosa y tr\u00e1gica, la de imaginar, y \u201chemos encontrado a trav\u00e9s de la cultura y sus m\u00faltiples manifestaciones la manera de vivir aquello que no podemos alcanzar en la vida real\u201d, precis\u00f3.<\/p>\n<p>Vargas Llosa hizo un llamado a las universidades para que se mantengan como espacios promotores de las humanidades y las artes. \u201cLas humanidades nos recuerdan que en lo fundamental somos los mismos y que tenemos los mismos sentimientos, emociones, miedos y esperanzas.\u201d<\/p>\n","protected":false},"excerpt":{"rendered":"<p>El escritor disert\u00f3 sobre el poder y la educaci\u00f3n superior, en la UAM La cultura es un medio para defendernos de la infelicidad, sostiene Vargas Llosa Elegir lo que deseamos nos pondr\u00e1 a salvo de la precariedad de la existencia, manifest\u00f3 Mario Vargas Llosa, en la Rector\u00eda General de la Universidad Aut\u00f3noma MetropolitanaFoto Cristina Rodr\u00edguez [&hellip;]<\/p>\n","protected":false},"author":249,"featured_media":0,"comment_status":"open","ping_status":"closed","sticky":false,"template":"","format":"standard","meta":{"footnotes":""},"categories":[26],"tags":[],"class_list":["post-7815","post","type-post","status-publish","format-standard","hentry","category-mundo"],"_links":{"self":[{"href":"http:\/\/eloficiodehistoriar.com.mx\/index.php?rest_route=\/wp\/v2\/posts\/7815","targetHints":{"allow":["GET"]}}],"collection":[{"href":"http:\/\/eloficiodehistoriar.com.mx\/index.php?rest_route=\/wp\/v2\/posts"}],"about":[{"href":"http:\/\/eloficiodehistoriar.com.mx\/index.php?rest_route=\/wp\/v2\/types\/post"}],"author":[{"embeddable":true,"href":"http:\/\/eloficiodehistoriar.com.mx\/index.php?rest_route=\/wp\/v2\/users\/249"}],"replies":[{"embeddable":true,"href":"http:\/\/eloficiodehistoriar.com.mx\/index.php?rest_route=%2Fwp%2Fv2%2Fcomments&post=7815"}],"version-history":[{"count":1,"href":"http:\/\/eloficiodehistoriar.com.mx\/index.php?rest_route=\/wp\/v2\/posts\/7815\/revisions"}],"predecessor-version":[{"id":7816,"href":"http:\/\/eloficiodehistoriar.com.mx\/index.php?rest_route=\/wp\/v2\/posts\/7815\/revisions\/7816"}],"wp:attachment":[{"href":"http:\/\/eloficiodehistoriar.com.mx\/index.php?rest_route=%2Fwp%2Fv2%2Fmedia&parent=7815"}],"wp:term":[{"taxonomy":"category","embeddable":true,"href":"http:\/\/eloficiodehistoriar.com.mx\/index.php?rest_route=%2Fwp%2Fv2%2Fcategories&post=7815"},{"taxonomy":"post_tag","embeddable":true,"href":"http:\/\/eloficiodehistoriar.com.mx\/index.php?rest_route=%2Fwp%2Fv2%2Ftags&post=7815"}],"curies":[{"name":"wp","href":"https:\/\/api.w.org\/{rel}","templated":true}]}}