{"id":782,"date":"2008-07-28T08:50:52","date_gmt":"2008-07-28T13:50:52","guid":{"rendered":"https:\/\/eloficiodehistoriar.com.mx\/?p=782"},"modified":"2008-07-28T08:50:52","modified_gmt":"2008-07-28T13:50:52","slug":"el-amor-por-los-libros","status":"publish","type":"post","link":"http:\/\/eloficiodehistoriar.com.mx\/?p=782","title":{"rendered":"El Amor por los libros&#8230;"},"content":{"rendered":"<p align=\"center\" style=\"margin: auto 0cm; text-align: center\" class=\"series\"><strong><span style=\"font-size: 18pt; font-family: Arial\">El amor por los libros<\/span><\/strong><\/p>\n<p><strong><span style=\"font-size: 18pt; font-family: Arial\"><o:p><\/o:p><\/span><\/strong>\u00a0<\/p>\n<p align=\"center\" style=\"margin: auto 0cm; text-align: center\" class=\"series\"><strong><span style=\"font-family: Arial\">Jos\u00e9 F\u00e9lix Zavala<\/span><\/strong><\/p>\n<p align=\"center\" style=\"margin: auto 0cm; text-align: center\" class=\"series\"><strong><span style=\"font-family: Arial\"><\/span><\/strong><\/p>\n<p><strong><span style=\"font-family: Arial\"><o:p>\u00a0<\/o:p><\/span><\/strong><span style=\"font-family: Arial\">El n\u00famero de editores en M\u00e9xico, durante 2006, ascendi\u00f3 a 274 y el total de t\u00edtulos publicados durante ese a\u00f1o ser\u00e1 de 18 mil 310 aproximadamente y cuyos tirajes sumaron 137 millones 467 mil 709 ejemplares. <o:p><\/o:p><\/span><\/p>\n<p style=\"margin: auto 0cm; text-align: justify\" class=\"summary\"><strong><span style=\"font-family: Arial\"><\/span><\/strong><\/p>\n<p><strong><span style=\"font-family: Arial\">Las producciones semiartesanales<\/span><\/strong><span style=\"font-family: Arial\"> y falta de espacios para vender sus ediciones, entre los obst\u00e1culos, mientras los j\u00f3venes escritores, <strong>promotores y difusores<\/strong> pugnan por revertir ese <em><span style=\"font-family: Arial\">apartheid<\/span><\/em> contra su gremio y se <span>\u00a0<\/span>profesionalizan en <strong>mercadotecnia <\/strong>para combatir a las empresas cobijadas por <st1:personname ProductID=\"la C?mara Nacional\" w:st=\"on\"><st1:personname ProductID=\"la C?mara\" w:st=\"on\">la C\u00e1mara<\/st1:personname> Nacional<\/st1:personname> de <st1:personname ProductID=\"la Industria Editorial.\" w:st=\"on\"><st1:personname ProductID=\"la Industria\" w:st=\"on\">la Industria<\/st1:personname> Editorial.<\/st1:personname><o:p><\/o:p><\/span><\/p>\n<p style=\"margin: auto 0cm; text-align: justify\" class=\"bullet\"><span style=\"font-family: Arial\"><\/span><\/p>\n<p><span style=\"font-family: Arial\">Se recurre a diversas estrategias para eludir el 60 por ciento exigido por los distribuidores. Debido a que <\/span><font face=\"Times New Roman\"><span>\u00a0<\/span>e<\/font><strong><span style=\"font-family: Arial\">l proceso editorial es de por s\u00ed un trabajo duro y si a eso se<\/span><\/strong><span style=\"font-family: Arial\"> a\u00f1aden los embates de los grandes monopolios que resultan desastrosos para las publicaciones independientes, los problemas editoriales parecen irresolubles. <o:p><\/o:p><\/span><\/p>\n<p style=\"text-align: justify\"><span style=\"font-family: Arial\"><\/span><\/p>\n<p><span style=\"font-family: Arial\">Las editoriales independientes para promocionarse y vender sus libros, utilizan diversas estrategias, y as\u00ed evitan el letal 60 por ciento exigido por los distribuidores sobre el precio total de cada ejemplar.<o:p><\/o:p><\/span><\/p>\n<p style=\"text-align: justify\"><span style=\"font-family: Arial\"><\/span><\/p>\n<p><span style=\"font-family: Arial\">Lo explican los integrantes de los comit\u00e9s editoriales de publicaciones independientes o emergentes, se\u00f1alando que apuestan sus recursos econ\u00f3micos y personales a la dif\u00edcil y angustiosa empresa del libro y de la palabra escrita contra lo que pareciera imposible de realizar.<o:p><\/o:p><\/span><\/p>\n<p style=\"text-align: justify\"><span style=\"font-family: Arial\"><\/span><\/p>\n<p><span style=\"font-family: Arial\">Tienen escasos a\u00f1os de permanencia en el mercado <em><span style=\"font-family: Arial\">underground<\/span><\/em>, las producciones semiartesanales, debido a la falta de espacios para vender los materiales impresos, aunados al desastroso 60 por ciento exigido por las distribuidoras para ofrecer cada uno de los ejemplares, estos son solo algunos de los obst\u00e1culos que deben vencer las publicaciones independientes, las cuales sobreviven bajo el pertinaz embate de los grandes monopolios del sector.<o:p><\/o:p><\/span><\/p>\n<p style=\"text-align: justify\"><span style=\"font-family: Arial\"><\/span><\/p>\n<p><span style=\"font-family: Arial\">Adem\u00e1s de esas caracter\u00edsticas tan corrosivas que perjudican al peque\u00f1o gremio editorial, especialmente los j\u00f3venes escritores, promotores y difusores que integran los cuerpos editoriales enfrentan otra batalla para vender un tiraje de 500 ejemplares, algunas ediciones alcanzan el millar, as\u00ed como para reunir el costo del proceso de edici\u00f3n e impresi\u00f3n, <strong>que oscila alrededor de 15 mil pesos cada tres meses.<o:p><\/o:p><\/strong><\/span><\/p>\n<p style=\"text-align: justify\"><span style=\"font-family: Arial\"><\/span><\/p>\n<p><span style=\"font-family: Arial\">La alternativa, coinciden los editores independientes, es empe\u00f1arse y luchar contra el<em><span style=\"font-family: Arial\"> apartheid<\/span><\/em> en el que permanecen sumergidas sus publicaciones, las cuales <strong>en la lucha por sobrevivir buscan allegarse recursos, fuera de sus posibilidades, para continuar imprimiendo y circulando en favor de la cultura.<o:p><\/o:p><\/strong><\/span><\/p>\n<p style=\"text-align: justify\"><span style=\"font-family: Arial\"><\/span><\/p>\n<p><span style=\"font-family: Arial\">Al margen de las diversas actividades que realizan de manera individual para solventar sus necesidades,<span>\u00a0 <\/span>tambi\u00e9n recurren a cursos para profesionalizarse en la planeaci\u00f3n, gerencia y mercado editorial. <o:p><\/o:p><\/span><\/p>\n<p style=\"text-align: justify\"><span style=\"font-family: Arial\"><\/span><\/p>\n<p><span style=\"font-family: Arial\">De esta manera se busca combatir a los emporios editoriales y a las empresas distribuidoras cobijadas por <st1:personname ProductID=\"la C?mara Nacional\" w:st=\"on\">la C\u00e1mara Nacional<\/st1:personname> de <st1:personname ProductID=\"la Industria Editorial\" w:st=\"on\">la Industria Editorial<\/st1:personname> Mexicana (Caniem).<o:p><\/o:p><\/span><\/p>\n<p style=\"text-align: justify\"><span style=\"font-family: Arial\"><\/span><\/p>\n<p><span style=\"font-family: Arial\">Las estrategias y formas de supervivencia de revistas, gacetas y libros se multiplican, seg\u00fan explican los escritores, debido a la necesidad de figurar en el medio editorial y de darse a conocer entre los lectores y posibles consumidores del material literario.<o:p><\/o:p><\/span><\/p>\n<p style=\"text-align: justify\"><span style=\"font-family: Arial\"><\/span><\/p>\n<p><span style=\"font-family: Arial\">Para ello, los integrantes de los comit\u00e9s editoriales recurren a <strong>las ventas directas, presentaciones de libros en centros culturales y tambi\u00e9n organizan, para promocionarse, actividades art\u00edstico-literarias en varios espacios de la capital del pa\u00eds.<o:p><\/o:p><\/strong><\/span><\/p>\n<p style=\"text-align: justify\"><strong><span style=\"font-family: Arial\"><\/span><\/strong><\/p>\n<p><strong><span style=\"font-family: Arial\">La revista <em><span style=\"font-family: Arial\">Hermano Cerdo<\/span><\/em> ha preferido trabajar v\u00eda Internet para captar m\u00e1s lectores a escalas nacional e internacional. A<\/span><\/strong><span style=\"font-family: Arial\">l respecto, <em>Ediciones Clandestino<\/em> ha optado por ofrecer la primera editorial comunitaria por cooperaci\u00f3n; esto significa que <strong>vende bonos con un costo de 100 pesos entre la poblaci\u00f3n para subsidiar la publicaci\u00f3n del volumen.<\/strong> <o:p><\/o:p><\/span><\/p>\n<p style=\"text-align: justify\"><span style=\"font-family: Arial\"><\/span><\/p>\n<p><span style=\"font-family: Arial\">En otros casos, como <em><span style=\"font-family: Arial\">Literal<\/span><\/em>, la gaceta se distribuye de manera gratuita, mientras que sus libros de poes\u00eda tienen un precio de 50 pesos.<o:p><\/o:p><\/span><\/p>\n<p style=\"text-align: justify\"><span style=\"font-family: Arial\"><\/span><\/p>\n<p><span style=\"font-family: Arial\">El editor de la revista <em><span style=\"font-family: Arial\">Hermano Cerdo<\/span><\/em>, explica a <st1:personname ProductID=\"La Jornada\" w:st=\"on\"><em><span style=\"font-family: Arial\">La Jornada<\/span><\/em><\/st1:personname>: \u201cInternet integra todas las herramientas para ser le\u00eddos y comprados\u201d. <o:p><\/o:p><\/span><\/p>\n<p style=\"text-align: justify\"><span style=\"font-family: Arial\"><\/span><\/p>\n<p><span style=\"font-family: Arial\">En el <em><span style=\"font-family: Arial\">blogspot<\/span><\/em> que utilizamos para subir la revista hemos evitado gastos excesivos en comparaci\u00f3n con los ejemplares impresos, que resultan caros, con pocos est\u00edmulos, escasos lectores y que permanecen un a\u00f1o como m\u00e1ximo, y publican tres o cuatro n\u00fameros para despu\u00e9s desaparecer\u201d, h<strong>asta ahora, a\u00f1ade, tienen alrededor de 500 suscriptores.<o:p><\/o:p><\/strong><\/span><\/p>\n<p style=\"text-align: justify\"><span style=\"font-family: Arial\"><\/span><\/p>\n<p><span style=\"font-family: Arial\">Adem\u00e1s, \u201celegimos el formato electr\u00f3nico porque nos funciona en, b\u00e1sicamente, dos sentidos: en la distribuci\u00f3n y en la mutua colaboraci\u00f3n con personas de diversos pa\u00edses para mostrar una visi\u00f3n cr\u00edtica y plural\u201d.<o:p><\/o:p><\/span><\/p>\n<p style=\"text-align: justify\"><span style=\"font-family: Arial\"><\/span><\/p>\n<p><span style=\"font-family: Arial\">Con <em><span style=\"font-family: Arial\">Hermano Cerdo<\/span><\/em>, prosigue el editor, \u201cpretendemos exportar e importar el debate que se genera en otros lugares en lo que se refiere a la literatura y, en especial, a la novela\u201d.<o:p><\/o:p><\/span><\/p>\n<p style=\"text-align: justify\"><span style=\"font-family: Arial\"><\/span><\/p>\n<p><span style=\"font-family: Arial\">\u201cSeleccionamos colaboraciones, traducimos y, finalmente, divulgamos el material a los lectores de habla hispana mediante su distribuci\u00f3n v\u00eda Internet.\u201d<o:p><\/o:p><\/span><\/p>\n<p style=\"text-align: justify\"><span style=\"font-family: Arial\"><\/span><\/p>\n<p><span style=\"font-family: Arial\">El objetivo de la innovadora revista, resalta, es \u201ctraer el debate sobre la novela, para hacer una reflexi\u00f3n sobre qu\u00e9 se escribe y c\u00f3mo se hace\u201d en varias latitudes.<o:p><\/o:p><\/span><\/p>\n<p style=\"text-align: justify\"><strong><span style=\"font-family: Arial\"><\/span><\/strong><\/p>\n<p><strong><span style=\"font-family: Arial\">La venta directa, es la opci\u00f3n contra emporios. <\/span><\/strong><span style=\"font-family: Arial\">En <em><span style=\"font-family: Arial\">Literal<\/span><\/em>, acepta el editor, \u201chemos tratado de romper el monopolio de la distribuci\u00f3n, mediante dos opciones: <strong>la distribuci\u00f3n gratuita \u2013porque nos resulta m\u00e1s barato regalar que vender\u2013 y la distribuci\u00f3n en presentaciones de libros, por el trato directo con el comprador\u201d.<o:p><\/o:p><\/strong><\/span><\/p>\n<p style=\"text-align: justify\"><span style=\"font-family: Arial\"><\/span><\/p>\n<p><span style=\"font-family: Arial\">La venta directa, arguye, es la mejor alternativa para las publicaciones independientes, debido a que \u201cno tenemos otra opci\u00f3n, porque nuestros libros son semiartesanales y la raz\u00f3n de ofrecerlos de manera directa a lo lectores es para evitar que no se quede ning\u00fan peso de nuestro trabajo con los distribuidores, quienes hoy s\u00f3lo lucran con la labor editorial, lejos de realizar una tarea real de distribuci\u00f3n\u201d.<o:p><\/o:p><\/span><\/p>\n<p style=\"text-align: justify\"><span style=\"font-family: Arial\"><\/span><\/p>\n<p><span style=\"font-family: Arial\">En <em><span style=\"font-family: Arial\">Literal<\/span><\/em>, que tambi\u00e9n edita la colecci\u00f3n po\u00e9tica Lim\u00f3n partido, <strong>imprimen de 100 en 100 ejemplares, <\/strong>seg\u00fan dicta la demanda de los consumidores. Literatura y l\u00edrica latinoamericana inundan sus p\u00e1ginas y contenido. <em><strong><span style=\"font-family: Arial\">Literal<\/span><\/strong><\/em><strong> es de distribuci\u00f3n gratuita y los poemarios como ya se dijo son vendidos en 50 pesos.<o:p><\/o:p><\/strong><\/span><\/p>\n<p style=\"text-align: justify\"><span style=\"font-family: Arial\"><\/span><\/p>\n<p><span style=\"font-family: Arial\">En Cuernavaca, Morelos, los promotores de Ediciones Clandestino y Cinco Sentidos han puesto en marcha un innovador sistema para atraer lectores y as\u00ed subsistir en el mercado editorial emergente, \u201cdonde aparecen y desaparecen\u201d infinidad de publicaciones.<o:p><\/o:p><\/span><\/p>\n<p style=\"text-align: justify\"><span style=\"font-family: Arial\"><\/span><\/p>\n<p><span style=\"font-family: Arial\">El editor y al mismo tiempo colaborador de ambas publicaciones, explica: \u201cEdiciones Clandestino es el primer sello comunitario por cooperaci\u00f3n, es decir, vendemos bonos de cien pesos para subsidiar la revista. <strong>Antes de editar el primer n\u00famero vendemos las suscripci\u00f3n y as\u00ed tenemos capital para imprimir y publicar;<\/strong> adem\u00e1s, garantizamos una distribuci\u00f3n inmediata para que los autores tanto morelenses como de otras entidades tengan la certeza de que su obra no quedar\u00e1 embodegada.<o:p><\/o:p><\/span><\/p>\n<p style=\"text-align: justify\"><span style=\"font-family: Arial\"><\/span><\/p>\n<p><span style=\"font-family: Arial\">\u201cAs\u00ed evitamos que los distribuidores y las librer\u00edas se queden con el mayor monto \u2013de 50 y 60 por ciento de lo que cuesta cada ejemplar\u2013 tras su venta y tambi\u00e9n nos olvidamos de las p\u00e9rdidas que se generan cuando esas publicaciones no se venden en los escaparates de los libreros\u201d.<o:p><\/o:p><\/span><\/p>\n<p style=\"text-align: justify\"><span style=\"font-family: Arial\"><\/span><\/p>\n<p><span style=\"font-family: Arial\">La f\u00f3rmula, dicen es <strong>\u201ccapitalizar a los lectores y creadores para tener un colch\u00f3n que nos permita continuar y publicar cada tres meses\u201d.<o:p><\/o:p><\/strong><\/span><\/p>\n<p style=\"text-align: justify\"><span style=\"font-family: Arial\"><\/span><\/p>\n<p><span style=\"font-family: Arial\">\u201cEn ambos casos el tiro es de mil ejemplares y son ofrecidas en algunos caf\u00e9s, bares, ferias, tiendas de objetos varios y <strong>la oferta tambi\u00e9n se realiza de mano en mano y de boca en boca\u201d.<o:p><\/o:p><\/strong><\/span><\/p>\n<p style=\"text-align: justify\"><span style=\"font-family: Arial\"><\/span><\/p>\n<p><span style=\"font-family: Arial\">Al margen de las persecuciones de los gobiernos panistas en la entidad, Ediciones Clandestino lucha por mantener presencia en la comunidad cultural y organiza para autopromocionarse, actividades art\u00edsticas en diversos espacios y centros culturales, donde confluyen m\u00fasica, danza, lecturas, presentaciones de libros y, sobre todo, la venta de sus ejemplares.<o:p><\/o:p><\/span><\/p>\n<p style=\"text-align: justify\"><span style=\"font-family: Arial\"><\/span><\/p>\n<p><span style=\"font-family: Arial\">\u201cSin tomar en cuenta la idea del flagelo, somos una presencia menor, la cual llega a un p\u00fablico espec\u00edfico y pese a que no alcanzamos los grandes n\u00facleos y la mayor\u00eda de lectores estamos inmersos en la comunidad cultural del pa\u00eds\u201d, <o:p><\/o:p><\/span><\/p>\n<p style=\"text-align: justify\"><span style=\"font-family: Arial\"><\/span><\/p>\n<p><span style=\"font-family: Arial\">Tambi\u00e9n estas<strong> publicaciones han llegado al extranjero gracias a un grupo musical que lleva las ediciones a todas latitudes, donde tambi\u00e9n son adquiridas.<o:p><\/o:p><\/strong><\/span><\/p>\n<p style=\"text-align: justify\"><span style=\"font-family: Arial\"><\/span><\/p>\n<p><span style=\"font-family: Arial\">Otra de las inconsistencias, se\u00f1alan los editores marginales, son las becas que se ofrecen para \u201capoyar\u201d a las publicaciones emergentes, no obstante que ese sistema es disfuncional.<o:p><\/o:p><\/span><\/p>\n<p style=\"text-align: justify\"><span style=\"font-family: Arial\"><\/span><\/p>\n<p><span style=\"font-family: Arial\">El consejo de redacci\u00f3n de la revista <em><span style=\"font-family: Arial\">Viento en vela<\/span><\/em>, que cumple su tercer a\u00f1o en circulaci\u00f3n, se\u00f1ala: \u201cEsta publicaci\u00f3n recibi\u00f3 la beca Edmundo Valad\u00e9s, otorgada por el Fondo Nacional para <st1:personname ProductID=\"la Cultura\" w:st=\"on\">la Cultura<\/st1:personname> y las Artes, instancia que nos entrega recursos econ\u00f3micos, pero no de distribuci\u00f3n. Ni siquiera en sus librer\u00edas Educal.<o:p><\/o:p><\/span><\/p>\n<p style=\"text-align: justify\"><span style=\"font-family: Arial\"><\/span><\/p>\n<p><span style=\"font-family: Arial\">\u201cEs absurdo que el Fonca invierta recursos para producir una revista de literatura y lo incre\u00edble es que no est\u00e1 interesado en distribuirla.\u201d<o:p><\/o:p><\/span><\/p>\n<p style=\"text-align: justify\"><span style=\"font-family: Arial\"><\/span><\/p>\n<p><span style=\"font-family: Arial\">La publicaci\u00f3n tiene un costo de 15 pesos y eso hace imposible pagarle a un distribuidor, que se quedar\u00eda con nueve pesos por cada ejemplar, sin sumar los otros que no se venden durante su exhibici\u00f3n. Sin embargo, \u201cnuestro remanso son las actividades literarias que se organizan para difundir los materiales impresos, como en las ventas nocturnas.<o:p><\/o:p><\/span><\/p>\n<p style=\"text-align: justify\"><span style=\"font-family: Arial\"><\/span><\/p>\n<p><span style=\"font-family: Arial\">Aqu\u00ed no invertimos nada para exhibir las publicaciones, vendemos el producto de forma directa al lector y compra a quien le interese <em><span style=\"font-family: Arial\">Viento en vela<\/span><\/em>\u201d, que se halla en las afueras de <st1:personname ProductID=\"la Facultad\" w:st=\"on\">la Facultad<\/st1:personname> de Filosof\u00eda y Letras y en el puesto de peri\u00f3dicos cercano a esas instalaciones de <st1:personname ProductID=\"la Universidad Nacional\" w:st=\"on\">la Universidad Nacional<\/st1:personname> Aut\u00f3noma de M\u00e9xico.<o:p><\/o:p><\/span><\/p>\n<p style=\"text-align: justify\"><span style=\"font-family: Arial\"><\/span><\/p>\n<p><span style=\"font-family: Arial\">La revista,<span>\u00a0 <\/span>es un producto de calidad e incita a la reflexi\u00f3n y, sobre todo, \u201cno es privativa para eruditos en literatura, porque acerca a quien<span>\u00a0 <\/span>tiene en sus manos a la poes\u00eda, el cuento y a la novela\u201d, entre otros temas.<o:p><\/o:p><\/span><\/p>\n<p style=\"text-align: justify\"><span style=\"font-family: Arial\"><\/span><\/p>\n<p><span style=\"font-family: Arial\">\u201cCon estas publicaciones nunca obtenemos ninguna ganancia, pero nuestra satisfacci\u00f3n es que contribuimos a la formaci\u00f3n de una identidad cultural del pa\u00eds, que de manera inmediata no se vislumbra, s\u00f3lo lo sabr\u00e1n las futuras generaciones a quienes influya este proyecto para construir sus antecedentes culturales.\u201d<o:p><\/o:p><\/span><o:p><font face=\"Times New Roman\">\u00a0<\/font><\/o:p><\/p>\n","protected":false},"excerpt":{"rendered":"<p>El amor por los libros \u00a0 Jos\u00e9 F\u00e9lix Zavala \u00a0El n\u00famero de editores en M\u00e9xico, durante 2006, ascendi\u00f3 a 274 y el total de t\u00edtulos publicados durante ese a\u00f1o ser\u00e1 de 18 mil 310 aproximadamente y cuyos tirajes sumaron 137 millones 467 mil 709 ejemplares. Las producciones semiartesanales y falta de espacios para vender sus [&hellip;]<\/p>\n","protected":false},"author":249,"featured_media":0,"comment_status":"open","ping_status":"closed","sticky":false,"template":"","format":"standard","meta":{"footnotes":""},"categories":[26],"tags":[],"class_list":["post-782","post","type-post","status-publish","format-standard","hentry","category-mundo"],"_links":{"self":[{"href":"http:\/\/eloficiodehistoriar.com.mx\/index.php?rest_route=\/wp\/v2\/posts\/782","targetHints":{"allow":["GET"]}}],"collection":[{"href":"http:\/\/eloficiodehistoriar.com.mx\/index.php?rest_route=\/wp\/v2\/posts"}],"about":[{"href":"http:\/\/eloficiodehistoriar.com.mx\/index.php?rest_route=\/wp\/v2\/types\/post"}],"author":[{"embeddable":true,"href":"http:\/\/eloficiodehistoriar.com.mx\/index.php?rest_route=\/wp\/v2\/users\/249"}],"replies":[{"embeddable":true,"href":"http:\/\/eloficiodehistoriar.com.mx\/index.php?rest_route=%2Fwp%2Fv2%2Fcomments&post=782"}],"version-history":[{"count":0,"href":"http:\/\/eloficiodehistoriar.com.mx\/index.php?rest_route=\/wp\/v2\/posts\/782\/revisions"}],"wp:attachment":[{"href":"http:\/\/eloficiodehistoriar.com.mx\/index.php?rest_route=%2Fwp%2Fv2%2Fmedia&parent=782"}],"wp:term":[{"taxonomy":"category","embeddable":true,"href":"http:\/\/eloficiodehistoriar.com.mx\/index.php?rest_route=%2Fwp%2Fv2%2Fcategories&post=782"},{"taxonomy":"post_tag","embeddable":true,"href":"http:\/\/eloficiodehistoriar.com.mx\/index.php?rest_route=%2Fwp%2Fv2%2Ftags&post=782"}],"curies":[{"name":"wp","href":"https:\/\/api.w.org\/{rel}","templated":true}]}}