{"id":7823,"date":"2011-03-05T17:49:55","date_gmt":"2011-03-05T23:49:55","guid":{"rendered":"https:\/\/eloficiodehistoriar.com.mx\/?p=7823"},"modified":"2011-03-05T17:49:55","modified_gmt":"2011-03-05T23:49:55","slug":"fernando-diaz-ramirez-el-chayote-nuestro-primer-rector-nos-cuenta-mario-rodriguez","status":"publish","type":"post","link":"http:\/\/eloficiodehistoriar.com.mx\/?p=7823","title":{"rendered":"Fernando D\u00edaz Ram\u00edrez \u00abEl Chayote\u00bb, nuestro primer rector, nos cuenta Mario Rodr\u00edguez"},"content":{"rendered":"<p>\u201dAQUELLOS TIEMPOS\u201d.<\/p>\n<p>Mario Rodr\u00edguez Estrada.- <\/p>\n<p>\u201cDE LOS TIEMPOS, EL QUE MAS CORRE, ES EL ALEGRE\u201d.- Virgilio.-<\/p>\n<p>La fecha, casi la hab\u00eda olvidado, pues ya han pasado sesenta alegres a\u00f1os, en que mi a\u00f1orada y amad\u00edsima se\u00f1ora madre, me llev\u00f3, temerosamente, a entrevistarnos con uno de sus viejos maestros, Fernando D\u00edaz Ram\u00edrez era su nombre, a\u00fan cuando la mayor\u00eda de sus m\u00faltiples alumnos, reverenciada y con profundo afecto, le llamaban, entre ellos, \u201cEl Chayote\u201d, haciendo referencia a su peculiar corte de pelo, para solicitarle tuviera a bien, otorgarme un lugar entre la riada de aspirantes a ser parte de los alumnos de la naciente Universidad de Quer\u00e9taro.<\/p>\n<p> Su presencia y su voz eran impresionantes, y aunque no era muy alto, a la estatura de mis cortos doce a\u00f1os, me pareci\u00f3 un gigante; nos recibi\u00f3 con toda amabilidad, lo que siempre fue una de sus caracter\u00edsticas personales, aunada a una bonhom\u00eda que mucho desdec\u00eda, de lo brusco y tonante de su sonoro vozarr\u00f3n, emitido, me parec\u00eda a m\u00ed, en el tono  al que Zeus debi\u00f3 utilizar al lanzar sus celestiales rayos; pero ante mi madre la suaviz\u00f3 para saludarla con afecto, y enterado del asunto, le manifest\u00f3 que ser\u00eda un placer recibir a uno de los nietos del recordado maestro Don Emiliano G. Estrada, del que esperaba fuese un buen estudiante, y que diese lustre al nombre del hombre que acogi\u00f3 en 1932, con los brazos abiertos, a los \u201cexpulsados\u201d estudiantes y maestros del antiguo Colegio Civil, en su \u201cpugna gubernamental Osornista\u201d, abri\u00e9ndoles de par en par, las puertas y las aulas de su viejo Colegio \u201cCentro Educativo\u201d, cobij\u00e1ndoles por espacio de cinco a\u00f1os, hasta su restauraci\u00f3n (14 de abril de 1932 al 25 de junio de 1936).<br \/>\n  \u00bfQui\u00e9n habr\u00eda de decirle a mi querido maestro Don Fernando D\u00edaz Ram\u00edrez, que aquel ni\u00f1o que tan amorosamente recibi\u00f3 en febrero de 1951\u2026doce a\u00f1os despu\u00e9s, en mayo de 1963, se convertir\u00eda en el primer entrenador oficial de basquetbol y profesor de la mayor parte de sus huestes preparatorianas ( 1963-1968), el que acompa\u00f1ado de sus equiperos, en diciembre de 1963, le entregar\u00eda en propia mano, el \u00faltimo trofeo deportivo que bajo su gesti\u00f3n ganase \u201csu\u201d Universidad, como campeones varoniles de la tambi\u00e9n naciente primera fuerza en basquetbol?&#8230;el viejo maestro nos recibi\u00f3 en las a\u00fan m\u00e1s arcaicas oficinas, del antiguo caser\u00f3n universitario de las calles de 16 de septiembre, interrumpiendo por breves momentos, su dolorosa tarea de embalar sus papeles y recuerdos, ya que ante la intransigencia y veto gubernamental de Manuel Gonz\u00e1lez Cos\u00edo, \u201cdeb\u00eda abandonar\u201d los claustros universitarios, y entreg\u00e1rselos al Lic. Alberto Macedo Rivas a partir del 1 de enero de 1964\u2026en respuesta a mis pobres y atropelladas palabras, Don Fernando con dolientes y  pian\u00edsimas  frases, nos agradeci\u00f3 el gesto, dici\u00e9ndonos que este de basquetbol, era el \u00fanico que le faltaba de todos los deportes que apoy\u00f3 con sus pobres recursos, que con mucho gusto lo guardar\u00eda por un tiempo en los anaqueles de su casa\u2026con l\u00e1grimas en su voz nos record\u00f3 de los viejos tiempos, en que la Universidad, all\u00e1 por los 50\u00b4s, los universitarios conformaron los mejores equipos estudiantiles a nivel nacional, tanto en atletismo como en voleibol, y que nos agradec\u00eda mucho, el que se lo entreg\u00e1semos a \u00e9l\u2026nos despidi\u00f3 con un largo abrazo a cada uno de nosotros, abandonando su oficina arrastrando los pies y el coraz\u00f3n completamente oprimido, pues nos d\u00e1bamos cuenta que hab\u00edamos asistido al cierre de una de las p\u00e1ginas m\u00e1s brillantes de nuestra Universidad\u2026pero la vida debe continuar, as\u00ed como la esplendente historia de la marcha educativa de la Universidad, que con acierto cumple con las palabras de su bello apotegma: EDUCAR EN LA VERDAD Y EN EL HONOR\u201d\u2026Les abraza su viejo amigo universitario de \u201cAquellos tiempos\u201d\u2026Mario RE.  <\/p>\n","protected":false},"excerpt":{"rendered":"<p>\u201dAQUELLOS TIEMPOS\u201d. Mario Rodr\u00edguez Estrada.- \u201cDE LOS TIEMPOS, EL QUE MAS CORRE, ES EL ALEGRE\u201d.- Virgilio.- La fecha, casi la hab\u00eda olvidado, pues ya han pasado sesenta alegres a\u00f1os, en que mi a\u00f1orada y amad\u00edsima se\u00f1ora madre, me llev\u00f3, temerosamente, a entrevistarnos con uno de sus viejos maestros, Fernando D\u00edaz Ram\u00edrez era su nombre, a\u00fan [&hellip;]<\/p>\n","protected":false},"author":249,"featured_media":0,"comment_status":"open","ping_status":"closed","sticky":false,"template":"","format":"standard","meta":{"footnotes":""},"categories":[26],"tags":[],"class_list":["post-7823","post","type-post","status-publish","format-standard","hentry","category-mundo"],"_links":{"self":[{"href":"http:\/\/eloficiodehistoriar.com.mx\/index.php?rest_route=\/wp\/v2\/posts\/7823","targetHints":{"allow":["GET"]}}],"collection":[{"href":"http:\/\/eloficiodehistoriar.com.mx\/index.php?rest_route=\/wp\/v2\/posts"}],"about":[{"href":"http:\/\/eloficiodehistoriar.com.mx\/index.php?rest_route=\/wp\/v2\/types\/post"}],"author":[{"embeddable":true,"href":"http:\/\/eloficiodehistoriar.com.mx\/index.php?rest_route=\/wp\/v2\/users\/249"}],"replies":[{"embeddable":true,"href":"http:\/\/eloficiodehistoriar.com.mx\/index.php?rest_route=%2Fwp%2Fv2%2Fcomments&post=7823"}],"version-history":[{"count":2,"href":"http:\/\/eloficiodehistoriar.com.mx\/index.php?rest_route=\/wp\/v2\/posts\/7823\/revisions"}],"predecessor-version":[{"id":7826,"href":"http:\/\/eloficiodehistoriar.com.mx\/index.php?rest_route=\/wp\/v2\/posts\/7823\/revisions\/7826"}],"wp:attachment":[{"href":"http:\/\/eloficiodehistoriar.com.mx\/index.php?rest_route=%2Fwp%2Fv2%2Fmedia&parent=7823"}],"wp:term":[{"taxonomy":"category","embeddable":true,"href":"http:\/\/eloficiodehistoriar.com.mx\/index.php?rest_route=%2Fwp%2Fv2%2Fcategories&post=7823"},{"taxonomy":"post_tag","embeddable":true,"href":"http:\/\/eloficiodehistoriar.com.mx\/index.php?rest_route=%2Fwp%2Fv2%2Ftags&post=7823"}],"curies":[{"name":"wp","href":"https:\/\/api.w.org\/{rel}","templated":true}]}}