{"id":7828,"date":"2011-03-05T17:59:12","date_gmt":"2011-03-05T23:59:12","guid":{"rendered":"https:\/\/eloficiodehistoriar.com.mx\/?p=7828"},"modified":"2011-03-05T17:59:12","modified_gmt":"2011-03-05T23:59:12","slug":"los-normalistas-indigenas-de-chiapas-hablan","status":"publish","type":"post","link":"http:\/\/eloficiodehistoriar.com.mx\/?p=7828","title":{"rendered":"Los normalistas ind\u00edgenas de Chiapas hablan&#8230;"},"content":{"rendered":"<p>ESCUELA NORMAL INDIGENA INTERCULTURAL BILING\u00dcE (ENIIB) \u201cJACINTO CANEK\u201d<\/p>\n<p>A LA OPINION P\u00daBLICA <\/p>\n<p>A LOS MEDIOS DE COMUNICACI\u00d3N<\/p>\n<p>A LA COMUNIDAD ESTUDIANTIL<\/p>\n<p>Y AL PUEBLO EN GENERAL<\/p>\n<p>Hoy 4 de marzo se cumple un a\u00f1o de la heroica huelga durante 73 d\u00edas para democratizar la ENIIB y exigir la infraestructura que es obligaci\u00f3n del Estado cumplir en las escuelas p\u00fablicas. Tras duras jornadas de lucha, incluyendo dos desalojos violentos que sufrimos el 11 de marzo frente a la presidencia municipal de San Crist\u00f3bal de Las Casas por parte de la polic\u00eda municipal, logramos firmar una minuta el 11 de mayo de 2010 con autoridades de la subsecretaria de gobierno. <\/p>\n<p>Con esta combativa movilizaci\u00f3n el gobierno del Estado qued\u00f3 obligado a otorgar: otro autob\u00fas, a incrementar las matriculas en las dos licenciaturas, a aumentar el n\u00famero de beneficiarios de las becas y el monto que se percibe actualmente, a dotar de analog\u00edas a todos los alumnos, a construir un aula de usos m\u00faltiples, un aula magna, sal\u00f3n para talleres, cancha de usos m\u00faltiples, estacionamiento y bardeado del per\u00edmetro escolar, a pavimentar la calle de acceso a la ENIIB, a introducir el drenaje y agua potable, a disminuir el costo de las fichas e ingreso a los alumnos de nuevo ingreso, a disminuir el costo de la reinscripci\u00f3n. Acuerdos que no se han cumplido.<\/p>\n<p>Tambi\u00e9n, el 25 de agosto de 2010, seis compa\u00f1eros que participaron activamente en la lucha fueron expulsados injustamente de la normal por parte de la Secretaria de educaci\u00f3n, no sin antes conseguir para la ENIIB una mesa de atenci\u00f3n a nuestras necesidades. Esta mesa de atenci\u00f3n se llevo acabo el 16 de noviembre de 2010 con el subsecretario de educaci\u00f3n de estado de Chiapas, el lic. Jorge Luis Hern\u00e1ndez Alabat, donde no se tomaron acuerdos, todo se analizar\u00eda aun y diez d\u00edas despu\u00e9s de esta reuni\u00f3n la subsecretaria de educaci\u00f3n nos tendr\u00edan los resultados, situaci\u00f3n que no se cumpli\u00f3, pues luego de m\u00e1s de 3 meses de esta reuni\u00f3n no ha habido un ninguna respuesta por parte de la subsecretaria de educaci\u00f3n.<\/p>\n<p>Por eso la normal Jacinto Canek exige al gobierno de Juan Sabines Guerrero tome cartas en el asunto para que se nos cumplan los compromisos plasmados en la minuta de acuerdos el 11 de mayo y la mesa de atenci\u00f3n a nuestras necesidades planteados en la minuta del 25 de agosto, ambos del 2010.<\/p>\n<p>A un a\u00f1o de la huelga, de los desalojos violentos que sufrimos el 11 de marzo de 2010, y de m\u00faltiples injusticias hacia la educaci\u00f3n ind\u00edgena, los estudiantes de la ENIIB decimos \u00a1\u00a1\u00a1BASTA!!! de falsas promesas QUEREMOS \u00a1\u00a1\u00a1HECHOS NO PALABRAS!!! <\/p>\n<p>\u00a1NUNCA M\u00c1S UN MECICO SIN NOSOTROS!<\/p>\n","protected":false},"excerpt":{"rendered":"<p>ESCUELA NORMAL INDIGENA INTERCULTURAL BILING\u00dcE (ENIIB) \u201cJACINTO CANEK\u201d A LA OPINION P\u00daBLICA A LOS MEDIOS DE COMUNICACI\u00d3N A LA COMUNIDAD ESTUDIANTIL Y AL PUEBLO EN GENERAL Hoy 4 de marzo se cumple un a\u00f1o de la heroica huelga durante 73 d\u00edas para democratizar la ENIIB y exigir la infraestructura que es obligaci\u00f3n del Estado cumplir [&hellip;]<\/p>\n","protected":false},"author":249,"featured_media":0,"comment_status":"open","ping_status":"closed","sticky":false,"template":"","format":"standard","meta":{"footnotes":""},"categories":[26],"tags":[],"class_list":["post-7828","post","type-post","status-publish","format-standard","hentry","category-mundo"],"_links":{"self":[{"href":"http:\/\/eloficiodehistoriar.com.mx\/index.php?rest_route=\/wp\/v2\/posts\/7828","targetHints":{"allow":["GET"]}}],"collection":[{"href":"http:\/\/eloficiodehistoriar.com.mx\/index.php?rest_route=\/wp\/v2\/posts"}],"about":[{"href":"http:\/\/eloficiodehistoriar.com.mx\/index.php?rest_route=\/wp\/v2\/types\/post"}],"author":[{"embeddable":true,"href":"http:\/\/eloficiodehistoriar.com.mx\/index.php?rest_route=\/wp\/v2\/users\/249"}],"replies":[{"embeddable":true,"href":"http:\/\/eloficiodehistoriar.com.mx\/index.php?rest_route=%2Fwp%2Fv2%2Fcomments&post=7828"}],"version-history":[{"count":1,"href":"http:\/\/eloficiodehistoriar.com.mx\/index.php?rest_route=\/wp\/v2\/posts\/7828\/revisions"}],"predecessor-version":[{"id":7830,"href":"http:\/\/eloficiodehistoriar.com.mx\/index.php?rest_route=\/wp\/v2\/posts\/7828\/revisions\/7830"}],"wp:attachment":[{"href":"http:\/\/eloficiodehistoriar.com.mx\/index.php?rest_route=%2Fwp%2Fv2%2Fmedia&parent=7828"}],"wp:term":[{"taxonomy":"category","embeddable":true,"href":"http:\/\/eloficiodehistoriar.com.mx\/index.php?rest_route=%2Fwp%2Fv2%2Fcategories&post=7828"},{"taxonomy":"post_tag","embeddable":true,"href":"http:\/\/eloficiodehistoriar.com.mx\/index.php?rest_route=%2Fwp%2Fv2%2Ftags&post=7828"}],"curies":[{"name":"wp","href":"https:\/\/api.w.org\/{rel}","templated":true}]}}