{"id":783,"date":"2008-07-28T08:56:21","date_gmt":"2008-07-28T13:56:21","guid":{"rendered":"https:\/\/eloficiodehistoriar.com.mx\/?p=783"},"modified":"2008-07-28T08:56:21","modified_gmt":"2008-07-28T13:56:21","slug":"salio-el-observador-27-de-julio-del-2008","status":"publish","type":"post","link":"http:\/\/eloficiodehistoriar.com.mx\/?p=783","title":{"rendered":"Sali\u00f3 El Observador&#8230; 27 de julio del 2008"},"content":{"rendered":"<table cellPadding=\"0\" cellSpacing=\"0\" class=\"blog\">\n<tr>\n<td vAlign=\"top\">\n<table width=\"100%\" cellPadding=\"0\" cellSpacing=\"0\">\n<tr>\n<td width=\"100%\" vAlign=\"top\">\n<table class=\"contentpaneopen\">\n<tr>\n<td width=\"100%\" class=\"contentheading\"><a href=\"http:\/\/www.elobservadorenlinea.com\/content\/view\/908\/1\/\" class=\"contentpagetitle\"><font size=\"2\" color=\"#993333\">La Jornada Mundial de la Juventud, una primavera para la Iglesia y el mundo <\/font><\/a><\/td>\n<\/tr>\n<\/table>\n<table class=\"contentpaneopen\">\n<tr>\n<td><span><a href=\"http:\/\/www.elobservadorenlinea.com\/content\/category\/7\/70\/1\/\"><strong><font color=\"#993333\">No. 681 (27 de julio de 2008)<\/font><\/strong><\/a> <\/span><\/td>\n<\/tr>\n<tr>\n<td colSpan=\"2\" width=\"70%\" align=\"left\" vAlign=\"top\"><span class=\"small\"><strong><font color=\"#999999\">Escrito por Miguel Aranguren <\/font><\/strong><\/span>\u00a0\u00a0<\/td>\n<\/tr>\n<tr>\n<td colSpan=\"2\" vAlign=\"top\"><strong>PORTADA<\/p>\n<p><img loading=\"lazy\" decoding=\"async\" border=\"0\" align=\"left\" width=\"70\" src=\"http:\/\/www.elobservadorenlinea.com\/images\/stories\/miniportadas\/portada681.jpg\" hspace=\"6\" alt=\"Image\" height=\"70\" title=\"Image\" \/>Ante los legendarios festivales de rockeros que promet\u00edan libertad y s\u00f3lo necrosaban el alma de los j\u00f3venes y los llevaban al desencanto, las JMJ representan una verdadera \u201cprimavera\u201d.<\/strong><\/td>\n<\/tr>\n<tr>\n<td colSpan=\"2\" align=\"left\"><a href=\"http:\/\/www.elobservadorenlinea.com\/content\/view\/908\/1\/\" class=\"readon\"><strong><font color=\"#993333\">Leer m\u00e1s&#8230; <\/font><\/strong><\/a><\/td>\n<\/tr>\n<\/table>\n<\/td>\n<\/tr>\n<\/table>\n<\/td>\n<\/tr>\n<\/table>\n","protected":false},"excerpt":{"rendered":"<p>La Jornada Mundial de la Juventud, una primavera para la Iglesia y el mundo No. 681 (27 de julio de 2008) Escrito por Miguel Aranguren \u00a0\u00a0 PORTADA Ante los legendarios festivales de rockeros que promet\u00edan libertad y s\u00f3lo necrosaban el alma de los j\u00f3venes y los llevaban al desencanto, las JMJ representan una verdadera \u201cprimavera\u201d. [&hellip;]<\/p>\n","protected":false},"author":249,"featured_media":0,"comment_status":"open","ping_status":"closed","sticky":false,"template":"","format":"standard","meta":{"footnotes":""},"categories":[26],"tags":[],"class_list":["post-783","post","type-post","status-publish","format-standard","hentry","category-mundo"],"_links":{"self":[{"href":"http:\/\/eloficiodehistoriar.com.mx\/index.php?rest_route=\/wp\/v2\/posts\/783","targetHints":{"allow":["GET"]}}],"collection":[{"href":"http:\/\/eloficiodehistoriar.com.mx\/index.php?rest_route=\/wp\/v2\/posts"}],"about":[{"href":"http:\/\/eloficiodehistoriar.com.mx\/index.php?rest_route=\/wp\/v2\/types\/post"}],"author":[{"embeddable":true,"href":"http:\/\/eloficiodehistoriar.com.mx\/index.php?rest_route=\/wp\/v2\/users\/249"}],"replies":[{"embeddable":true,"href":"http:\/\/eloficiodehistoriar.com.mx\/index.php?rest_route=%2Fwp%2Fv2%2Fcomments&post=783"}],"version-history":[{"count":0,"href":"http:\/\/eloficiodehistoriar.com.mx\/index.php?rest_route=\/wp\/v2\/posts\/783\/revisions"}],"wp:attachment":[{"href":"http:\/\/eloficiodehistoriar.com.mx\/index.php?rest_route=%2Fwp%2Fv2%2Fmedia&parent=783"}],"wp:term":[{"taxonomy":"category","embeddable":true,"href":"http:\/\/eloficiodehistoriar.com.mx\/index.php?rest_route=%2Fwp%2Fv2%2Fcategories&post=783"},{"taxonomy":"post_tag","embeddable":true,"href":"http:\/\/eloficiodehistoriar.com.mx\/index.php?rest_route=%2Fwp%2Fv2%2Ftags&post=783"}],"curies":[{"name":"wp","href":"https:\/\/api.w.org\/{rel}","templated":true}]}}