{"id":784,"date":"2008-07-28T08:59:24","date_gmt":"2008-07-28T13:59:24","guid":{"rendered":"https:\/\/eloficiodehistoriar.com.mx\/?p=784"},"modified":"2008-07-28T08:59:24","modified_gmt":"2008-07-28T13:59:24","slug":"el-mensaje-a-los-jovenes-desde-australia","status":"publish","type":"post","link":"http:\/\/eloficiodehistoriar.com.mx\/?p=784","title":{"rendered":"El Mensaje a los j\u00f3venes desde Australia&#8230;"},"content":{"rendered":"<p><strong>P\u00d3RTICO<\/strong><\/p>\n<p><strong>Jaime Septi\u00e9n<\/p>\n<p><\/strong><\/p>\n<p><strong><img loading=\"lazy\" decoding=\"async\" border=\"0\" align=\"left\" width=\"70\" src=\"http:\/\/www.elobservadorenlinea.com\/images\/stories\/jaime_septien2.jpg\" hspace=\"6\" alt=\"Image\" height=\"70\" title=\"Image\" \/>\u00bfPodr\u00eda resumirse el mensaje papal a los j\u00f3venes en pocas palabras? Puede ser que s\u00ed: el amor a Cristo, la fe en Dios, es lo que colma el coraz\u00f3n del hombre de todas las edades, especialmente de los j\u00f3venes. Y una advertencia&#8230;<\/strong><\/p>\n<p>Ha terminado la Jornada Mundial de la Juventud. Miles son las im\u00e1genes de este encuentro de Benedicto XVI con j\u00f3venes de todo el mundo; m\u00e1s de 225 mil en una vigilia de oraci\u00f3n y alabanza al Sant\u00edsimo Sacramento, confesiones multitudinarias, alegr\u00eda en las calles, cantos, velas encendidas: \u00a1el milagro de la fe! De tantas im\u00e1genes me quedo con una: el Papa almorzando con 12 j\u00f3venes representantes de los cinco continentes; escuch\u00e1ndolos como un padre y tratando de ayudarles a resolver los problemas con los que se enfrentan d\u00eda a d\u00eda.<\/p>\n<p>En ese encuentro \u2014junto con una nueva y reiterada petici\u00f3n de perd\u00f3n a las v\u00edctimas de los abusos sexuales cometidos por malos sacerdotes de Australia, por gente que, dijo el Papa, no solamente traicion\u00f3 el sacerdocio sino que debe enfrentar a la justicia\u2014 mostr\u00f3 la profunda comprensi\u00f3n que tiene del mundo de hoy y del misterio de la entrega total a Cristo. Ense\u00f1\u00f3 al mundo que la humildad es su fortaleza y el amor a Dios la \u00fanica fuerza que nos puede dar esperanza de una vida mejor.<\/p>\n<p>\u00bfPodr\u00eda resumirse el mensaje papal a los j\u00f3venes en pocas palabras? Puede ser que s\u00ed: el amor a Cristo, la fe en Dios, es lo que colma el coraz\u00f3n del hombre de todas las edades, especialmente de los j\u00f3venes. Y una advertencia: que no se dejen encandilar por la locura del consumismo, por el relativismo moral que niega la existencia de cualquier tipo de normas morales. Es imposible que el ansia de infinito se llene con cosas materiales; es imposible que haya humanidad si el respeto a la vida, la defensa a la familia, la religi\u00f3n misma se toman como \u00abofertas intercambiables\u00bb con el aborto, las parejas de hecho, la negaci\u00f3n de Dios o la eugenesia que ha dado como resultado el desecho de los \u00abmenos dotados\u00bb para la vida terrestre.<\/p>\n<p>En otras palabras: es imposible la civilizaci\u00f3n y el amor si Cristo no est\u00e1 en medio, rigiendo nuestras almas, celebrando con nosotros la alabanza al Padre, alimentando el esp\u00edritu de paz y de justicia que es com\u00fan a todos nosotros. Ciertamente, esos 12 j\u00f3venes le dijeron al Papa que es dif\u00edcil ser joven y cristiano en estos tiempos. Pero el Papa les dijo, tambi\u00e9n, que hay un ideal, y que ese ideal es el Amor. S\u00f3lo por ese ideal vale la pena dar la vida. Misi\u00f3n cumplida en Sydney. La semilla ha ca\u00eddo en tierra f\u00e9rtil. Los j\u00f3venes vuelven a Jes\u00fas<\/p>\n","protected":false},"excerpt":{"rendered":"<p>P\u00d3RTICO Jaime Septi\u00e9n \u00bfPodr\u00eda resumirse el mensaje papal a los j\u00f3venes en pocas palabras? Puede ser que s\u00ed: el amor a Cristo, la fe en Dios, es lo que colma el coraz\u00f3n del hombre de todas las edades, especialmente de los j\u00f3venes. Y una advertencia&#8230; Ha terminado la Jornada Mundial de la Juventud. Miles son [&hellip;]<\/p>\n","protected":false},"author":249,"featured_media":0,"comment_status":"open","ping_status":"closed","sticky":false,"template":"","format":"standard","meta":{"footnotes":""},"categories":[26],"tags":[],"class_list":["post-784","post","type-post","status-publish","format-standard","hentry","category-mundo"],"_links":{"self":[{"href":"http:\/\/eloficiodehistoriar.com.mx\/index.php?rest_route=\/wp\/v2\/posts\/784","targetHints":{"allow":["GET"]}}],"collection":[{"href":"http:\/\/eloficiodehistoriar.com.mx\/index.php?rest_route=\/wp\/v2\/posts"}],"about":[{"href":"http:\/\/eloficiodehistoriar.com.mx\/index.php?rest_route=\/wp\/v2\/types\/post"}],"author":[{"embeddable":true,"href":"http:\/\/eloficiodehistoriar.com.mx\/index.php?rest_route=\/wp\/v2\/users\/249"}],"replies":[{"embeddable":true,"href":"http:\/\/eloficiodehistoriar.com.mx\/index.php?rest_route=%2Fwp%2Fv2%2Fcomments&post=784"}],"version-history":[{"count":0,"href":"http:\/\/eloficiodehistoriar.com.mx\/index.php?rest_route=\/wp\/v2\/posts\/784\/revisions"}],"wp:attachment":[{"href":"http:\/\/eloficiodehistoriar.com.mx\/index.php?rest_route=%2Fwp%2Fv2%2Fmedia&parent=784"}],"wp:term":[{"taxonomy":"category","embeddable":true,"href":"http:\/\/eloficiodehistoriar.com.mx\/index.php?rest_route=%2Fwp%2Fv2%2Fcategories&post=784"},{"taxonomy":"post_tag","embeddable":true,"href":"http:\/\/eloficiodehistoriar.com.mx\/index.php?rest_route=%2Fwp%2Fv2%2Ftags&post=784"}],"curies":[{"name":"wp","href":"https:\/\/api.w.org\/{rel}","templated":true}]}}