{"id":7846,"date":"2011-03-06T14:40:09","date_gmt":"2011-03-06T20:40:09","guid":{"rendered":"https:\/\/eloficiodehistoriar.com.mx\/?p=7846"},"modified":"2011-03-06T14:40:09","modified_gmt":"2011-03-06T20:40:09","slug":"el-aroma-de-cafe-y-don-benjamin-nunez-zuniga-por-mario-rodriguez","status":"publish","type":"post","link":"http:\/\/eloficiodehistoriar.com.mx\/?p=7846","title":{"rendered":"\u00abEl Aroma de caf\u00e9 y Don Benjam\u00edn N\u00fa\u00f1ez Z\u00fa\u00f1iga\u00bb por Mario Rodr\u00edguez"},"content":{"rendered":"<p>\u201cAQUELLOS TIEMPOS\u201d.<\/p>\n<p>Mario Rodr\u00edguez Estrada.- (Mario RE).-<\/p>\n<p>\u201cAL  AMIGO  ANTES QUE LO HAYAS MENESTER, PRUEBALO\u201d.- J.C. Amat.-<\/p>\n<p>Aromas de caf\u00e9 escanciado con gotas de camarader\u00eda.-<\/p>\n<p>Mi se\u00f1or padre, tal vez por su estresante trabajo, telegrafista ferrocarrilero, era un gran consumidor de tazas y tazas de caf\u00e9, calentado cercano al punto de ebullici\u00f3n, con muy poca az\u00facar y nada de leche\u2026su ejemplo me hizo aficionarme a la tan arom\u00e1tica bebida, acompa\u00f1ada, eso s\u00ed, con leche o crema y az\u00facar o piloncillo en abundancia, lo que me permit\u00eda largas jornadas de lectura; para no interrumpirla, dada su frecuente reposici\u00f3n, opt\u00e9 por adquirir recipientes cada vez m\u00e1s grandes, y seg\u00fan la profundidad e inter\u00e9s del libro, no me importaba mucho su temperatura y si su cantidad y buen sabor; sin casi sentirlo me convert\u00ed en cafein\u00f3mano, con gran alarma de amigos y parientes que me aconsejaban bajarle en su consumo, por corto tiempo trataba de hacerles caso, y a los pocos d\u00edas volv\u00eda a mi antigua pr\u00e1ctica de consumo.<\/p>\n<p> Como asiduo visitante a mi cercana Plaza comercial, all\u00e1 por la calle de Insurgentes Queretanos, deb\u00eda de pasar por un arom\u00e1tico expendio, llen\u00e1ndose mis pulmones de tan codiciado efluvio, un buen d\u00eda me atrev\u00ed a entrar y la buena suerte me hizo conocer a una persona extraordinaria, que con extrema diligencia, atingencia y bonhom\u00eda, atend\u00eda con pulcritud y elegancia a sus inn\u00fameros clientes, a muchos los llamaba por su nombre, antecediendo un respetuoso Don\u2026Don Juan, Don Pedro, o se\u00f1or o se\u00f1ora, seg\u00fan el caso\u2026aparte del buen trato, Don BENJAMIN  NU\u00d1EZ ZU\u00d1IGA, habla ingl\u00e9s, franc\u00e9s, italiano, lat\u00edn, lat\u00f3n y hasta acanalado, y no dudo que hasta abarca el esperanto, producto de sus continuos viajes por todos los puntos cardinales del globo terr\u00e1queo, lo que le ha dado una gran y amplia cultura, adem\u00e1s es musiquero como el que esto escribe, con grandes conocimientos de todos los tipos de ritmos musicales, con los cuales encanta, como moderno flautista de Hamelin a sus parroquianos y amigos\u2026Do\u00f1a AURORA, su gentil esposa, lo suple a veces para que tome cortos descansos, o lo env\u00eda en busca de las deliciosas galletas de tipo alem\u00e1n, a la cercana San Juan del R\u00edo, que liberalmente expenden\u2026Don Benjam\u00edn, no solo atiende placenteramente, sino que hace r\u00e9plica de cualquier pl\u00e1tica, ofreciendo, a los que no desean hablar, los peri\u00f3dicos diarios de Queretar\u00edn y de mexicalpan de las tunas, lo que personalmente aprovecho antes de pasar revista a mi diaria \u201cJornada\u201d. A veces coincidimos con su hijo Marco Antonio, experto en m\u00fasica y un verdadero Mago para conectar aparatos, un buen d\u00eda me lo rapt\u00e9 suplic\u00e1ndole me diese la mano para revisar mis viejos sistemas de sonido, lo que hizo con sabidur\u00eda tal que ahora ya ni quiero salir de casa, moderniz\u00f3 y coloc\u00f3 mis artilugios de tal manera, que ahora poseo un sonido celestial, que me transporta a otros mundos. <\/p>\n<p> Dicho lugar se ha convertido en punto de reuni\u00f3n de amigos y conocidos, algunos que no ve\u00edamos desde hace largos a\u00f1os; aparte del excelente caf\u00e9 degustamos, con discreci\u00f3n y mucho respeto, el paso de algunas de las m\u00e1s connotadas bellezas queretanas, algunas ya de tanto vernos por ah\u00ed, nos regalan caritativas y bellas sonrisas, lo que agradecemos desde lo m\u00e1s hondo de nuestros 73 a\u00f1os, a lo que nos da derecho, por  pertenecer al Club de admiradores de la quinta edad\u2026Los lunes y jueves nos reunimos con un joven-viejo poeta, ex alumno en la preparatoria de la UAQ, ahora ya jubilado de la misma, y aficionado como el que m\u00e1s, al caf\u00e9 de Don Benjam\u00edn y sus galletas, Jos\u00e9 Luis Sierra Salcedo, me soporta la pl\u00e1tica y hablamos de Espa\u00f1a, que conoce como pocos, de literatura, de pol\u00edtica, de econom\u00eda, de las familias de ambos, de nuestros amigos mutuos, de los personajes de Quer\u00e9taro, de M\u00e9xico y a veces hasta de algunos de los mundiales\u2026el caf\u00e9 corre liberalmente y la cuenta la pagamos en forma alternada, a veces le hacemos \u201cchapuza\u201d a nuestro \u201chostess\u201d y me armo con amplia bolsa de bolillos de la cercana tiendota, y as\u00ed pasan las horas, tratando de componer el mundo\u2026cuando la silla nos empieza a escocer en salva sea la parte, consultamos el reloj y nos despedimos, prometiendo vernos a la \u201cpr\u00f3xima\u201d \u2026en que les platicar\u00e9 a ustedes c\u00f3mo lleg\u00f3 el caf\u00e9 a nuestro pa\u00eds\u2026por lo pronto se despide su cafetero amigo de \u201cAquellos tiempos\u201d\u2026Mario RE   <\/p>\n","protected":false},"excerpt":{"rendered":"<p>\u201cAQUELLOS TIEMPOS\u201d. Mario Rodr\u00edguez Estrada.- (Mario RE).- \u201cAL AMIGO ANTES QUE LO HAYAS MENESTER, PRUEBALO\u201d.- J.C. Amat.- Aromas de caf\u00e9 escanciado con gotas de camarader\u00eda.- Mi se\u00f1or padre, tal vez por su estresante trabajo, telegrafista ferrocarrilero, era un gran consumidor de tazas y tazas de caf\u00e9, calentado cercano al punto de ebullici\u00f3n, con muy poca [&hellip;]<\/p>\n","protected":false},"author":249,"featured_media":0,"comment_status":"open","ping_status":"closed","sticky":false,"template":"","format":"standard","meta":{"footnotes":""},"categories":[8,10,3,9,7,5,4,6],"tags":[],"class_list":["post-7846","post","type-post","status-publish","format-standard","hentry","category-ciudad-de-queretaro","category-historia","category-huasteca-queretana","category-otros-lugares","category-queretaro-pre-hispanico","category-semidesierto","category-sierra-gorda","category-valles-centrales"],"_links":{"self":[{"href":"http:\/\/eloficiodehistoriar.com.mx\/index.php?rest_route=\/wp\/v2\/posts\/7846","targetHints":{"allow":["GET"]}}],"collection":[{"href":"http:\/\/eloficiodehistoriar.com.mx\/index.php?rest_route=\/wp\/v2\/posts"}],"about":[{"href":"http:\/\/eloficiodehistoriar.com.mx\/index.php?rest_route=\/wp\/v2\/types\/post"}],"author":[{"embeddable":true,"href":"http:\/\/eloficiodehistoriar.com.mx\/index.php?rest_route=\/wp\/v2\/users\/249"}],"replies":[{"embeddable":true,"href":"http:\/\/eloficiodehistoriar.com.mx\/index.php?rest_route=%2Fwp%2Fv2%2Fcomments&post=7846"}],"version-history":[{"count":1,"href":"http:\/\/eloficiodehistoriar.com.mx\/index.php?rest_route=\/wp\/v2\/posts\/7846\/revisions"}],"predecessor-version":[{"id":7847,"href":"http:\/\/eloficiodehistoriar.com.mx\/index.php?rest_route=\/wp\/v2\/posts\/7846\/revisions\/7847"}],"wp:attachment":[{"href":"http:\/\/eloficiodehistoriar.com.mx\/index.php?rest_route=%2Fwp%2Fv2%2Fmedia&parent=7846"}],"wp:term":[{"taxonomy":"category","embeddable":true,"href":"http:\/\/eloficiodehistoriar.com.mx\/index.php?rest_route=%2Fwp%2Fv2%2Fcategories&post=7846"},{"taxonomy":"post_tag","embeddable":true,"href":"http:\/\/eloficiodehistoriar.com.mx\/index.php?rest_route=%2Fwp%2Fv2%2Ftags&post=7846"}],"curies":[{"name":"wp","href":"https:\/\/api.w.org\/{rel}","templated":true}]}}