{"id":785,"date":"2008-07-28T09:22:32","date_gmt":"2008-07-28T14:22:32","guid":{"rendered":"https:\/\/eloficiodehistoriar.com.mx\/?p=785"},"modified":"2008-07-28T11:01:10","modified_gmt":"2008-07-28T16:01:10","slug":"tema-con-cuatro-aristas","status":"publish","type":"post","link":"http:\/\/eloficiodehistoriar.com.mx\/?p=785","title":{"rendered":"Tema con cuatro aristas&#8230;"},"content":{"rendered":"<p><strong><img loading=\"lazy\" decoding=\"async\" border=\"0\" align=\"left\" width=\"70\" src=\"http:\/\/www.elobservadorenlinea.com\/images\/stories\/contexto_eclesial.jpg\" hspace=\"6\" alt=\"Image\" height=\"70\" title=\"Image\" \/>El Papa consuela a v\u00edctimas de abusos sexuales<br \/>\n<\/strong><\/p>\n<p><strong>Abiertas las inscripciones para el Encuentro Mundial de las Familias<br \/>\n<\/strong><\/p>\n<p><strong>XL Aniversario de la Conferencia de Medell\u00edn<br \/>\n<\/strong><\/p>\n<p><strong>Llamamiento al Parlamento Europeo para que desista de criminalizar a los emigrantes<\/strong><\/p>\n<p><strong>El Papa consuela a v\u00edctimas de abusos sexuales<\/strong><\/p>\n<p>Antes de dejar Sidney, Benedicto XVI celebr\u00f3 una Misa y mantuvo un encuentro con v\u00edctimas de abusos sexuales de sacerdotes. El Papa escuch\u00f3 sus historias y les ha consolado, asegurando su cercan\u00eda espiritual, y ha prometido que seguir\u00e1 rezando por ellos, por sus familias y por todas las v\u00edctimas. Con este gesto paterno, el Santo Padre ha querido demostrar una vez m\u00e1s su solicitud hacia todos los que han sufrido a causa de abusos sexuales.<\/p>\n<p><strong>Abiertas las inscripciones para el Encuentro Mundial de las Familias<\/strong><\/p>\n<p>Los organizadores del VI Encuentro Mundial de las Familias informaron que ya est\u00e1n abiertas las inscripciones para quienes est\u00e9n interesados en participar en este evento a realizarse en la ciudad de M\u00e9xico el pr\u00f3ximo a\u00f1o. Los interesados en participar pueden ingresar al sitio web <a target=\"_blank\" href=\"http:\/\/www.emf2009.com\/\"><strong><font color=\"#993333\">www.emf2009.com<\/font><\/strong><\/a> , donde podr\u00e1n seguir los pasos de la inscripci\u00f3n, as\u00ed como conocer todo lo concerniente a esta jornada mundial.<\/p>\n<p><strong>XL Aniversario de la Conferencia de Medell\u00edn<\/strong><\/p>\n<p>El Consejo Episcopal Latinoamericano celebrar\u00e1 en Bogot\u00e1 el 40\u00ba aniversario de la II Conferencia General del Episcopado Latinoamericano de Medell\u00edn, que el Papa Pablo VI inaugur\u00f3 en Bogot\u00e1 en 1968. La celebraci\u00f3n se llevar\u00e1 a cabo del 22 al 24 de julio, en el marco de la Reuni\u00f3n General de Coordinaci\u00f3n 2008 del CELAM.<\/p>\n<p><strong>Llamamiento al Parlamento Europeo para que desista de criminalizar a los emigrantes<\/strong><\/p>\n<p>Los representantes de la Red de Caritas de Am\u00e9rica Latina y el Caribe, ha hecho un llamamiento al Parlamento Europeo y a sus representantes en los gobiernos de la Uni\u00f3n Europea, para que \u00abdesistan de la tendencia a la criminalizaci\u00f3n de las migraciones y a la expulsi\u00f3n de las personas en situaci\u00f3n irregular, que desde la pol\u00edtica migratoria com\u00fan vienen impulsando; tendencia que se concreta estos d\u00edas en la Directiva aprobada el 18 de junio por el Parlamento Europeo\u00bb.<\/p>\n<p>Tomado de \u00abEl Observador\u00bb del 27 de julio.<\/p>\n","protected":false},"excerpt":{"rendered":"<p>El Papa consuela a v\u00edctimas de abusos sexuales Abiertas las inscripciones para el Encuentro Mundial de las Familias XL Aniversario de la Conferencia de Medell\u00edn Llamamiento al Parlamento Europeo para que desista de criminalizar a los emigrantes El Papa consuela a v\u00edctimas de abusos sexuales Antes de dejar Sidney, Benedicto XVI celebr\u00f3 una Misa y [&hellip;]<\/p>\n","protected":false},"author":249,"featured_media":0,"comment_status":"open","ping_status":"closed","sticky":false,"template":"","format":"standard","meta":{"footnotes":""},"categories":[26],"tags":[],"class_list":["post-785","post","type-post","status-publish","format-standard","hentry","category-mundo"],"_links":{"self":[{"href":"http:\/\/eloficiodehistoriar.com.mx\/index.php?rest_route=\/wp\/v2\/posts\/785","targetHints":{"allow":["GET"]}}],"collection":[{"href":"http:\/\/eloficiodehistoriar.com.mx\/index.php?rest_route=\/wp\/v2\/posts"}],"about":[{"href":"http:\/\/eloficiodehistoriar.com.mx\/index.php?rest_route=\/wp\/v2\/types\/post"}],"author":[{"embeddable":true,"href":"http:\/\/eloficiodehistoriar.com.mx\/index.php?rest_route=\/wp\/v2\/users\/249"}],"replies":[{"embeddable":true,"href":"http:\/\/eloficiodehistoriar.com.mx\/index.php?rest_route=%2Fwp%2Fv2%2Fcomments&post=785"}],"version-history":[{"count":0,"href":"http:\/\/eloficiodehistoriar.com.mx\/index.php?rest_route=\/wp\/v2\/posts\/785\/revisions"}],"wp:attachment":[{"href":"http:\/\/eloficiodehistoriar.com.mx\/index.php?rest_route=%2Fwp%2Fv2%2Fmedia&parent=785"}],"wp:term":[{"taxonomy":"category","embeddable":true,"href":"http:\/\/eloficiodehistoriar.com.mx\/index.php?rest_route=%2Fwp%2Fv2%2Fcategories&post=785"},{"taxonomy":"post_tag","embeddable":true,"href":"http:\/\/eloficiodehistoriar.com.mx\/index.php?rest_route=%2Fwp%2Fv2%2Ftags&post=785"}],"curies":[{"name":"wp","href":"https:\/\/api.w.org\/{rel}","templated":true}]}}