{"id":7851,"date":"2011-03-07T16:52:25","date_gmt":"2011-03-07T22:52:25","guid":{"rendered":"https:\/\/eloficiodehistoriar.com.mx\/?p=7851"},"modified":"2011-03-07T16:52:25","modified_gmt":"2011-03-07T22:52:25","slug":"la-catedra-simone-de-beauvoir-fue-la-primera-en-america-latina-y-su-tema-el-estudio-de-genero","status":"publish","type":"post","link":"http:\/\/eloficiodehistoriar.com.mx\/?p=7851","title":{"rendered":"La C\u00e1tedra \u00abSimone de Beauvoir\u00bb fue la primera en Am\u00e9rica Latina y su tema el estudio de g\u00e9nero"},"content":{"rendered":"<p>Simone de Beauvoir<\/p>\n<p>La C\u00e1tedra Simone de Beauvoir surgi\u00f3 de la propuesta del Programa Interdisciplinario de Estudios de la Mujer, dentro de El Colegio de M\u00e9xico, con apoyo financiero de la Embajada de Francia y con la colaboraci\u00f3n del Programa Universitario de Estudios de G\u00e9nero de la UNAM. <\/p>\n<p>Fue la primera c\u00e1tedra de estudios de g\u00e9nero en Am\u00e9rica Latina dedicada a la figura de Simone de Beauvoir, pionera en la producci\u00f3n transformadora del feminismo.<\/p>\n<p>Para el establecimiento de esta C\u00e1tedra que se inaugur\u00f3 el 9 de noviembre de 2006, cont\u00f3 con el entusiasmo y dinamismo de un grupo de acad\u00e9micos como Elena Urrutia, Adriana Ortiz-Ortega, Karine Tinat, Jean Francois Prud\u2019homme por El Colegio de M\u00e9xico, Jean Franco por la Embajada de Francia y Mar\u00eda Isabel Belausteguigoitia, Luc\u00eda Melgar y Patricia Pi\u00f1ones por la UNAM.<\/p>\n<p>La C\u00e1tedra permiti\u00f3 traer a dos acad\u00e9micos franceses por a\u00f1o que impartieron conferencias magistrales o participaron en eventos sobre los estudios de g\u00e9nero tanto en El Colegio de M\u00e9xico como en la UNAM.<br \/>\nObjetivo<\/p>\n<p>Dialogar y compartir experiencias entre especialistas e investigadores de ambos pa\u00edses, desde una perspectiva de g\u00e9nero, que trabajan el tema desde distintas disciplinas de las ciencias sociales y las humanidades o bien se ocupan de problemas sociales actuales como violencia, inmigraci\u00f3n, pobreza, nuevas fronteras, globalizaci\u00f3n, nuevas sexualidades, as\u00ed como creadoras en el campo de las artes y de la literatura. <\/p>\n<p>Uno de los logros de la C\u00e1tedra es la elaboraci\u00f3n de los Cuadernos Simone de Beauvoir que ser\u00e1n publicados por el COLMEX y la UNAM. Ser\u00e1n 4 n\u00fameros. El primero de ellos es: G\u00e9nero, sexualidad y pol\u00edtica democr\u00e1tica de Eric Fassin, que sali\u00f3 en 2009 y que ya est\u00e1 agotado.<br \/>\nEventos e invitados<\/p>\n","protected":false},"excerpt":{"rendered":"<p>Simone de Beauvoir La C\u00e1tedra Simone de Beauvoir surgi\u00f3 de la propuesta del Programa Interdisciplinario de Estudios de la Mujer, dentro de El Colegio de M\u00e9xico, con apoyo financiero de la Embajada de Francia y con la colaboraci\u00f3n del Programa Universitario de Estudios de G\u00e9nero de la UNAM. Fue la primera c\u00e1tedra de estudios de [&hellip;]<\/p>\n","protected":false},"author":249,"featured_media":0,"comment_status":"open","ping_status":"closed","sticky":false,"template":"","format":"standard","meta":{"footnotes":""},"categories":[26],"tags":[],"class_list":["post-7851","post","type-post","status-publish","format-standard","hentry","category-mundo"],"_links":{"self":[{"href":"http:\/\/eloficiodehistoriar.com.mx\/index.php?rest_route=\/wp\/v2\/posts\/7851","targetHints":{"allow":["GET"]}}],"collection":[{"href":"http:\/\/eloficiodehistoriar.com.mx\/index.php?rest_route=\/wp\/v2\/posts"}],"about":[{"href":"http:\/\/eloficiodehistoriar.com.mx\/index.php?rest_route=\/wp\/v2\/types\/post"}],"author":[{"embeddable":true,"href":"http:\/\/eloficiodehistoriar.com.mx\/index.php?rest_route=\/wp\/v2\/users\/249"}],"replies":[{"embeddable":true,"href":"http:\/\/eloficiodehistoriar.com.mx\/index.php?rest_route=%2Fwp%2Fv2%2Fcomments&post=7851"}],"version-history":[{"count":1,"href":"http:\/\/eloficiodehistoriar.com.mx\/index.php?rest_route=\/wp\/v2\/posts\/7851\/revisions"}],"predecessor-version":[{"id":7852,"href":"http:\/\/eloficiodehistoriar.com.mx\/index.php?rest_route=\/wp\/v2\/posts\/7851\/revisions\/7852"}],"wp:attachment":[{"href":"http:\/\/eloficiodehistoriar.com.mx\/index.php?rest_route=%2Fwp%2Fv2%2Fmedia&parent=7851"}],"wp:term":[{"taxonomy":"category","embeddable":true,"href":"http:\/\/eloficiodehistoriar.com.mx\/index.php?rest_route=%2Fwp%2Fv2%2Fcategories&post=7851"},{"taxonomy":"post_tag","embeddable":true,"href":"http:\/\/eloficiodehistoriar.com.mx\/index.php?rest_route=%2Fwp%2Fv2%2Ftags&post=7851"}],"curies":[{"name":"wp","href":"https:\/\/api.w.org\/{rel}","templated":true}]}}