{"id":786,"date":"2008-07-28T11:28:04","date_gmt":"2008-07-28T16:28:04","guid":{"rendered":"https:\/\/eloficiodehistoriar.com.mx\/?p=786"},"modified":"2008-07-28T11:28:04","modified_gmt":"2008-07-28T16:28:04","slug":"%c2%bfpaloma-de-donde-vienes","status":"publish","type":"post","link":"http:\/\/eloficiodehistoriar.com.mx\/?p=786","title":{"rendered":"\u00bfPaloma de d\u00f3nde vienes?&#8230;"},"content":{"rendered":"<p><img decoding=\"async\" src=\"http:\/\/ts1.images.live.com\/images\/thumbnail.aspx?q=1616064157296&amp;id=44bf62ba6c2592d688256daa1c8b84c6\" alt=\"SanJuanVert.jpg\" style=\"width: 105px; cursor: pointer; height: 140px\" title=\"SanJuanVert.jpg\" class=\"img_thumb\" \/><img decoding=\"async\" src=\"http:\/\/ts3.images.live.com\/images\/thumbnail.aspx?q=1655176627906&amp;id=1655aa8df639df3828dee655b9b4bdb9\" alt=\"qro21.jpg\" style=\"width: 140px; cursor: pointer; height: 91px\" title=\"qro21.jpg\" class=\"img_thumb\" \/><img loading=\"lazy\" decoding=\"async\" width=\"160\" src=\"http:\/\/ts3.images.live.com\/images\/thumbnail.aspx?q=1654913828194&amp;id=81062075d7fcc6afc4fae71422172615\" alt=\"index_12.jpg\" height=\"120\" style=\"visibility: visible; width: 140px; cursor: pointer; height: 105px\" title=\"index_12.jpg\" class=\"img_thumb\" \/><img decoding=\"async\" src=\"http:\/\/ts2.images.live.com\/images\/thumbnail.aspx?q=1614755336189&amp;id=8a60e4f60fadde6d78c95d6c23671c23\" alt=\"puentedelahistoria.jpg\" style=\"visibility: visible; width: 140px; cursor: pointer; height: 90px\" title=\"puentedelahistoria.jpg\" class=\"img_thumb\" \/><img loading=\"lazy\" decoding=\"async\" width=\"426\" src=\"http:\/\/www.aquiqueretaro.com\/images\/SJuanRio\/DianaA.jpg\" height=\"312\" \/><\/p>\n<p>San Juan del R\u00edo, en el estado de Quer\u00e9taro. Tiene entre sus gentes a un maginifico cronista y mejor fot\u00f3grafo en Don J. Guadalupe Velazquez.<\/p>\n<p><a target=\"_blank\" href=\"http:\/\/null\/images\/SJuanRio\/DianaA.jpg\"><\/a><\/p>\n","protected":false},"excerpt":{"rendered":"<p>San Juan del R\u00edo, en el estado de Quer\u00e9taro. Tiene entre sus gentes a un maginifico cronista y mejor fot\u00f3grafo en Don J. Guadalupe Velazquez.<\/p>\n","protected":false},"author":249,"featured_media":0,"comment_status":"open","ping_status":"closed","sticky":false,"template":"","format":"standard","meta":{"footnotes":""},"categories":[11,6],"tags":[],"class_list":["post-786","post","type-post","status-publish","format-standard","hentry","category-fotografia","category-valles-centrales"],"_links":{"self":[{"href":"http:\/\/eloficiodehistoriar.com.mx\/index.php?rest_route=\/wp\/v2\/posts\/786","targetHints":{"allow":["GET"]}}],"collection":[{"href":"http:\/\/eloficiodehistoriar.com.mx\/index.php?rest_route=\/wp\/v2\/posts"}],"about":[{"href":"http:\/\/eloficiodehistoriar.com.mx\/index.php?rest_route=\/wp\/v2\/types\/post"}],"author":[{"embeddable":true,"href":"http:\/\/eloficiodehistoriar.com.mx\/index.php?rest_route=\/wp\/v2\/users\/249"}],"replies":[{"embeddable":true,"href":"http:\/\/eloficiodehistoriar.com.mx\/index.php?rest_route=%2Fwp%2Fv2%2Fcomments&post=786"}],"version-history":[{"count":0,"href":"http:\/\/eloficiodehistoriar.com.mx\/index.php?rest_route=\/wp\/v2\/posts\/786\/revisions"}],"wp:attachment":[{"href":"http:\/\/eloficiodehistoriar.com.mx\/index.php?rest_route=%2Fwp%2Fv2%2Fmedia&parent=786"}],"wp:term":[{"taxonomy":"category","embeddable":true,"href":"http:\/\/eloficiodehistoriar.com.mx\/index.php?rest_route=%2Fwp%2Fv2%2Fcategories&post=786"},{"taxonomy":"post_tag","embeddable":true,"href":"http:\/\/eloficiodehistoriar.com.mx\/index.php?rest_route=%2Fwp%2Fv2%2Ftags&post=786"}],"curies":[{"name":"wp","href":"https:\/\/api.w.org\/{rel}","templated":true}]}}