{"id":7861,"date":"2011-03-08T16:57:02","date_gmt":"2011-03-08T22:57:02","guid":{"rendered":"https:\/\/eloficiodehistoriar.com.mx\/?p=7861"},"modified":"2011-03-08T16:57:02","modified_gmt":"2011-03-08T22:57:02","slug":"las-mujeres-hablan-desde-la-tierra-sagrada-de-acteal","status":"publish","type":"post","link":"http:\/\/eloficiodehistoriar.com.mx\/?p=7861","title":{"rendered":"Las mujeres hablan, desde la tierra sagrada de Acteal"},"content":{"rendered":"<p>Organizaci\u00f3n de la Sociedad Civil las Abejas<\/p>\n<p>Tierra Sagrada de los m\u00e1rtires de Acteal<\/p>\n<p>Chiapas, M\u00e9xico<\/p>\n<p>8 de marzo de 2011<\/p>\n<p>A todas las Organizaciones Sociales y Pol\u00edticas<\/p>\n<p>A todas las y los Defensores de los Derechos Humanos<\/p>\n<p>A la prensa Nacional e Internacional<\/p>\n<p>A los medios independientes <\/p>\n<p>A la Sociedad Civil <\/p>\n<p>A la Otra Campa\u00f1a y <\/p>\n<p>A la Opini\u00f3n P\u00fablica<\/p>\n<p>8 de marzo d\u00eda internacional de las mujeres<\/p>\n<p>Hermanas y Hermanos los que hoy estamos reunidos en este centro ceremonial de los m\u00e1rtires de Acteal. Sabemos que el 8 de marzo es un d\u00eda muy importante para recordar que debe existir respeto a las mujeres. Mujeres adultas, ni\u00f1as y j\u00f3venes.<\/p>\n<p>Sabemos que las mujeres han sufrido demasiado desde hace muchos a\u00f1os, por ejemplo en Nueva York en 1857 un grupo de costureras tomaron una f\u00e1brica de textiles donde trabajaban, para exigir igualdad de salarios y horario justo, pero dicen que el patr\u00f3n no muy le gust\u00f3 y prendi\u00f3 fuego en la f\u00e1brica ah\u00ed murieron 146 costureras y otras quedaron heridas. <\/p>\n<p>Pero a\u00fan no ha terminado el sufrimiento, por eso este d\u00eda seguimos recordando la lucha de las mujeres para cambiar su vida. Aqu\u00ed en M\u00e9xico el gobierno no tiene respeto a las mujeres pero no solo el gobierno, sino tambi\u00e9n los hombres que nos maltratan y no nos dan permiso a caminar, a salir de nuestra casa para ir a las reuniones. Por eso este d\u00eda es muy importante reflexionar sobre los derechos de las mujeres.<\/p>\n<p>Salimos en la marcha para que sepan c\u00f3mo est\u00e1n sufriendo las mujeres en cada pueblo porque el gobierno no tiene respeto a escuchar las palabras de mujeres y hombres. El gobierno si ve que hay personas que est\u00e1n aprendiendo a defenderse lo mata. Igual como lo hizo matando a Digna Ochoa una mujer que hablaba con la verdad, el gobierno busc\u00f3 un hombre para que la matara. <\/p>\n<p>Ese sufrimiento pas\u00f3 aqu\u00ed en 1997 que mataron a muchas mujeres, quienes ofrecieron su casa para defender la vida de los desplazados que ven\u00edan huyendo de los paramilitares. Y estando haciendo oraci\u00f3n en la ermita fueron masacradas. Es por ellas que estamos gritando. Porque este d\u00eda recordamos a todas las mujeres que han sido masacradas y les pedimos a ellas que nos den fuerza para continuar nuestro camino hacia la justicia, libertad y para que no haya m\u00e1s maltratos. <\/p>\n<p>Queremos que el gobierno tenga respeto a nuestras palabras y que lo entienda, hoy les decimos a todos los gobiernos de diferentes estados y pa\u00edses que haya respeto a las mujeres. No queremos que pase otra vez tanto sufrimientos como en a\u00f1os anteriores. <\/p>\n<p>No queremos que los soldados que manda el gobierno est\u00e9n aqu\u00ed en nuestras comunidades. Les exigimos que se vayan de aqu\u00ed. Nada m\u00e1s vinieron a maltratarnos humill\u00e1ndonos con malas palabras en los caminos, en nuestras milpas, en nuestros cerros sagrados. Vinieron a molestar y violar sexualmente a muchas mujeres. <\/p>\n<p>Ya es hora de abrir nuestros ojos hablemos con la verdad y demos nuestra palabra para vivir en libertad. Amemos la paz, tomemos fuerza en nuestro coraz\u00f3n para construir un mundo en equilibrio, armon\u00eda y paz. <\/p>\n<p>Desde esta tierra sagrada agradecemos su ejemplo y mandamos nuestro saludo a nuestras hermanas y compa\u00f1eras en lucha de M\u00e9xico y el Mundo. A nuestras hermanas zapatistas les decimos que caminamos juntas en la construcci\u00f3n de una vida con justicia y dignidad, no tengan miedo, no desanimen, sigan su lucha para defender a los pueblos. Nosotras respetamos mucho su digna lucha. Compa\u00f1era Trini y todas las mujeres de Atenco les mandamos un saludo, reconocemos su valor y lucha por la libertad y defensa de su tierra. Hermanas de Ciudad Ju\u00e1rez y Chihuahua que han sufrido recientemente el asesinato de familiares les pedimos tengan fuerza para continuar luchando.<\/p>\n<p>A todas las mujeres ejemplares que est\u00e1n siendo amenazadas, hostigadas, vigiladas por defender los derechos y la vida de otras personas no tengan miedo sigan su vida no est\u00e1n solas estamos aqu\u00ed las mujeres de las abejas de Acteal.<\/p>\n<p>Para despedirnos queremos enviar un saludo grande a todas las mujeres y hombres solidarios con el movimiento de las Abejas de Acteal.<\/p>\n<p>Vivan las mujeres de todo el mundo!<\/p>\n<p>Vivan las ni\u00f1as de todo el mundo!<\/p>\n<p>Las mujeres damos la vida no queremos guerras!<\/p>\n<p>ATENTAMENTE <\/p>\n<p>LAS COORDINADORAS DE LAS MUJERES<\/p>\n<p>DE LA SOCIEDAD CIVIL LAS ABEJAS<\/p>\n","protected":false},"excerpt":{"rendered":"<p>Organizaci\u00f3n de la Sociedad Civil las Abejas Tierra Sagrada de los m\u00e1rtires de Acteal Chiapas, M\u00e9xico 8 de marzo de 2011 A todas las Organizaciones Sociales y Pol\u00edticas A todas las y los Defensores de los Derechos Humanos A la prensa Nacional e Internacional A los medios independientes A la Sociedad Civil A la Otra [&hellip;]<\/p>\n","protected":false},"author":249,"featured_media":0,"comment_status":"open","ping_status":"closed","sticky":false,"template":"","format":"standard","meta":{"footnotes":""},"categories":[26],"tags":[],"class_list":["post-7861","post","type-post","status-publish","format-standard","hentry","category-mundo"],"_links":{"self":[{"href":"http:\/\/eloficiodehistoriar.com.mx\/index.php?rest_route=\/wp\/v2\/posts\/7861","targetHints":{"allow":["GET"]}}],"collection":[{"href":"http:\/\/eloficiodehistoriar.com.mx\/index.php?rest_route=\/wp\/v2\/posts"}],"about":[{"href":"http:\/\/eloficiodehistoriar.com.mx\/index.php?rest_route=\/wp\/v2\/types\/post"}],"author":[{"embeddable":true,"href":"http:\/\/eloficiodehistoriar.com.mx\/index.php?rest_route=\/wp\/v2\/users\/249"}],"replies":[{"embeddable":true,"href":"http:\/\/eloficiodehistoriar.com.mx\/index.php?rest_route=%2Fwp%2Fv2%2Fcomments&post=7861"}],"version-history":[{"count":1,"href":"http:\/\/eloficiodehistoriar.com.mx\/index.php?rest_route=\/wp\/v2\/posts\/7861\/revisions"}],"predecessor-version":[{"id":7862,"href":"http:\/\/eloficiodehistoriar.com.mx\/index.php?rest_route=\/wp\/v2\/posts\/7861\/revisions\/7862"}],"wp:attachment":[{"href":"http:\/\/eloficiodehistoriar.com.mx\/index.php?rest_route=%2Fwp%2Fv2%2Fmedia&parent=7861"}],"wp:term":[{"taxonomy":"category","embeddable":true,"href":"http:\/\/eloficiodehistoriar.com.mx\/index.php?rest_route=%2Fwp%2Fv2%2Fcategories&post=7861"},{"taxonomy":"post_tag","embeddable":true,"href":"http:\/\/eloficiodehistoriar.com.mx\/index.php?rest_route=%2Fwp%2Fv2%2Ftags&post=7861"}],"curies":[{"name":"wp","href":"https:\/\/api.w.org\/{rel}","templated":true}]}}