{"id":7865,"date":"2011-03-08T17:02:49","date_gmt":"2011-03-08T23:02:49","guid":{"rendered":"https:\/\/eloficiodehistoriar.com.mx\/?p=7865"},"modified":"2011-03-08T17:02:49","modified_gmt":"2011-03-08T23:02:49","slug":"las-mujeres-hablan-desde-ocosingo","status":"publish","type":"post","link":"http:\/\/eloficiodehistoriar.com.mx\/?p=7865","title":{"rendered":"Las mujeres hablan desde Ocosingo"},"content":{"rendered":"<p>Ocosingo, Chiapas<\/p>\n<p>En el marco de la Campa\u00f1a \u201cLa tierra no se vende, mujeres y hombres la tenemos, la cultivamos y la defendemos\u201d, las mujeres que el d\u00eda ayer, 07 de marzo, nos reunimos para compartir la experiencia de nuestras luchas y analizar los problemas que afectan nuestras vidas, nuestras comunidades, nuestro Estado y pa\u00eds, tenemos claro que en M\u00e9xico y en Chiapas, la justicia no existe para nosotras. Se nos persigue, se nos viola, se nos priva de la libertad, se nos asesina. Nuestras hijas, hijos, hermanos, madres y padres tambi\u00e9n sufren las consecuencias del hostigamiento al que somos sometidas por defender y exigir nuestros derechos. En esta lucha a muchos de ellos los hemos perdido al igual que a otras tantas compa\u00f1eras y los culpables siguen sin castigo.<\/p>\n<p>Para nosotras, mujeres ind\u00edgenas y campesinas, el ej\u00e9rcito no garantiza la seguridad, por el contrario su presencia en las calles y en nuestras comunidades genera temor y m\u00e1s violencia. Y como tenerle confianza a una instituci\u00f3n que no acepta sus errores, que no permite que sus integrantes sean investigados y sancionados por autoridades civiles,  que evade cumplir con las recomendaciones y sentencias de organismos interamericanos de protecci\u00f3n a los derechos humanos. Basta recordar a las hermanas Gonz\u00e1lez P\u00e9rez quienes desde hace 17 a\u00f1os siguen luchando por justicia y castigo para los militares que las ultrajaron.<\/p>\n<p>Sabemos y hemos vivido como el gobierno, a trav\u00e9s de sus programas divide nuestras comunidades y nuestras familias. Hemos visto c\u00f3mo ha ido debilitando la organizaci\u00f3n y la resistencia despoj\u00e1ndonos de nuestros territorios, utilizando nuestras tierras y recursos para sus proyectos ecoturisticos o para la producci\u00f3n de agrocombustibles.  <\/p>\n<p>Consideramos que el PROCEDE ahora FANAR es una forma de disfrazar el despojo impulsado por el gobierno para convertir a la madre tierra en mercanc\u00eda y generar mayor pobreza y crisis alimentaria. Problemas de los que se ha servido  para comprar conciencias y generar traiciones de parte de nuestras autoridades y representantes.<\/p>\n<p>Compartimos la lucha de las mujeres canasteras en el municipio de Comit\u00e1n de Dom\u00ednguez quienes siguen exigiendo se les reconozca un espacio para comercializar sus productos pero tambi\u00e9n para que su palabra sea escuchada y no se tomen decisiones que resultan generar mayor presi\u00f3n para ellas al obligarlas a vender todos los d\u00edas sin tomar en cuenta el tiempo que le tienen que dedicar a la elaboraci\u00f3n de sus productos y a atender otras necesidades.<\/p>\n<p>Al gobierno le decimos: no es cierto que en Chiapas y en M\u00e9xico las mujeres tengamos garantizado el acceso a la justicia y que nuestras condiciones de vida hayan mejorado, por el contrario nuestros derechos siguen siendo ignorados,  seguimos siendo utilizadas a trav\u00e9s de los programas oficiales, como el Oportunidades, para mostrar el supuesto bienestar de la poblaci\u00f3n, cuando en realidad no se respetan nuestros tiempos ni nuestras decisiones, \u00e9stas se imponen y para la que no las cumpla la sanci\u00f3n es econ\u00f3mica o bien la expulsi\u00f3n, lo que refleja, una vez m\u00e1s, la pol\u00edtica gubernamental de uso de la pobreza para vencer y acabar resistencias.<\/p>\n<p>Las mujeres no queremos m\u00e1s divisiones, no queremos que nuestros hermanos se sigan confrontando, no queremos tener a m\u00e1s hijos, esposos o padres en las c\u00e1rceles, no queremos que el gobierno nos siga despojando del territorio que era de nuestros ancestros y por eso en esta Asamblea determinamos que la tierra tambi\u00e9n es nuestra porque la trabajamos junto con los hombres, porque la respetamos igual que los hombres, porque la sabemos cuidar igual que los hombres y por lo tanto s\u00ed es nuestra tambi\u00e9n la defenderemos junto con los hombres; y as\u00ed hombres, mujeres e hijos, toda la familia, vamos a cultivarla como una forma de resistencia contra este sistema capitalista neoliberal y patriarcal.<\/p>\n<p>Ante esta realidad exigimos,<\/p>\n<p>\u00b7        Se garantice el respeto del derecho de las mujeres a la tierra.<\/p>\n<p>\u00b7        Revisi\u00f3n y modificaci\u00f3n de Reglamentos Ejidales y Estatutos Comunales que violentan los derechos de las mujeres.<\/p>\n<p>\u00b7        Alto al despojo de tierras a las mujeres, a nuestras familias y a nuestras comunidades.<\/p>\n<p>\u00b7        Alto a la expulsi\u00f3n de mujeres de sus comunidades y ejidos.<\/p>\n<p>\u00b7        Alto al despojo en Agua Azul, Tila y Mitzit\u00f3n.<\/p>\n<p>\u00b7        Respeto a la autonom\u00eda y autodeterminaci\u00f3n de los pueblos ind\u00edgenas.<\/p>\n<p>\u00b7        Alto a las pol\u00edticas contrainsurgentes utilizadas por los gobiernos para reprimir las autonom\u00edas de los pueblos.<\/p>\n<p>\u00b7        Alto a la violencia que se ejerce hacia las canasteras de Comit\u00e1n. <\/p>\n<p>\u00b7        Justicia para las hermanas Gonz\u00e1lez P\u00e9rez.<\/p>\n<p>\u00b7        Juicio y castigo para los militares que violentan a las mujeres y a sus familias.<\/p>\n<p>\u00b7        Respeto a la lucha de las compa\u00f1eras y compa\u00f1eros que forman parte de la resistencia en Tonal\u00e1. <\/p>\n<p>\u00b7        Alto a la represi\u00f3n pol\u00edtica contra los defensores y defensoras de derechos humanos.<\/p>\n<p>&#8212;<br \/>\nCentro de Derechos<br \/>\nde la Mujer de Chiapas<\/p>\n","protected":false},"excerpt":{"rendered":"<p>Ocosingo, Chiapas En el marco de la Campa\u00f1a \u201cLa tierra no se vende, mujeres y hombres la tenemos, la cultivamos y la defendemos\u201d, las mujeres que el d\u00eda ayer, 07 de marzo, nos reunimos para compartir la experiencia de nuestras luchas y analizar los problemas que afectan nuestras vidas, nuestras comunidades, nuestro Estado y pa\u00eds, [&hellip;]<\/p>\n","protected":false},"author":249,"featured_media":0,"comment_status":"open","ping_status":"closed","sticky":false,"template":"","format":"standard","meta":{"footnotes":""},"categories":[26],"tags":[],"class_list":["post-7865","post","type-post","status-publish","format-standard","hentry","category-mundo"],"_links":{"self":[{"href":"http:\/\/eloficiodehistoriar.com.mx\/index.php?rest_route=\/wp\/v2\/posts\/7865","targetHints":{"allow":["GET"]}}],"collection":[{"href":"http:\/\/eloficiodehistoriar.com.mx\/index.php?rest_route=\/wp\/v2\/posts"}],"about":[{"href":"http:\/\/eloficiodehistoriar.com.mx\/index.php?rest_route=\/wp\/v2\/types\/post"}],"author":[{"embeddable":true,"href":"http:\/\/eloficiodehistoriar.com.mx\/index.php?rest_route=\/wp\/v2\/users\/249"}],"replies":[{"embeddable":true,"href":"http:\/\/eloficiodehistoriar.com.mx\/index.php?rest_route=%2Fwp%2Fv2%2Fcomments&post=7865"}],"version-history":[{"count":1,"href":"http:\/\/eloficiodehistoriar.com.mx\/index.php?rest_route=\/wp\/v2\/posts\/7865\/revisions"}],"predecessor-version":[{"id":7866,"href":"http:\/\/eloficiodehistoriar.com.mx\/index.php?rest_route=\/wp\/v2\/posts\/7865\/revisions\/7866"}],"wp:attachment":[{"href":"http:\/\/eloficiodehistoriar.com.mx\/index.php?rest_route=%2Fwp%2Fv2%2Fmedia&parent=7865"}],"wp:term":[{"taxonomy":"category","embeddable":true,"href":"http:\/\/eloficiodehistoriar.com.mx\/index.php?rest_route=%2Fwp%2Fv2%2Fcategories&post=7865"},{"taxonomy":"post_tag","embeddable":true,"href":"http:\/\/eloficiodehistoriar.com.mx\/index.php?rest_route=%2Fwp%2Fv2%2Ftags&post=7865"}],"curies":[{"name":"wp","href":"https:\/\/api.w.org\/{rel}","templated":true}]}}