{"id":787,"date":"2008-07-28T15:31:40","date_gmt":"2008-07-28T20:31:40","guid":{"rendered":"https:\/\/eloficiodehistoriar.com.mx\/?p=787"},"modified":"2008-07-28T15:31:40","modified_gmt":"2008-07-28T20:31:40","slug":"derechos-humanos-de-la-montana-informa-3","status":"publish","type":"post","link":"http:\/\/eloficiodehistoriar.com.mx\/?p=787","title":{"rendered":"Derechos humanos de La Monta\u00f1a, informa:"},"content":{"rendered":"<p class=\"EC_MsoNormal\"><em><span style=\"font-size: 11pt; font-family: Tahoma\">Compa\u00f1eras y compa\u00f1eros,<\/span><\/em><\/p>\n<p class=\"EC_MsoNormal\"><em><span style=\"font-size: 11pt; font-family: Tahoma\"><br \/>\n<\/span><\/em><\/p>\n<p class=\"EC_MsoNormal\"><em><span style=\"font-size: 11pt; font-family: Tahoma\">Reciban fraternales saludos de parte de todos los integrantes del Centro de Derechos Humanos de la Monta\u00f1a Tlachinollan. <\/span><\/em><\/p>\n<p class=\"EC_MsoNormal\"><em><span style=\"font-size: 11pt; font-family: Tahoma\">Ya les informamos en otro momento, que se present\u00f3 un amparo en contra del auto de formal prisi\u00f3n a los <\/span><\/em><em><span style=\"font-size: 11pt; font-family: Tahoma\">5 ind\u00edgenas, defensores de derechos humanos de la Organizaci\u00f3n del Pueblo Ind\u00edgena Me&#8217;phaa, detenidos y acusados de un homicidio que no cometieron. <\/span><\/em><\/p>\n<p class=\"EC_MsoNormal\"><em><span style=\"font-size: 11pt; font-family: Tahoma\">La audiencia para ese amparo, prevista para el 24 de julio, ha sido aplazada al <strong>martes 19 de agosto<\/strong> a la 1pm. En ese sentido, a\u00fan queda bastante tiempo para poder mandar cartas a la Juez Octavo de Distrito de Acapulco para pedirle que resuelva en apego a derecho y a la verdad, y que no se someta a presiones pol\u00edticas.<\/span><\/em><\/p>\n<p class=\"EC_MsoNormal\"><em><span style=\"font-size: 11pt; font-family: Tahoma\">Sus cartas hacen la diferencia. Si la comunidad de Mini Numa gan\u00f3 recientemente el amparo y se reconoci\u00f3 que el gobierno viol\u00f3 su derecho a la salud, sabemos que las centenas de cartas que llegaron al juez encargado de resolver influyeron en ese veredicto, exigiendo que se resuelva conforme a derecho. La comunidad de Mini Numa, junto con Tlachinollan, les agradecemos mucho por su apoyo.<\/span><\/em><\/p>\n<p class=\"EC_MsoNormal\"><em><span style=\"font-size: 11pt; font-family: Tahoma\">Por ese motivo, les invitamos de nuevo a hacer muestra de su solidaridad hacia los 5 compa\u00f1eros de la OPIM detenidos desde hace m\u00e1s de 3 meses, cuando no hay ninguna prueba contundente para inculparlos. En adjunto encontrar\u00e1n un borrador de carta. Gracias por mandarnos copia a <a href=\"mailto:tlachinollan.inter@gmail.com\">tlachinollan.inter@gmail.com<\/a> o por fax (+52) 757 476 12 00.<\/span><\/em><\/p>\n<p class=\"EC_MsoNormal\"><em><span style=\"font-size: 11pt; font-family: Tahoma\">Invitamos tambi\u00e9n a quienes est\u00e1n en esa posibilidad, a trasladarse a la ciudad de Acapulco para poder reunirse directamente con la Juez y as\u00ed expresar su preocupaci\u00f3n sobre ese caso.<\/span><\/em><\/p>\n<p class=\"EC_MsoNormal\"><em><span style=\"font-size: 11pt; font-family: Tahoma\">Por su solidaridad, muchas gracias<\/span><\/em><\/p>\n<p class=\"EC_MsoNormal\"><em><span style=\"font-size: 11pt; font-family: Tahoma\"><\/span><\/em><\/p>\n<p class=\"EC_MsoNormal\"><em><span style=\"font-size: 11pt; font-family: Tahoma\"><\/span><\/em><\/p>\n<p align=\"right\" style=\"text-align: right\" class=\"EC_MsoNormal\"><em><span style=\"font-size: 11pt; font-family: Tahoma\">Elena Cannie<\/span><\/em><\/p>\n<p align=\"right\" style=\"text-align: right\" class=\"EC_MsoNormal\"><em><span style=\"font-size: 11pt; font-family: Tahoma\">Coordinadora del Area Internacional<\/span><\/em><em><span style=\"font-size: 11pt; font-family: Tahoma\"><\/span><\/em><\/p>\n<p><br clear=\"all\" \/><br \/>\n&#8212;<br \/>\nElena Cannie &#8211; Coordinadora del Area Internacional<br \/>\nCentro de Derechos Humanos de la Monta\u00f1a Tlachinollan<br \/>\nMina # 77, Colonia Centro, CP 41304<br \/>\nTlapa de Comonfort, Guerrero &#8211; Mexico<br \/>\nTel: (52) 757 476 12 20 &#8211; Cel:(045) 757 105 42 73 &#8211; Skype: elenacannie<\/p>\n","protected":false},"excerpt":{"rendered":"<p>Compa\u00f1eras y compa\u00f1eros, Reciban fraternales saludos de parte de todos los integrantes del Centro de Derechos Humanos de la Monta\u00f1a Tlachinollan. Ya les informamos en otro momento, que se present\u00f3 un amparo en contra del auto de formal prisi\u00f3n a los 5 ind\u00edgenas, defensores de derechos humanos de la Organizaci\u00f3n del Pueblo Ind\u00edgena Me&#8217;phaa, detenidos [&hellip;]<\/p>\n","protected":false},"author":249,"featured_media":0,"comment_status":"open","ping_status":"closed","sticky":false,"template":"","format":"standard","meta":{"footnotes":""},"categories":[26],"tags":[],"class_list":["post-787","post","type-post","status-publish","format-standard","hentry","category-mundo"],"_links":{"self":[{"href":"http:\/\/eloficiodehistoriar.com.mx\/index.php?rest_route=\/wp\/v2\/posts\/787","targetHints":{"allow":["GET"]}}],"collection":[{"href":"http:\/\/eloficiodehistoriar.com.mx\/index.php?rest_route=\/wp\/v2\/posts"}],"about":[{"href":"http:\/\/eloficiodehistoriar.com.mx\/index.php?rest_route=\/wp\/v2\/types\/post"}],"author":[{"embeddable":true,"href":"http:\/\/eloficiodehistoriar.com.mx\/index.php?rest_route=\/wp\/v2\/users\/249"}],"replies":[{"embeddable":true,"href":"http:\/\/eloficiodehistoriar.com.mx\/index.php?rest_route=%2Fwp%2Fv2%2Fcomments&post=787"}],"version-history":[{"count":0,"href":"http:\/\/eloficiodehistoriar.com.mx\/index.php?rest_route=\/wp\/v2\/posts\/787\/revisions"}],"wp:attachment":[{"href":"http:\/\/eloficiodehistoriar.com.mx\/index.php?rest_route=%2Fwp%2Fv2%2Fmedia&parent=787"}],"wp:term":[{"taxonomy":"category","embeddable":true,"href":"http:\/\/eloficiodehistoriar.com.mx\/index.php?rest_route=%2Fwp%2Fv2%2Fcategories&post=787"},{"taxonomy":"post_tag","embeddable":true,"href":"http:\/\/eloficiodehistoriar.com.mx\/index.php?rest_route=%2Fwp%2Fv2%2Ftags&post=787"}],"curies":[{"name":"wp","href":"https:\/\/api.w.org\/{rel}","templated":true}]}}