{"id":788,"date":"2008-07-28T15:36:42","date_gmt":"2008-07-28T20:36:42","guid":{"rendered":"https:\/\/eloficiodehistoriar.com.mx\/?p=788"},"modified":"2008-07-28T15:36:42","modified_gmt":"2008-07-28T20:36:42","slug":"a-todos-los-pueblos-del-mundo-se-informa","status":"publish","type":"post","link":"http:\/\/eloficiodehistoriar.com.mx\/?p=788","title":{"rendered":"A todos los pueblos del mundo se informa:"},"content":{"rendered":"<p align=\"center\" style=\"margin-left: 13.85pt; text-align: center\" class=\"EC_MsoNormal\"><strong><span style=\"font-size: 18pt\" lang=\"ES-MX\">En riesgo 262 ind\u00edgenas na\u00b4savi de Zaragoza<br \/>\npor grietas y hundimientos<\/span><\/strong><\/p>\n<p align=\"center\" style=\"margin-left: 13.85pt; text-align: center\" class=\"EC_MsoNormal\"><strong><span style=\"font-size: 9pt\" lang=\"ES-MX\"><\/span><\/strong><\/p>\n<p style=\"text-indent: 0cm; text-align: justify\" class=\"EC_MsoNormal\"><span style=\"font-size: 9pt; font-family: Symbol\" lang=\"ES-MX\"><span>\u00b7<span style=\"font: 7pt 'Times New Roman'\">\u00a0 <\/span><\/span><\/span><em><span style=\"font-size: 9pt\">El fen\u00f3meno natural ocurre desde hace 10 a\u00f1os. <\/span><\/em><em><span style=\"font-size: 9pt\" lang=\"ES-MX\"><\/span><\/em><\/p>\n<p style=\"text-indent: 0cm; text-align: justify\" class=\"EC_MsoNormal\"><span style=\"font-size: 9pt; font-family: Symbol\" lang=\"ES-MX\"><span>\u00b7<span style=\"font: 7pt 'Times New Roman'\">\u00a0 <\/span><\/span><\/span><em><span style=\"font-size: 9pt\" lang=\"ES-MX\">\u00abEstamos desesperados y preocupados\u00bb: dice el Comisario<\/span><\/em><\/p>\n<p style=\"text-indent: 0cm; text-align: justify\" class=\"EC_MsoNormal\"><span style=\"font-size: 9pt; font-family: Symbol\" lang=\"ES-MX\"><span>\u00b7<span style=\"font: 7pt 'Times New Roman'\">\u00a0 <\/span><\/span><\/span><em><span style=\"font-size: 9pt\" lang=\"ES-MX\">Las autoridades deben atender de inmediato el riesgo que corre la comunidad <\/span><\/em><\/p>\n<p style=\"margin-left: 7.1pt; text-align: justify\" class=\"EC_MsoNormal\"><em><span style=\"font-size: 11pt; font-family: Arial\"><br \/>\nTlapa, Guerrero, M\u00e9xico a 25 de julio de 2008<\/span><\/em><span style=\"font-size: 11pt; font-family: Arial\">.- El crecimiento de grietas en el suelo y la proliferaci\u00f3n de peque\u00f1os borbollones de agua al interior de algunas viviendas de la comunidad na\u00b4savi (mixteca) de Zaragoza, municipio de Alcozauca, en la regi\u00f3n de la Monta\u00f1a, mantienen en estado de alerta a las 50 familias que habitan ese lugar, pues temen quedar sepultadas por un cerro.<\/span><\/p>\n<p style=\"margin-left: 7.1pt; text-align: justify\" class=\"EC_MsoNormal\"><span style=\"font-size: 11pt; font-family: Arial\">Este drama, ha provocado que en los \u00faltimos 10 a\u00f1os, cerca de 15 familias se hayan visto obligadas a abandonar sus hogares y reubicarse con sus propios recursos, mencion\u00f3 el Principal de la comunidad, Natalio Casia Rodr\u00edguez -por medio del joven traductor, Agust\u00edn Casia-, durante un recorrido que realizaron el jueves 23 por la zona afectada, abogados del Centro de Derechos Humanos de la Monta\u00f1a Tlachinollan, a invitaci\u00f3n de la poblaci\u00f3n.<\/span><\/p>\n<p style=\"margin-left: 7.1pt; text-align: justify\" class=\"EC_MsoNormal\"><span style=\"font-size: 11pt; font-family: Arial\">Natalio Casia de 62 a\u00f1os de edad y su esposa, Brigida Mart\u00ednez tuvieron que quedarse solos en el terreno que hasta hace una semana compart\u00edan con la familia de unos de sus hijos, pues \u00e9sta se fue a radicar a Tlapa porque \u00abaqu\u00ed ya no se puede vivir, se les cay\u00f3 su toda su cocina por el agua, aqu\u00ed el agua cae del cielo y sale de la tierra. Y uno se desespera, porque no sabemos c\u00f3mo le vamos a hacer\u00bb.<\/span><\/p>\n<p style=\"margin-left: 7.1pt; text-align: justify\" class=\"EC_MsoNormal\"><span style=\"font-size: 11pt; font-family: Arial\">\u00abLa comunidad de Zaragoza es un claro ejemplo de que a pesar de que a\u00fan cuando en el derecho internacional, toda persona tiene derecho a tener una vivienda, en la pr\u00e1ctica las autoridades federales, estatales y municipales violan esa garant\u00eda, pues no atienden el problema de fondo\u00bb, afirm\u00f3 la asesora jur\u00eddica de los ind\u00edgenas y abogada de Tlachinollan, Neil Arias Vitinio.<\/span><\/p>\n<p style=\"margin-left: 7.1pt; text-align: justify\" class=\"EC_MsoNormal\"><span style=\"font-family: Arial\"><\/span><strong><span style=\"font-size: 11pt; font-family: Arial\"><br \/>\n<\/span><\/strong>\u00a0<\/p>\n<p style=\"margin-left: 7.1pt; text-align: justify\" class=\"EC_MsoNormal\"><strong><span style=\"font-size: 11pt; font-family: Arial\">Dif\u00edcil el camino para acceder a una vivienda digna<\/span><\/strong><\/p>\n<p style=\"margin-left: 7.1pt; text-align: justify\" class=\"EC_MsoNormal\"><span style=\"font-size: 11pt; font-family: Arial\">Zaragoza es un anexo de la comunidad de San Vicente Zoyatl\u00e1n y se ubica a unas dos horas y media del municipio de Tlapa. Se llega hasta ese sitio por un camino de terracer\u00eda que parte del entronque que se forma con la carretera Tlapa-Metlat\u00f3noc. Los 262 habitantes que ah\u00ed hay, s\u00f3lo cuentan con el servicio de energ\u00eda el\u00e9ctrica, pues carecen de drenaje as\u00ed de una red de agua potable. Tampoco hay un centro de salud, s\u00f3lo una escuela primaria y un jard\u00edn de ni\u00f1os.<\/span><\/p>\n<p style=\"margin-left: 7.1pt; text-align: justify\" class=\"EC_MsoNormal\"><span style=\"font-size: 11pt; font-family: Arial\">El pueblo de Zaragoza se fund\u00f3 en 1940, en las laderas del Cerro 15 (conocido as\u00ed porque ah\u00ed estuvo Vicente Guerrero durante 15 d\u00edas), sin embargo, fue hasta en 1998, hace apenas unos 10 a\u00f1os cuando comenzaron a brotar borbollones de agua dentro de las viviendas que los pobladores aseguran que provienen del Cerro 15, no obstante, este fen\u00f3meno natural se intensifica en \u00e9pocas de lluvias, y por esto, el agua no s\u00f3lo corre por las calles, sino que nacen riachuelos al interior de las casas. Aunado a esta situaci\u00f3n, para el a\u00f1o 2006 aparecieron las primeras grietas que causaron da\u00f1os a dos viviendas as\u00ed como a la iglesia. Estas zanjas medias de 10 a 15 metros.<\/span><\/p>\n<p style=\"margin-left: 7.1pt; text-align: justify\" class=\"EC_MsoNormal\"><span style=\"font-size: 11pt; font-family: Arial\">Ante esto, la comunidad se organiz\u00f3 y en septiembre de 2006 comenz\u00f3 su lucha para exigir a las autoridades gubernamentales el acceso a su derecho a la vivienda, pues la violaci\u00f3n de esta les niega la posibilidad de vivir en condiciones dignas y sin riesgos. En ese andar tortuoso, entregaron oficios a distintos funcionarios, entre ellas al entonces titular de la secretar\u00eda de Gobierno, Armando Chavarr\u00eda Barrera quien canaliz\u00f3 su petici\u00f3n de audiencia a la Direcci\u00f3n Estatal de Protecci\u00f3n Civil, cuyos ge\u00f3logos realizaron un estudio en 2007 y dictaminaron que Zaragoza deb\u00eda reubicarse a \u00abotro lugar libre de riesgos\u00bb.<\/span><\/p>\n<p style=\"margin-left: 7.1pt; text-align: justify\" class=\"EC_MsoNormal\"><span style=\"font-size: 9pt; font-family: Arial\"><\/span><\/p>\n<p style=\"margin-left: 7.1pt; text-align: justify\" class=\"EC_MsoNormal\"><strong><span style=\"font-size: 11pt; font-family: Arial\">\u00abEstamos bien preocupados\u00bb: comisario<\/span><\/strong><\/p>\n<p style=\"margin-left: 7.1pt; text-align: justify\" class=\"EC_MsoNormal\"><span style=\"font-size: 11pt; font-family: Arial\">Sin embargo, ante la omisi\u00f3n de las autoridades a esta recomendaci\u00f3n, en esta \u00e9poca de lluvias, el escenario h\u00famedo prevalece en todas partes, peque\u00f1as corrientes de agua se ven adentro de las casas que afuera, como en los callejones. Por los deslaves, un poste de luz est\u00e1 a punto de caerse. Tambi\u00e9n hay un hundimiento de unos 60 cent\u00edmetros de profundidad en un terreno de siembra del se\u00f1or Venancio Mart\u00ednez y que est\u00e1 justo bajo la ladera del Cerro 15. Ah\u00ed la milpa se hundi\u00f3.<\/span><\/p>\n<p style=\"margin-left: 7.1pt; text-align: justify\" class=\"EC_MsoNormal\"><span style=\"font-size: 11pt; font-family: Arial\">Las familias de los campesinos Venancio Mart\u00ednez, Leonor Torres Mart\u00ednez y Pedro Mart\u00ednez Mu\u00f1oz tambi\u00e9n est\u00e1n en grave riesgo de que el cerro se les venga encima, porque se ubican en la falda de \u00e9ste. Dentro de otro terreno de siembra que se encuentra en la parte baja del pueblo, hay una grieta de casi tres metros de ancho. Cerca de ah\u00ed, de igual modo est\u00e1 la escuela primaria y el jard\u00edn de ni\u00f1os cuya cancha de b\u00e1squetbol fue tapada casi en su totalidad por un talud de tierra que se desprendi\u00f3 de la iglesia. Cerca de esa zona hay otras casas en riesgo. <\/span><\/p>\n<p style=\"margin-left: 7.1pt; text-align: justify\" class=\"EC_MsoNormal\"><span style=\"font-size: 11pt; font-family: Arial\">\u00abNuestro temor es que la iglesia se caiga y se tapen las escuelas de tierra, pues apenas hace unos tres d\u00edas hubo un asentamiento de tierra y de verdad que ya estamos desesperados, estamos preocupados, no sabemos c\u00f3mo nos van a apoyar las autoridades\u00bb, dijo el comisario municipal, Ra\u00fal Casia Garc\u00eda.<\/span><\/p>\n<p style=\"margin-left: 7.1pt; text-align: justify\" class=\"EC_MsoNormal\"><span style=\"font-size: 11pt; font-family: Arial\">Inform\u00f3 que a ra\u00edz de una serie de pl\u00e1ticas que han sostenido con peque\u00f1os propietarios de San Vicente Zoyatl\u00e1n, han comenzado a negociar la adquisici\u00f3n de 12 hect\u00e1reas \u2013cerca de Zaragoza- en donde podr\u00e1n reubicarse las 50 familias, sin embargo, dijo que \u00abpara comprarlo necesitamos 200 mil pesos y pues esperamos que nos ayuden, porque estamos bien preocupados, tenemos miedo de que se nos venga encima el cerro y nos aplaste\u00bb.<\/span><\/p>\n<p style=\"margin-left: 7.1pt; text-align: justify\" class=\"EC_MsoNormal\"><span style=\"font-size: 9pt; font-family: Arial\"><\/span><strong><span style=\"font-size: 11pt; font-family: Arial\">Zaragoza, un ejemplo del vac\u00edo gubernamental: Tlachinollan<\/span><\/strong><\/p>\n<p style=\"margin-left: 7.1pt; text-align: justify\" class=\"EC_MsoNormal\"><strong><span style=\"font-size: 7pt; font-family: Arial\"><\/span><\/strong><span style=\"font-size: 11pt; font-family: Arial\">Por su parte, Arias Vitinio consider\u00f3 que el caso de Zaragoza \u00abes un ejemplo del vac\u00edo gubernamental que hay en el tema de protecci\u00f3n civil, pues la comunidad ha estado a la deriva desde hace 10 a\u00f1os, sin que ninguna autoridad se comprometa a ayudarlos para reubicarlos y evitar una tragedia que est\u00e1 a punto de consumarse por las grandes agrietamientos que se siguen profundizando al grado que puede quedar sepultada toda la comunidad\u00bb.<\/span><\/p>\n<p style=\"margin-left: 7.1pt; text-align: justify\" class=\"EC_MsoNormal\"><span style=\"font-size: 11pt; font-family: Arial\">Se\u00f1al\u00f3 que \u00abla gente ha puesto todo su empe\u00f1o y ha invertido su dinero y su tiempo para hacer reaccionar a las autoridades con el fin de que les ayuden a comprar un terreno donde puedan reubicarse, pero ninguna autoridad quiere responsabilizarse de este problema, que nos recuerda el caso de San Rafael, municipio de Cochoapa el Grande, en donde la comunidad tuvo que apelar a recursos jur\u00eddicos para obligar a las autoridades les otorgaran medidas cautelares y atendieran la situaci\u00f3n de riesgo que enfrentaban\u00bb.<\/span><\/p>\n<p style=\"margin-left: 7.1pt; text-align: justify\" class=\"EC_MsoNormal\"><span style=\"font-size: 9pt; font-family: Arial\">\u00a0<\/span><span style=\"font-size: 11pt; font-family: Arial\">Ante esto, Arias Vitinio se\u00f1al\u00f3 que como Centro \u00abestamos demando a las autoridades que se avoquen a atender de manera inmediata el riesgo que corre la comunidad y que atiendan las recomendaciones y dict\u00e1menes que ha emitido la Direcci\u00f3n Estatal de Protecci\u00f3n Civil y el Consejo Nacional para la Prevenci\u00f3n de Desastres (Conapred)\u00bb.<\/span><\/p>\n<p>&#8212;<br \/>\nElena Cannie &#8211; Coordinadora del Area Internacional<br \/>\nCentro de Derechos Humanos de la Monta\u00f1a Tlachinollan<br \/>\nMina # 77, Colonia Centro, CP 41304<br \/>\nTlapa de Comonfort, Guerrero &#8211; Mexico<br \/>\nTel: (52) 757 476 12 20 &#8211; Cel:(045) 757 105 42 73 &#8211; Skype: elenacannie<\/p>\n","protected":false},"excerpt":{"rendered":"<p>En riesgo 262 ind\u00edgenas na\u00b4savi de Zaragoza por grietas y hundimientos \u00b7\u00a0 El fen\u00f3meno natural ocurre desde hace 10 a\u00f1os. \u00b7\u00a0 \u00abEstamos desesperados y preocupados\u00bb: dice el Comisario \u00b7\u00a0 Las autoridades deben atender de inmediato el riesgo que corre la comunidad Tlapa, Guerrero, M\u00e9xico a 25 de julio de 2008.- El crecimiento de grietas en [&hellip;]<\/p>\n","protected":false},"author":249,"featured_media":0,"comment_status":"open","ping_status":"closed","sticky":false,"template":"","format":"standard","meta":{"footnotes":""},"categories":[26],"tags":[],"class_list":["post-788","post","type-post","status-publish","format-standard","hentry","category-mundo"],"_links":{"self":[{"href":"http:\/\/eloficiodehistoriar.com.mx\/index.php?rest_route=\/wp\/v2\/posts\/788","targetHints":{"allow":["GET"]}}],"collection":[{"href":"http:\/\/eloficiodehistoriar.com.mx\/index.php?rest_route=\/wp\/v2\/posts"}],"about":[{"href":"http:\/\/eloficiodehistoriar.com.mx\/index.php?rest_route=\/wp\/v2\/types\/post"}],"author":[{"embeddable":true,"href":"http:\/\/eloficiodehistoriar.com.mx\/index.php?rest_route=\/wp\/v2\/users\/249"}],"replies":[{"embeddable":true,"href":"http:\/\/eloficiodehistoriar.com.mx\/index.php?rest_route=%2Fwp%2Fv2%2Fcomments&post=788"}],"version-history":[{"count":0,"href":"http:\/\/eloficiodehistoriar.com.mx\/index.php?rest_route=\/wp\/v2\/posts\/788\/revisions"}],"wp:attachment":[{"href":"http:\/\/eloficiodehistoriar.com.mx\/index.php?rest_route=%2Fwp%2Fv2%2Fmedia&parent=788"}],"wp:term":[{"taxonomy":"category","embeddable":true,"href":"http:\/\/eloficiodehistoriar.com.mx\/index.php?rest_route=%2Fwp%2Fv2%2Fcategories&post=788"},{"taxonomy":"post_tag","embeddable":true,"href":"http:\/\/eloficiodehistoriar.com.mx\/index.php?rest_route=%2Fwp%2Fv2%2Ftags&post=788"}],"curies":[{"name":"wp","href":"https:\/\/api.w.org\/{rel}","templated":true}]}}