{"id":7887,"date":"2011-03-10T08:59:23","date_gmt":"2011-03-10T14:59:23","guid":{"rendered":"https:\/\/eloficiodehistoriar.com.mx\/?p=7887"},"modified":"2011-03-10T08:59:23","modified_gmt":"2011-03-10T14:59:23","slug":"duele-la-sana-la-impotencia-y-la-mentira","status":"publish","type":"post","link":"http:\/\/eloficiodehistoriar.com.mx\/?p=7887","title":{"rendered":"\u00abDuele la sa\u00f1a, la impotencia y la mentira\u00bb"},"content":{"rendered":"<p>Por Jer\u00f3nimo S\u00e1nchez<\/p>\n<p>Duelen los ajenos dolores, los del otro<br \/>\nDuelen por cercanos<br \/>\nDuelen los dolores, los agravios<br \/>\nDuelen porque est\u00e1n en ellos y en nosotros<\/p>\n<p>Queman las l\u00e1grimas ajenas<br \/>\nCuando son la impotencia de los muchos<br \/>\nqueman por falta de esperanza<br \/>\nY porque anuda en garganta de nosotros<\/p>\n<p>Es la muerte que nos mira<br \/>\nHueca, de frente, sin miedo e insensible<br \/>\nConcentrada en la intenci\u00f3n y complacida<br \/>\nPor las tantas muertes que se adue\u00f1an de la vida<\/p>\n<p>Duele la mentira que difama<br \/>\nEl odio sin sentido que arremete<br \/>\nDuele la vida encarcelada<br \/>\nDe los muchos inocentes que perecen<\/p>\n<p>Duelen los delitos fabricados<br \/>\nDuelen los art\u00edfices de impunidad<br \/>\nDuelen doblemente porque ellos y nosotros<br \/>\nMorimos arrollados en su \u201clegalidad\u201d<\/p>\n<p>No duele la muerte que es de todos<br \/>\nLa que llega y de tajo se retira<br \/>\nDuele la impuesta, que aunque empieza<br \/>\nNos toma horas, d\u00edas, meses, a\u00f1os \u2026no termina<\/p>\n<p>Duele la sa\u00f1a, el gozo de all\u00e1 arriba<br \/>\nDuele la indolencia, la soberbia el desparpajo<br \/>\nDuele el miedo que se imparte con su leyes<br \/>\nDuele la rabia que se crece desde abajo<\/p>\n<p>Duele la muerte que se extiende en los cercanos<br \/>\nLa que llega irremediable hasta la casa<br \/>\nDuele el exilio que all\u00ed  viven<br \/>\nLos tuyos y su muerte fragmentada<\/p>\n<p>Simulada camina la muerte en los pasillos<br \/>\nEntre anaqueles, entre archivos y expedientes<br \/>\nSimulada camina entre los jueces<br \/>\nEntre leyes, ministerios y pudientes<\/p>\n<p>Descarnada camina en el palacio<br \/>\nDonde atiende a intereses mezquinos  e influyentes<br \/>\nAll\u00ed se entretejen y proyectan los destinos<br \/>\nDe un  abajo dolorido, desgarrado de su gente<\/p>\n<p>Duele el dolor de los agravios, la soberbia<br \/>\nDuele la sa\u00f1a, la impotencia y la mentira<br \/>\nDuele el odio que nos cubre y averg\u00fcenza<br \/>\nDuele la muerte que se impone desde arriba<\/p>\n<p>Duele lo que a todos la injusticia<br \/>\nDuele lo que a todos su \u201clegalidad\u201d<br \/>\nConmueve a todos su imprudencia<br \/>\nEs dolor de muerte su perversidad<\/p>\n","protected":false},"excerpt":{"rendered":"<p>Por Jer\u00f3nimo S\u00e1nchez Duelen los ajenos dolores, los del otro Duelen por cercanos Duelen los dolores, los agravios Duelen porque est\u00e1n en ellos y en nosotros Queman las l\u00e1grimas ajenas Cuando son la impotencia de los muchos queman por falta de esperanza Y porque anuda en garganta de nosotros Es la muerte que nos mira [&hellip;]<\/p>\n","protected":false},"author":249,"featured_media":0,"comment_status":"open","ping_status":"closed","sticky":false,"template":"","format":"standard","meta":{"footnotes":""},"categories":[26],"tags":[],"class_list":["post-7887","post","type-post","status-publish","format-standard","hentry","category-mundo"],"_links":{"self":[{"href":"http:\/\/eloficiodehistoriar.com.mx\/index.php?rest_route=\/wp\/v2\/posts\/7887","targetHints":{"allow":["GET"]}}],"collection":[{"href":"http:\/\/eloficiodehistoriar.com.mx\/index.php?rest_route=\/wp\/v2\/posts"}],"about":[{"href":"http:\/\/eloficiodehistoriar.com.mx\/index.php?rest_route=\/wp\/v2\/types\/post"}],"author":[{"embeddable":true,"href":"http:\/\/eloficiodehistoriar.com.mx\/index.php?rest_route=\/wp\/v2\/users\/249"}],"replies":[{"embeddable":true,"href":"http:\/\/eloficiodehistoriar.com.mx\/index.php?rest_route=%2Fwp%2Fv2%2Fcomments&post=7887"}],"version-history":[{"count":2,"href":"http:\/\/eloficiodehistoriar.com.mx\/index.php?rest_route=\/wp\/v2\/posts\/7887\/revisions"}],"predecessor-version":[{"id":7889,"href":"http:\/\/eloficiodehistoriar.com.mx\/index.php?rest_route=\/wp\/v2\/posts\/7887\/revisions\/7889"}],"wp:attachment":[{"href":"http:\/\/eloficiodehistoriar.com.mx\/index.php?rest_route=%2Fwp%2Fv2%2Fmedia&parent=7887"}],"wp:term":[{"taxonomy":"category","embeddable":true,"href":"http:\/\/eloficiodehistoriar.com.mx\/index.php?rest_route=%2Fwp%2Fv2%2Fcategories&post=7887"},{"taxonomy":"post_tag","embeddable":true,"href":"http:\/\/eloficiodehistoriar.com.mx\/index.php?rest_route=%2Fwp%2Fv2%2Ftags&post=7887"}],"curies":[{"name":"wp","href":"https:\/\/api.w.org\/{rel}","templated":true}]}}