{"id":789,"date":"2008-07-28T15:41:56","date_gmt":"2008-07-28T20:41:56","guid":{"rendered":"https:\/\/eloficiodehistoriar.com.mx\/?p=789"},"modified":"2008-07-28T15:41:56","modified_gmt":"2008-07-28T20:41:56","slug":"el-centro-de-derechos-humanos-frayba-informa","status":"publish","type":"post","link":"http:\/\/eloficiodehistoriar.com.mx\/?p=789","title":{"rendered":"El Centro de Derechos Humanos FRAYBA. informa:"},"content":{"rendered":"<p class=\"EC_MsoNormal\"><span style=\"font-size: 8pt; font-family: Arial\" lang=\"ES-MX\"><font color=\"#000000\">A LA OPINION P\u00daBLICA<\/font><\/span><\/p>\n<p class=\"EC_MsoNormal\"><span style=\"font-size: 8pt; font-family: Arial\" lang=\"ES-MX\"><font color=\"#000000\">A LAS JUNTAS DEL BUEN GOBIERNO.<\/font><\/span><\/p>\n<p class=\"EC_MsoNormal\"><span style=\"font-size: 8pt; font-family: Arial\" lang=\"ES-MX\"><font color=\"#000000\">A LA COMISION ZEZTA INTERNACIONAL<\/font><\/span><\/p>\n<p class=\"EC_MsoNormal\"><span style=\"font-size: 8pt; font-family: Arial\" lang=\"ES-MX\"><font color=\"#000000\">AL<span>\u00a0 <\/span>CENTRO DE DERECHOS HUMANOS<\/font><\/span><\/p>\n<p class=\"EC_MsoNormal\"><span style=\"font-size: 8pt; font-family: Arial\" lang=\"ES-MX\"><font color=\"#000000\">\u201cFRAY BARTOLOME DE LAS CASAS.<\/font><\/span><\/p>\n<p class=\"EC_MsoNormal\"><span style=\"font-size: 8pt; font-family: Arial\" lang=\"ES-MX\"><font color=\"#000000\">A LOS MEDIO DE COMUNICACI\u00d3N ALTERNATIVOS<\/font><\/span><\/p>\n<p class=\"EC_MsoNormal\"><span style=\"font-size: 8pt; font-family: Arial\" lang=\"ES-MX\"><font color=\"#000000\">A LA SOCIEDAD CIVIL NACIONAL E INTERNACIONAL<\/font><\/span><\/p>\n<p class=\"EC_MsoNormal\"><span style=\"font-size: 8pt; font-family: Arial\" lang=\"ES-MX\"><font color=\"#000000\">A LAS ORGANIZACIONES NO GOBERNAMENTALES.<\/font><\/span><\/p>\n<p class=\"EC_MsoNormal\"><span style=\"font-size: 8pt; font-family: Arial\" lang=\"ES-MX\"><font color=\"#000000\">A LOS ADHERENTES A <\/font><font color=\"#000000\">LA OTRA CAMPA\u00d1A<\/font><span style=\"color: #003366\">.<\/span><span style=\"color: #003366\"><\/span><\/span><\/p>\n<p class=\"EC_MsoNormal\"><span style=\"font-size: 8pt\"><\/span><\/p>\n<p class=\"EC_MsoNormal\"><span style=\"font-size: 8pt\"><\/span><\/p>\n<p style=\"text-align: justify\" class=\"EC_MsoNormal\"><span style=\"font-size: 8pt\"><font color=\"#000000\"><font face=\"Times New Roman\">LAS AUTORIDADES Y LOS HABITANTES DE LA COMUNIDAD DE MASOJA SHUCJA MUNICIPIO DE TILA, CHIAPAS. ADHERENTES A LA OTRA CAMPA\u00d1A DENUNCIAMOS LOS SIGUIENTES:<\/font><\/font><\/span><\/p>\n<p class=\"EC_MsoNormal\"><span style=\"font-size: 8pt\"><\/span><\/p>\n<p style=\"text-align: justify\" class=\"EC_MsoNormal\"><font color=\"#000000\"><font face=\"Times New Roman\"><strong><span style=\"font-size: 8pt\">PRIMERO:<\/span><\/strong><span style=\"font-size: 8pt\"> EL DIA 25 DE JULIO DEL 2008, REUNIDOS LAS AUTORIDADES<span>\u00a0 <\/span>EJIDALES Y AGENTES RURALES MUNICIPALES<span>\u00a0\u00a0 <\/span>EN UNO DE LAS AULAS DE LA ESCUELA PRIMARIA DE LA COMUNIDAD<span>\u00a0 <\/span>DE AGUA FRIA, TILA, CHIAPAS<span>\u00a0 <\/span>Y<span>\u00a0 <\/span>LOS ANEXO DE<span>\u00a0 <\/span>MASOJA GRANDE, MASOJA SHUCJA, JONIXTIE 2\u00aa.SECCION, MASOJA YOCHIJA, EL CASTA\u00d1O, AGUA FRIA,<span>\u00a0 <\/span>JONIXTIE 1\u00aa. SECCION. EL AGENTE RURAL MUNICIPAL DE LA COMUNIDAD DE JONIXTIE 2\u00aa SECCION. INFORMO QUE FUE CITADO EN LA SECION<span>\u00a0 <\/span>DE CABILDO, EN LA CABECERA MUNICIPAL, CON LAS AUTORIDADES MUNICIPALES DONDE RECIBIO INFORMACION SOBRE EL CATEO QUE<span>\u00a0 <\/span>ESTA PLANEANDO EL GOBIERNO DEL ESTADO DE CHIAPAS<span>\u00a0 <\/span>EN EL EJIDO MASOJA JONIXTIE, SOBRE<span>\u00a0 <\/span>ASALTOS OCURRIDOS RECIENTEMENTE DE TRAMO AGUA FRIA ENTRE JONIXTIE 1\u00aa. SECCION,<span>\u00a0\u00a0 <\/span>DONDE UNOS<span>\u00a0 <\/span>CAMIONEROS FUERON VICTIMAS DE ASALTOS<span>\u00a0 <\/span>QUE TRANSITABAN<span>\u00a0 <\/span>A ESOS CAMINOS.<\/span><\/font><\/font><\/p>\n<p style=\"text-align: justify\" class=\"EC_MsoNormal\"><span style=\"font-size: 8pt\"><font color=\"#000000\"><font face=\"Times New Roman\">LAS AUTORIDADES EJIDALES Y MUNICIPALES<span>\u00a0 <\/span>DE ESTA COMUNIDAD DE MASOJA SHUCJA, RECHAZAMOS<span>\u00a0 <\/span>ROTUNDAMENTE ESTE OPERATIVO O CATEOS<span>\u00a0 <\/span>EN CONTRA DE LAS PERSONA INOCENTES<span>\u00a0 <\/span>SOBRE ASALTOS Y OTROS PROBLEMAS OCURRIDOS<span>\u00a0 <\/span>EN NUESTRA COMUNIDAD Y ANEXOS, PORQUE AL LLERVARSE ACABO CATEOS<span>\u00a0 <\/span>SE VIOLAN LA PRIVACIDADES, LAS GARANTIAS INDIVIDUALES Y VIOLACION A LOS<span>\u00a0 <\/span>DERECHOS HUMANOS DE NUESTROS COMPA\u00d1EROS Y COMPA\u00d1ERAS. POR ESO INFORMAMOS EN TODO LOS MEDIOS EN NUESTROS ALCANCE.<\/font><\/font><\/span><\/p>\n<p style=\"text-align: justify\" class=\"EC_MsoNormal\"><span style=\"font-size: 8pt\"><\/span><\/p>\n<p style=\"text-align: justify\" class=\"EC_MsoNormal\"><font color=\"#000000\"><font face=\"Times New Roman\"><strong><span style=\"font-size: 8pt\">SEGUNDO:<\/span><\/strong><span style=\"font-size: 8pt\"> LOS PROBLEMAS QUE SE ESTA PRESENTANDO EN LOS ANEXOS Y EN NUESTRA COMUNIDAD<span>\u00a0 <\/span>ES PORQUE NO HEMOS TENIDO EL APOYO DE LAS AUTORIDADES MUNICIPALES Y ESTATALES PARA PONER ALTO LO QUE.<span>\u00a0\u00a0 <\/span>HA ESTADO CAUSADO ECHOS COMO ASALTOS, VANDALISMOS, DROGADICCION, VENTAS CLANDESTINOS DE ALCOHOL Y OTROS.<\/span><span style=\"font-size: 8pt; color: #003366; font-family: Arial\" lang=\"ES-MX\"><\/span><\/font><\/font><\/p>\n<p style=\"text-align: justify\" class=\"EC_MsoNormal\"><span style=\"font-size: 8pt\"><font color=\"#000000\"><font face=\"Times New Roman\"><span>\u00a0<\/span>NOSOTROS COMO AUTORIDADES<span>\u00a0 <\/span>HEMOS RECURRIDOS<span>\u00a0 <\/span>EN LAS INTANCIAS CORRESPONDIENTE PARA PEDIR SU INTERVENCION HAN HECHO CASO OMISO, SEG\u00daN NUESTROS<span>\u00a0\u00a0 <\/span>EXPEDIENTES<span>\u00a0 <\/span>FIRMADOS EN EL<span>\u00a0\u00a0 <\/span>ACTA DE ACUERDO POR LA PAZ Y RECONCILIACION<span>\u00a0 <\/span>DE LA ZONA NORTE DE TILA,<span>\u00a0 <\/span>CUANDO FUE GOBERNADOR DEL ESTADO DE CHIAPAS, EL C. PABLO SALAZAR MENDIGUCHIA. SE LE HA ENTREGADO OFICIOS DE INTERVENCION<span>\u00a0 <\/span>AL MINISTERIO P\u00daBLICO DE YAJALON, DE FECHA 30 DE OCTUBRE DEL 2006, RECIBIDO POR EL C. LIC. CONRADO T. ESPINOZA VILLALOBOS, SOBRE LA VENTA CLANDESTINO DEL ALCOHOL<span>\u00a0 <\/span>EN NUESTRA COMUNIDAD HASTA AHORA NO HEMOS TENIDO RESPUESTA ALGUNO., TAMBIEN SE LE HA ENTREGADO<span>\u00a0 <\/span>ACTAS DE ACUERDOS<span>\u00a0\u00a0 <\/span>DE INTERVECION<span>\u00a0 <\/span>DE LAS AUTORIDADES MUNICIPALES CUANDO FUE PRESIDENTE MUNICIPAL EL C, JESUS MENDEZ GUTIERREZ QUE RECIBIO EL JUEZ MUNICIPAL EL C. ESTEBAN MARTINEZ PEREZ DE FECHA 30 DE OCTUBRE DEL 2003 Y EL C. ARTURO JIMENEZ VAZQUEZ.. ASI MISMO LE PEDIMOS LA<span>\u00a0 <\/span>INTERVENCION DE LAS AUTORIDADES PARA CLAUSURAR LA VENTA CLANDESTINA DE<span>\u00a0 <\/span>ALCOHOL EN NUESTRA COMUNIDAD QUE ESTAN PLENAMENTE IDENTIFICADOS, POR<span>\u00a0 <\/span>SI NO<span>\u00a0 <\/span>INTERVIENEN LAS AUTORIDADES MUNICIPALES, ESTATALES Y LA SECRETARIA DE SALUD<span>\u00a0 <\/span>LO RESPONSABILIZAMOS EN LOS HECHOS O SUCESOS QUE PUDIECEN OCURRIR. POR EL CONSUMO DE ALCOHOL,<span>\u00a0 <\/span>HAN DESTRUIDO EL FUTURO DE LA<span>\u00a0 <\/span>NI\u00d1EZ Y LA JUVENTUD. <\/font><\/font><\/span><\/p>\n<p style=\"text-align: justify\" class=\"EC_MsoNormal\"><span style=\"font-size: 8pt\"><\/span><\/p>\n<p style=\"text-align: justify\" class=\"EC_MsoNormal\"><span style=\"font-size: 8pt\"><font color=\"#000000\"><font face=\"Times New Roman\">POR TODO LO DESCRITO ES PARA DAR A CONOCER LO QUE NOS ESTA TRAYENDO EL PROYECTO NEOLIBERAL, LOS PLANES Y PROYECTOS DE LOS TRES NIVELES DE GOBIERNOS, NO NOS HACEMOS CIEGOS ES PARTE DEL PLAN PUEBLA PANAMA, LOS OPERATIVOS O CATEOS ES PARTE DE LA REPRESION DE LAS ORGANIZACI\u00d3N QUE LUCHAN PARA RESISTIR ANTE EL MONSTRUO QUE PRETENDEN INVADIR NUESTRO PAIS CON PLANES<span>\u00a0 <\/span>INTERNACIONALES, RECUERDE QUE LUCHAR ES NUESTRO DERECHOS, REPRIMIR ES UN DELITO.<\/font><\/font><\/span><\/p>\n<p style=\"text-align: justify\" class=\"EC_MsoNormal\"><span style=\"font-size: 8pt\"><\/span><\/p>\n<p style=\"text-align: justify\" class=\"EC_MsoNormal\"><span style=\"font-size: 8pt\"><\/span><\/p>\n<p style=\"text-align: justify\" class=\"EC_MsoNormal\"><span style=\"font-size: 8pt\"><\/span><\/p>\n<p style=\"text-align: justify\" class=\"EC_MsoNormal\"><span style=\"font-size: 8pt\"><font color=\"#000000\"><font face=\"Times New Roman\">MASOJA SHUCJA, TILA, CHIAPAS., JULIO DEL 2008.<\/font><\/font><\/span><\/p>\n<p style=\"text-align: justify\" class=\"EC_MsoNormal\"><span style=\"font-size: 8pt\"><\/span><\/p>\n<p style=\"text-align: justify\" class=\"EC_MsoNormal\"><span style=\"font-size: 8pt\"><\/span><\/p>\n<p align=\"center\" style=\"text-align: center\" class=\"EC_MsoNormal\"><span style=\"font-size: 8pt\"><font color=\"#000000\"><font face=\"Times New Roman\">AUTORIDADES Y ADHERENTES A LA OTRA CAMPA\u00d1A<\/font><\/font><\/span><\/p>\n<p align=\"center\" style=\"text-align: center\" class=\"EC_MsoNormal\"><span style=\"font-size: 8pt\"><\/span><\/p>\n<p align=\"center\" style=\"text-align: center\" class=\"EC_MsoNormal\"><span style=\"font-size: 8pt\"><\/span><\/p>\n<p align=\"center\" style=\"text-align: center\" class=\"EC_MsoNormal\"><span style=\"font-size: 8pt\"><\/span><\/p>\n<p class=\"EC_MsoNormal\"><span style=\"font-size: 8pt\"><font color=\"#000000\"><font face=\"Times New Roman\">AGENTE RURAL<span>\u00a0 <\/span>MUNICIPAL.<span>\u00a0\u00a0\u00a0\u00a0\u00a0\u00a0\u00a0\u00a0\u00a0\u00a0\u00a0\u00a0\u00a0\u00a0\u00a0\u00a0\u00a0\u00a0\u00a0\u00a0\u00a0\u00a0\u00a0\u00a0\u00a0\u00a0\u00a0\u00a0\u00a0\u00a0\u00a0\u00a0\u00a0 <\/span><span>\u00a0\u00a0\u00a0\u00a0\u00a0\u00a0\u00a0\u00a0\u00a0\u00a0\u00a0\u00a0\u00a0\u00a0\u00a0\u00a0\u00a0\u00a0\u00a0\u00a0\u00a0\u00a0\u00a0\u00a0\u00a0\u00a0\u00a0\u00a0\u00a0\u00a0\u00a0\u00a0\u00a0\u00a0\u00a0\u00a0\u00a0\u00a0\u00a0\u00a0\u00a0\u00a0\u00a0\u00a0\u00a0\u00a0\u00a0\u00a0\u00a0\u00a0\u00a0\u00a0\u00a0\u00a0\u00a0\u00a0\u00a0\u00a0\u00a0\u00a0\u00a0\u00a0\u00a0\u00a0\u00a0\u00a0\u00a0\u00a0\u00a0\u00a0\u00a0\u00a0\u00a0\u00a0\u00a0\u00a0\u00a0\u00a0\u00a0\u00a0<\/span>CONSEJO DE VIGILANCIA<\/font><\/font><\/span><\/p>\n<p align=\"center\" style=\"text-align: center\" class=\"EC_MsoNormal\"><span style=\"font-size: 8pt\"><\/span><\/p>\n<p class=\"EC_MsoNormal\"><span style=\"font-size: 8pt\"><font color=\"#000000\"><font face=\"Times New Roman\">C. MATEO GUZMAN<span>\u00a0 <\/span>VAZQUEZ<span>\u00a0\u00a0\u00a0\u00a0\u00a0\u00a0\u00a0\u00a0\u00a0\u00a0\u00a0\u00a0\u00a0\u00a0\u00a0\u00a0\u00a0\u00a0\u00a0\u00a0\u00a0\u00a0\u00a0\u00a0\u00a0\u00a0 <\/span><span>\u00a0\u00a0\u00a0\u00a0\u00a0\u00a0\u00a0\u00a0\u00a0\u00a0\u00a0\u00a0\u00a0\u00a0\u00a0\u00a0\u00a0\u00a0\u00a0\u00a0\u00a0\u00a0\u00a0\u00a0\u00a0\u00a0\u00a0\u00a0\u00a0\u00a0\u00a0\u00a0\u00a0\u00a0\u00a0\u00a0\u00a0\u00a0\u00a0\u00a0\u00a0\u00a0\u00a0\u00a0\u00a0\u00a0\u00a0\u00a0\u00a0\u00a0\u00a0\u00a0\u00a0<\/span><span>\u00a0\u00a0\u00a0\u00a0\u00a0\u00a0\u00a0\u00a0\u00a0\u00a0\u00a0\u00a0\u00a0\u00a0\u00a0\u00a0\u00a0\u00a0\u00a0\u00a0\u00a0\u00a0\u00a0\u00a0\u00a0\u00a0<\/span><span>\u00a0\u00a0\u00a0<\/span>C. FLORENCIO GARCIA GOMEZ<\/font><\/font><\/span><\/p>\n<p style=\"text-align: justify\" class=\"EC_MsoNormal\"><span style=\"font-size: 8pt\"><\/span><\/p>\n<p style=\"text-align: justify\" class=\"EC_MsoNormal\"><span style=\"font-size: 8pt\"><\/span><\/p>\n<p style=\"text-align: justify\" class=\"EC_MsoNormal\"><span style=\"font-size: 8pt\"><\/span><\/p>\n<p style=\"text-align: justify\" class=\"EC_MsoNormal\"><span style=\"font-size: 8pt\"><\/span><\/p>\n<p style=\"text-align: justify\" class=\"EC_MsoNormal\"><span style=\"font-size: 8pt\"><\/span><\/p>\n<p align=\"center\" style=\"text-align: center\" class=\"EC_MsoNormal\"><span style=\"font-size: 8pt\"><font color=\"#000000\"><font face=\"Times New Roman\">REPRESENTE DEL PUDEE<\/font><\/font><\/span><\/p>\n<p align=\"center\" style=\"text-align: center\" class=\"EC_MsoNormal\"><span style=\"font-size: 8pt\"><\/span><\/p>\n<p align=\"center\" style=\"text-align: center\" class=\"EC_MsoNormal\"><span style=\"font-size: 8pt\"><\/span><\/p>\n<p align=\"center\" style=\"text-align: center\" class=\"EC_MsoNormal\"><span style=\"font-size: 8pt\"><font color=\"#000000\"><font face=\"Times New Roman\">C. MANUEL MARTINEZ PEREZ<\/font><\/font><\/span><\/p>\n<p class=\"EC_MsoNormal\">&nbsp;<\/p>\n<pre class=\"EC_moz-signature\">--  Centro de Derechos Humanos Fray Bartolom\u00e9 de Las Casas A.C. Calle Brasil #14, Barrio Mexicanos,  San Crist\u00f3bal de Las Casas, Chiapas, M\u00e9xico C\u00f3digo Postal: 29240 Tel +52 (967) 6787395, 6787396, 6783548 Fax +52 (967) 6783551<\/pre>\n","protected":false},"excerpt":{"rendered":"<p>A LA OPINION P\u00daBLICA A LAS JUNTAS DEL BUEN GOBIERNO. A LA COMISION ZEZTA INTERNACIONAL AL\u00a0 CENTRO DE DERECHOS HUMANOS \u201cFRAY BARTOLOME DE LAS CASAS. A LOS MEDIO DE COMUNICACI\u00d3N ALTERNATIVOS A LA SOCIEDAD CIVIL NACIONAL E INTERNACIONAL A LAS ORGANIZACIONES NO GOBERNAMENTALES. A LOS ADHERENTES A LA OTRA CAMPA\u00d1A. LAS AUTORIDADES Y LOS HABITANTES [&hellip;]<\/p>\n","protected":false},"author":249,"featured_media":0,"comment_status":"open","ping_status":"closed","sticky":false,"template":"","format":"standard","meta":{"footnotes":""},"categories":[26],"tags":[],"class_list":["post-789","post","type-post","status-publish","format-standard","hentry","category-mundo"],"_links":{"self":[{"href":"http:\/\/eloficiodehistoriar.com.mx\/index.php?rest_route=\/wp\/v2\/posts\/789","targetHints":{"allow":["GET"]}}],"collection":[{"href":"http:\/\/eloficiodehistoriar.com.mx\/index.php?rest_route=\/wp\/v2\/posts"}],"about":[{"href":"http:\/\/eloficiodehistoriar.com.mx\/index.php?rest_route=\/wp\/v2\/types\/post"}],"author":[{"embeddable":true,"href":"http:\/\/eloficiodehistoriar.com.mx\/index.php?rest_route=\/wp\/v2\/users\/249"}],"replies":[{"embeddable":true,"href":"http:\/\/eloficiodehistoriar.com.mx\/index.php?rest_route=%2Fwp%2Fv2%2Fcomments&post=789"}],"version-history":[{"count":0,"href":"http:\/\/eloficiodehistoriar.com.mx\/index.php?rest_route=\/wp\/v2\/posts\/789\/revisions"}],"wp:attachment":[{"href":"http:\/\/eloficiodehistoriar.com.mx\/index.php?rest_route=%2Fwp%2Fv2%2Fmedia&parent=789"}],"wp:term":[{"taxonomy":"category","embeddable":true,"href":"http:\/\/eloficiodehistoriar.com.mx\/index.php?rest_route=%2Fwp%2Fv2%2Fcategories&post=789"},{"taxonomy":"post_tag","embeddable":true,"href":"http:\/\/eloficiodehistoriar.com.mx\/index.php?rest_route=%2Fwp%2Fv2%2Ftags&post=789"}],"curies":[{"name":"wp","href":"https:\/\/api.w.org\/{rel}","templated":true}]}}