{"id":79,"date":"2008-05-20T16:48:18","date_gmt":"2008-05-20T21:48:18","guid":{"rendered":"https:\/\/eloficiodehistoriar.com.mx\/?p=79"},"modified":"2008-05-20T16:48:18","modified_gmt":"2008-05-20T21:48:18","slug":"templo-y-colegios-de-la-compania-de-jesus-en-queretaro","status":"publish","type":"post","link":"http:\/\/eloficiodehistoriar.com.mx\/?p=79","title":{"rendered":"Templo y colegios de La Compa\u00f1\u00eda de Jes\u00fas en Quer\u00e9taro"},"content":{"rendered":"<p align=\"center\" style=\"margin: 0cm 0cm 0pt; text-align: center\" class=\"MsoNormal\"><strong><span style=\"font-size: 18pt; font-family: Arial\">El Templo y Colegios de <st1:personname ProductID=\"la Compa??a\" w:st=\"on\">la Compa\u00f1\u00eda<\/st1:personname> de Jes\u00fas en Quer\u00e9taro<\/span><\/strong><\/p>\n<p align=\"center\" style=\"margin: 0cm 0cm 0pt; text-align: center\" class=\"MsoNormal\"><strong><span style=\"font-size: 18pt; font-family: Arial\"><\/span><\/strong><\/p>\n<p align=\"center\" style=\"margin: 0cm 0cm 0pt; text-align: center\" class=\"MsoNormal\"><strong><span style=\"font-size: 18pt; font-family: Arial\"><\/span><\/strong><\/p>\n<p><strong><span style=\"font-size: 18pt; font-family: Arial\"><o:p>\u00a0<\/o:p><\/span><\/strong><strong><span style=\"font-size: 18pt; font-family: Arial\"><o:p>\u00a0<\/o:p><\/span><\/strong><\/p>\n<h1 align=\"center\" style=\"margin: 0cm 0cm 0pt; text-align: center\"><span style=\"font-size: 12pt\" lang=\"ES-TRAD\"><font face=\"Arial\">Los Colegios Reales y Pontificios de<o:p><\/o:p><\/font><\/span><\/h1>\n<p><span style=\"font-family: Arial\"><strong>San Ignacio de Loyola y de San Francisco Javier<o:p><\/o:p><\/strong><\/span><strong><span style=\"font-family: Arial\">375 a\u00f1os en la educaci\u00f3n de la juventud queretana<o:p><\/o:p><\/span><\/strong><span style=\"font-family: Arial\"><o:p>\u00a0<\/o:p><\/span><span style=\"font-family: Arial\"><o:p>\u00a0<\/o:p><\/span><\/p>\n<h2 style=\"margin: 0cm 0cm 0pt\"><span style=\"font-size: 13pt\" lang=\"ES-TRAD\"><font face=\"Arial\">Parroquia Mayor de Santiago<o:p><\/o:p><\/font><\/span><\/h2>\n<p><strong><span style=\"font-size: 16pt; font-family: Arial\">Colegio Civil<o:p><\/o:p><\/span><\/strong><\/p>\n<p align=\"center\" style=\"margin: 0cm 0cm 0pt; text-align: center\" class=\"MsoNormal\"><strong><span style=\"font-size: 16pt; font-family: Arial\">Universidad Aut\u00f3noma de Quer\u00e9taro<\/span><\/strong><\/p>\n<p align=\"center\" style=\"margin: 0cm 0cm 0pt; text-align: center\" class=\"MsoNormal\"><strong><span style=\"font-size: 16pt; font-family: Arial\"><\/span><\/strong><\/p>\n<p><strong><span style=\"font-size: 16pt; font-family: Arial\"><o:p>\u00a0<\/o:p><\/span><\/strong><span style=\"font-size: 14pt; font-family: Arial\"><o:p>\u00a0<\/o:p><\/span><\/p>\n<table hspace=\"0\" vspace=\"0\" align=\"left\" cellPadding=\"0\" cellSpacing=\"0\">\n<tr>\n<td align=\"left\" vAlign=\"top\" style=\"background-color: transparent; border: #f0f0f0; padding: 0cm\"><strong><span style=\"font-size: 49.5pt; font-family: Arial\">C<o:p><\/o:p><\/span><\/strong><\/td>\n<\/tr>\n<\/table>\n<p style=\"margin: 0cm 0cm 0pt; text-align: justify\" class=\"MsoNormal\"><span style=\"font-family: Arial\">onstruidos en tres diferentes etapas, el templo y los colegios de <st1:personname ProductID=\"la Compa??a\" w:st=\"on\">la Compa\u00f1\u00eda<\/st1:personname> de Jes\u00fas, fueron la base de la educaci\u00f3n superior en Quer\u00e9taro y llegan hasta nuestros d\u00edas, como un legado en ciencia, arte, cultura e historia, de valor incalculable.<\/span><\/p>\n<p style=\"margin: 0cm 0cm 0pt; text-align: justify\" class=\"MsoNormal\"><span style=\"font-family: Arial\"><\/span><\/p>\n<p><span style=\"font-family: Arial\"><o:p>\u00a0<\/o:p><\/span><span style=\"font-family: Arial\"><o:p>\u00a0<\/o:p><\/span><\/p>\n<p style=\"margin: 0cm 0cm 0pt\" class=\"MsoBodyText\"><span lang=\"ES-TRAD\"><font face=\"Arial\">Despu\u00e9s del excelente beneficio con que nuestros fundadores erigieron para tanta gloria de Dios, aqueste colegio, tiene el primer lugar como insigne benefactor de \u00e9l, a nuestro hermano Tom\u00e1s Ram\u00edrez, coadjutor temporal de nuestra Compa\u00f1\u00eda de Jes\u00fas, a cuya solicitud y amor se debe el hermos\u00edsimo templo que hoy gozamos.<\/font><\/span><\/p>\n<p style=\"margin: 0cm 0cm 0pt\" class=\"MsoBodyText\"><span lang=\"ES-TRAD\"><\/span><\/p>\n<p><span lang=\"ES-TRAD\"><font face=\"Arial\"><o:p>\u00a0<\/o:p><\/font><\/span><span style=\"font-family: Arial\"><o:p>\u00a0<\/o:p><\/span><\/p>\n<p style=\"margin: 0cm 0cm 0pt; text-align: justify\" class=\"MsoNormal\"><span style=\"font-family: Arial\">Actualmente el templo de <st1:personname ProductID=\"la Compa??a\" w:st=\"on\">La Compa\u00f1\u00eda<\/st1:personname>, es sede de la primera Parroquia fundada en la ciudad, llamada de Santiago y los colegios son los claustros universitarios, en el \u00e1rea de humanidades.<\/span><\/p>\n<p style=\"margin: 0cm 0cm 0pt; text-align: justify\" class=\"MsoNormal\"><span style=\"font-family: Arial\"><\/span><\/p>\n<p><span style=\"font-family: Arial\"><o:p>\u00a0<\/o:p><\/span><span style=\"font-family: Arial\"><o:p>\u00a0<\/o:p><\/span><\/p>\n<p style=\"margin: 0cm 0cm 0pt; text-align: justify\" class=\"MsoNormal\"><span style=\"font-family: Arial\">Los inicios de la gran construcci\u00f3n dejada por los jesuitas en Quer\u00e9taro, comenz\u00f3 de manera muy sencilla, dice Luis Medina, de los manuscritos del archivo de su orden \u201cEl primer colegio o Iglesia que se fabric\u00f3 era demasiado corto e inc\u00f3modo\u201d \u201c<st1:personname ProductID=\"la Iglesia\" w:st=\"on\">La Iglesia<\/st1:personname> se improvis\u00f3 uniendo tres piezas de las casas reci\u00e9n adquiridas y para sal\u00f3n de clases tuvieron que adaptar otros de los cuartos\u201d.<\/span><\/p>\n<p style=\"margin: 0cm 0cm 0pt; text-align: justify\" class=\"MsoNormal\"><span style=\"font-family: Arial\"><\/span><\/p>\n<p><span style=\"font-family: Arial\"><o:p>\u00a0<\/o:p><\/span><span style=\"font-family: Arial\"><o:p>\u00a0<\/o:p><\/span><\/p>\n<p style=\"margin: 0cm 0cm 0pt; text-align: justify\" class=\"MsoNormal\"><em><span style=\"font-family: Arial\">\u00abLa iglesia y colegio de San Ignacio de Loyola, que fue de los regulares de la extinguida Compa\u00f1\u00eda de Jes\u00fas, que se fund\u00f3 el a\u00f1o de mil seiscientos veinticinco, cuyos insignes patronos y fundadores, fueron el Dr. D. Diego Barrientos, Alcalde mayor que fue de esta ciudad y de Do\u00f1a Mar\u00eda de Lomel\u00ed, su esposa.\u00bb<\/span><\/em><\/p>\n<p style=\"margin: 0cm 0cm 0pt; text-align: justify\" class=\"MsoNormal\"><em><span style=\"font-family: Arial\"><\/span><\/em><\/p>\n<p><em><span style=\"font-family: Arial\"><o:p>\u00a0<\/o:p><\/span><\/em><span style=\"font-family: Arial\"><o:p>\u00a0<\/o:p><\/span><\/p>\n<p style=\"margin: 0cm 0cm 0pt\" class=\"MsoBodyText2\"><em><span lang=\"ES-TRAD\"><font face=\"Arial\">Existe en el anexo del templo, un lienzo grande de los se\u00f1ores Barrientos Lomel\u00edn, firmada por Vallejo en 1752 y la capilla de <st1:personname ProductID=\"La Santa Escala\" w:st=\"on\">La Santa Escala<\/st1:personname>, terminada en 1806, es obra de Tom\u00e1s Javier de Peralta.<\/font><\/span><\/em><\/p>\n<p style=\"margin: 0cm 0cm 0pt\" class=\"MsoBodyText2\"><em><span lang=\"ES-TRAD\"><\/span><\/em><\/p>\n<p><em><span lang=\"ES-TRAD\"><font face=\"Arial\"><o:p>\u00a0<\/o:p><\/font><\/span><\/em><span style=\"font-family: Arial\"><o:p>\u00a0<\/o:p><\/span><\/p>\n<p style=\"margin: 0cm 0cm 0pt\" class=\"MsoBodyText3\"><span style=\"font-size: 12pt\" lang=\"ES-MX\"><font face=\"Arial\">La sacrist\u00eda contiene obras de gran inter\u00e9s, como la alegor\u00eda de las Virgen y otro lienzo de grandes dimensiones, <span>\u00a0\u00a0\u00a0\u00a0\u00a0\u00a0\u00a0\u00a0\u00a0\u00a0 <\/span>que representa a San Ignacio de Loyola, santos y miembros de <st1:personname ProductID=\"la Compa??a\" w:st=\"on\">la Compa\u00f1\u00eda<\/st1:personname> de Jes\u00fas. Obra de Noriega.<\/font><\/span><\/p>\n<p style=\"margin: 0cm 0cm 0pt\" class=\"MsoBodyText3\"><span style=\"font-size: 12pt\" lang=\"ES-MX\"><\/span><\/p>\n<p><span style=\"font-size: 12pt\" lang=\"ES-MX\"><font face=\"Arial\"><o:p>\u00a0<\/o:p><\/font><\/span><span style=\"font-family: Arial\"><o:p>\u00a0<\/o:p><\/span><\/p>\n<p style=\"margin: 0cm 0cm 0pt\" class=\"MsoNormal\"><span style=\"font-family: Arial\">En el a\u00f1o de 1733 los se\u00f1ores P\u00e9rez asignaron al colegio las haciendas de <st1:personname ProductID=\"La Presa\" w:st=\"on\">La Presa<\/st1:personname>, Huimilpan<span>\u00a0 <\/span>y Monte de Espejo.<\/span><\/p>\n<p style=\"margin: 0cm 0cm 0pt\" class=\"MsoNormal\"><span style=\"font-family: Arial\"><\/span><\/p>\n<p><span style=\"font-family: Arial\"><o:p>\u00a0<\/o:p><\/span><span style=\"font-family: Arial\"><o:p>\u00a0<\/o:p><\/span><\/p>\n<p style=\"margin: 0cm 0cm 0pt\" class=\"MsoNormal\"><span style=\"font-family: Arial\">La iglesia, en su construcci\u00f3n tiende del barroco al ultrabarroco, la torre es de tres cuerpos, la b\u00f3veda es de ca\u00f1\u00f3n con un crucero muy capaz dec\u00edan.<\/span><\/p>\n<p style=\"margin: 0cm 0cm 0pt\" class=\"MsoNormal\"><span style=\"font-family: Arial\"><\/span><\/p>\n<p><span style=\"font-family: Arial\"><o:p>\u00a0<\/o:p><\/span><span style=\"font-family: Arial\"><o:p>\u00a0<\/o:p><\/span><\/p>\n<p style=\"margin: 0cm 0cm 0pt; text-align: justify\" class=\"MsoNormal\"><span style=\"font-family: Arial\">El Padre Javier Lucerna fue<span>\u00a0 <\/span>rector de estos colegios y lo fue hasta el 25 de junio de 1767, en que fueron expatriados y el 20 de agosto de 1771 el Colegio de San Ignacio fue dedicado a los seminaristas del colegio de San Francisco Javier,<span>\u00a0 <\/span>\u00e9ste a sede de la milicia y el templo a sede de la parroquia de Santiago.<\/span><\/p>\n<p style=\"margin: 0cm 0cm 0pt; text-align: justify\" class=\"MsoNormal\"><span style=\"font-family: Arial\"><\/span><\/p>\n<p><span style=\"font-family: Arial\"><o:p>\u00a0<\/o:p><\/span><span style=\"font-family: Arial\"><o:p>\u00a0<\/o:p><\/span><\/p>\n<p style=\"margin: 0cm 0cm 0pt\" class=\"MsoNormal\"><span style=\"font-family: Arial\">El 25 de julio de 1814, el Ayuntamiento de la ciudad entreg\u00f3 una escultura del ap\u00f3stol Santiago, obra de Mariano Arce a esta sede parroquial o templo de <st1:personname ProductID=\"la Compa??a\" w:st=\"on\">la Compa\u00f1\u00eda<\/st1:personname> de Jes\u00fas.<\/span><\/p>\n<p style=\"margin: 0cm 0cm 0pt\" class=\"MsoNormal\"><span style=\"font-family: Arial\"><\/span><\/p>\n<p><span style=\"font-family: Arial\">\u00a0<o:p><\/o:p><\/span><span style=\"font-family: Arial\"><o:p>\u00a0<\/o:p><\/span><\/p>\n<p style=\"margin: 0cm 0cm 0pt; text-align: justify\" class=\"MsoNormal\"><span style=\"font-family: Arial\">El conjunto art\u00edstico que forman en el templo de <st1:personname ProductID=\"la Compa??a\" w:st=\"on\">la Compa\u00f1\u00eda<\/st1:personname> de Jes\u00fas,<span>\u00a0 <\/span>su atrio enrejado, el torreoncillo sosteniendo <st1:personname ProductID=\"la Cruz Atrial\" w:st=\"on\">la Cruz Atrial<\/st1:personname>, su botarel, la puerta de acceso al portal de peregrinos, con un copete caprichoso, la espada\u00f1a y la portada, es de un claro y t\u00edpico estilo queretano.<\/span><\/p>\n<p style=\"margin: 0cm 0cm 0pt; text-align: justify\" class=\"MsoNormal\"><span style=\"font-family: Arial\"><\/span><\/p>\n<p><span style=\"font-family: Arial\"><o:p>\u00a0<\/o:p><\/span><span style=\"font-family: Arial\"><o:p>\u00a0<\/o:p><\/span><\/p>\n<p style=\"margin: 0cm 0cm 0pt; text-align: justify\" class=\"MsoNormal\"><span style=\"font-family: Arial\">El<span>\u00a0 <\/span>Colegio de San Ignacio de Loyola y su insuperable patio barroco, sede del convento jesuita, m\u00e1s<span>\u00a0 <\/span>el colegio de San Francisco Javier, con sus dos patios, el de Los Naranjos y el principal, son muestra del arte y la cultura local, de los siglos XVll y XVlll.<\/span><\/p>\n<p style=\"margin: 0cm 0cm 0pt; text-align: justify\" class=\"MsoNormal\"><span style=\"font-family: Arial\"><\/span><\/p>\n<p><span style=\"font-family: Arial\"><o:p>\u00a0<\/o:p><\/span><span style=\"font-family: Arial\"><o:p>\u00a0<\/o:p><\/span><\/p>\n<p style=\"margin: 0cm 0cm 0pt; text-align: justify\" class=\"MsoNormal\"><span style=\"font-family: Arial\">Este conjunto urban\u00edstico, esta ubicado entre las calles, una la llamada,<span>\u00a0 <\/span>Calle Nueva o del Maestro Pr\u00f3spero C. Vega y la otra, la del Sol Divino, ahora, 16 de septiembre. <\/span><\/p>\n<p style=\"margin: 0cm 0cm 0pt; text-align: justify\" class=\"MsoNormal\"><span style=\"font-family: Arial\"><\/span><\/p>\n<p><span style=\"font-family: Arial\"><o:p>\u00a0<\/o:p><\/span><span style=\"font-family: Arial\"><o:p>\u00a0<\/o:p><\/span><\/p>\n<p style=\"margin: 0cm 0cm 0pt; text-align: justify\" class=\"MsoNormal\"><span style=\"font-family: Arial\">Llegar al encuentro de este lugar, viniendo del poniente, en su par\u00e1metro lateral, se admira un curioso botarel en forma de r\u00f3leo y en el atrio, una puerta de acceso al claustro, por el Portal de Peregrinos, con una portada por dem\u00e1s interesante, en cantera almohadillada y enroscado copete.<\/span><\/p>\n<p style=\"margin: 0cm 0cm 0pt; text-align: justify\" class=\"MsoNormal\"><span style=\"font-family: Arial\"><\/span><\/p>\n<p><span style=\"font-family: Arial\"><o:p>\u00a0<\/o:p><\/span><span style=\"font-family: Arial\"><o:p>\u00a0<\/o:p><\/span><\/p>\n<p style=\"margin: 0cm 0cm 0pt; text-align: justify\" class=\"MsoNormal\"><span style=\"font-family: Arial\">En el interior del templo, en forma de cruz latina, desde la entrada hasta el altar mayor, la vista se topa con una interesant\u00edsima galer\u00eda de esculturas, de los grandes santeros queretanos, principalmente de santos jesuitas.<\/span><\/p>\n<p style=\"margin: 0cm 0cm 0pt; text-align: justify\" class=\"MsoNormal\"><span style=\"font-family: Arial\"><\/span><\/p>\n<p><span style=\"font-family: Arial\"><o:p>\u00a0<\/o:p><\/span><span style=\"font-family: Arial\"><o:p>\u00a0<\/o:p><\/span><\/p>\n<p style=\"margin: 0cm 0cm 0pt; text-align: justify\" class=\"MsoNormal\"><span style=\"font-family: Arial\">Los santos jesuitas, tallados por los santeros queretanos, recrean la vista y dejan ver las manos maravillosas de los indios otom\u00edes, interpretando la cultura impuesta.<\/span><\/p>\n<p style=\"margin: 0cm 0cm 0pt; text-align: justify\" class=\"MsoNormal\"><span style=\"font-family: Arial\"><\/span><\/p>\n<p><span style=\"font-family: Arial\"><o:p>\u00a0<\/o:p><\/span><span style=\"font-family: Arial\"><o:p>\u00a0<\/o:p><\/span><\/p>\n<p style=\"margin: 0cm 0cm 0pt; text-align: justify\" class=\"MsoNormal\"><span style=\"font-family: Arial\">Desfilan: San Felipe Neri, San Cayetano de Tahine, San Juan Nepomuceno, San Juan Bergman, San Francisco de Borja, San Francisco Javier, San Ignacio de Loyola.<\/span><\/p>\n<p style=\"margin: 0cm 0cm 0pt; text-align: justify\" class=\"MsoNormal\"><span style=\"font-family: Arial\"><\/span><\/p>\n<p><span style=\"font-family: Arial\"><o:p>\u00a0<\/o:p><\/span><span style=\"font-family: Arial\"><o:p>\u00a0<\/o:p><\/span><\/p>\n<p style=\"margin: 0cm 0cm 0pt; text-align: justify\" class=\"MsoNormal\"><span style=\"font-family: Arial\">A mitad de la nave, frente a la capilla, se contempla un conjunto escult\u00f3rico llamado \u00abEl Calvario\u00bb.<span>\u00a0 <\/span>En la capilla anexa, se encuentra otro conjunto, este sobre el tema de \u00ab<st1:personname ProductID=\"La Trinidad\" w:st=\"on\">La Trinidad<\/st1:personname>\u00ab, acompa\u00f1ada de cuatro \u00e1ngeles y dos santos mercedarios abandonados.<\/span><\/p>\n<p style=\"margin: 0cm 0cm 0pt; text-align: justify\" class=\"MsoNormal\"><span style=\"font-family: Arial\"><\/span><\/p>\n<p><span style=\"font-family: Arial\"><o:p>\u00a0<\/o:p><\/span><span style=\"font-family: Arial\"><o:p>\u00a0<\/o:p><\/span><\/p>\n<p style=\"margin: 0cm 0cm 0pt; text-align: justify\" class=\"MsoNormal\"><span style=\"font-family: Arial\">En el crucero se encuentran las dos grandes devociones auspiciadas por los jesuitas, <st1:personname ProductID=\"la Virgen\" w:st=\"on\">La Virgen<\/st1:personname> de <st1:personname ProductID=\"la Luz\" w:st=\"on\">La Luz<\/st1:personname> y <st1:personname ProductID=\"la Virgen\" w:st=\"on\">la Virgen<\/st1:personname> de Guadalupe.<\/span><\/p>\n<p style=\"margin: 0cm 0cm 0pt; text-align: justify\" class=\"MsoNormal\"><span style=\"font-family: Arial\"><\/span><\/p>\n<p><span style=\"font-family: Arial\"><o:p>\u00a0<\/o:p><\/span><span style=\"font-family: Arial\"><o:p>\u00a0<\/o:p><\/span><\/p>\n<p style=\"margin: 0cm 0cm 0pt; text-align: justify\" class=\"MsoNormal\"><span style=\"font-family: Arial\"><span>\u00a0<\/span>Se entra a la sacrist\u00eda por una hermosa puerta enmarcada en columnas corintias rematadas y un hermoso copete y a sus espaldas, una escalerilla curiosa y doble, que sube al claustro.<\/span><\/p>\n<p style=\"margin: 0cm 0cm 0pt; text-align: justify\" class=\"MsoNormal\"><span style=\"font-family: Arial\"><\/span><\/p>\n<p><span style=\"font-family: Arial\"><o:p>\u00a0<\/o:p><\/span><span style=\"font-family: Arial\"><o:p>\u00a0<\/o:p><\/span><\/p>\n<p style=\"margin: 0cm 0cm 0pt; text-align: justify\" class=\"MsoNormal\"><span style=\"font-family: Arial\">Un mueble de \u00e9poca, de pared a pared, sirve de base a dos lienzos enmarcados en oro, el uno San Ignacio de Loyola celebrando la misa ante sus religiosos y el otro los santos de su orden ante <st1:personname ProductID=\"La Trinidad\" w:st=\"on\">La Trinidad<\/st1:personname>, son<span>\u00a0 <\/span>los pinceles del oaxaque\u00f1o, Miguel Cabrera, en una armon\u00eda<span>\u00a0\u00a0 <\/span>de muebles y arquitectura.<\/span><\/p>\n<p style=\"margin: 0cm 0cm 0pt; text-align: justify\" class=\"MsoNormal\"><span style=\"font-family: Arial\"><\/span><\/p>\n<p><span style=\"font-family: Arial\"><o:p>\u00a0<\/o:p><\/span><span style=\"font-family: Arial\"><o:p>\u00a0<\/o:p><\/span><\/p>\n<p style=\"margin: 0cm 0cm 0pt; text-align: justify\" class=\"MsoNormal\"><span style=\"font-family: Arial\">Los<span>\u00a0 <\/span>j\u00f3venes de esta ciudad deb\u00edan ir a la ciudad de M\u00e9xico para recibir educaci\u00f3n formal y quienes no pod\u00edan, sus hijos permanec\u00edan en la ociosidad, es por ello que fue bien recibida por toda la poblaci\u00f3n la llegada de los padres jesuitas, quienes de inmediato comenzaron sus clases de latinidad con los m\u00e1s peque\u00f1os, hasta llegar a formar los grandes colegios.<\/span><\/p>\n<p style=\"margin: 0cm 0cm 0pt; text-align: justify\" class=\"MsoNormal\"><span style=\"font-family: Arial\"><\/span><\/p>\n<p><span style=\"font-family: Arial\"><o:p>\u00a0<\/o:p><\/span><span style=\"font-family: Arial\"><o:p>\u00a0<\/o:p><\/span><\/p>\n<p style=\"margin: 0cm 0cm 0pt; text-align: justify\" class=\"MsoNormal\"><span style=\"font-family: Arial\">Un 12 de marzo de 1618 se otorgaron las debidas licencias para la fundaci\u00f3n del templo y los reales y pontificios colegios. Por m\u00e1s de 150 a\u00f1os impartieron los jesuitas educaci\u00f3n a los j\u00f3venes queretanos, hasta el 25 de junio de 1767, cuando por decreto del rey Carlos lll, fueron expulsados.<\/span><\/p>\n<p style=\"margin: 0cm 0cm 0pt; text-align: justify\" class=\"MsoNormal\"><span style=\"font-family: Arial\"><\/span><\/p>\n<p><span style=\"font-family: Arial\"><o:p>\u00a0<\/o:p><\/span><span style=\"font-family: Arial\"><o:p>\u00a0<\/o:p><\/span><\/p>\n<p style=\"margin: 0cm 0cm 0pt; text-align: justify\" class=\"MsoNormal\"><span style=\"font-family: Arial\">Las etapas de construcci\u00f3n de estos edificios se dieron, primero la de Diego Barrientos, al inicio en 1625, posteriormente y ante la pobreza que enfrentaban los colegios, Juan Caballero y Osio, emprendi\u00f3 la segunda \u00e9poca de construcci\u00f3n y apoyo, a finales del siglo XVll y por \u00faltimo, los propios padres jesuitas, los terminaron tal como se encuentran, por el a\u00f1o de 1755.<\/span><\/p>\n<p style=\"margin: 0cm 0cm 0pt; text-align: justify\" class=\"MsoNormal\"><span style=\"font-family: Arial\"><\/span><\/p>\n<p><span style=\"font-family: Arial\"><o:p>\u00a0<\/o:p><\/span><span style=\"font-family: Arial\"><o:p>\u00a0<\/o:p><\/span><\/p>\n<p style=\"margin: 0cm 0cm 0pt; text-align: justify\" class=\"MsoNormal\"><em><span style=\"font-family: Arial\">\u00abLos claustros de abajo est\u00e1n adornados con unos muy pulidos lienzos de la vida del gran patriarca San Ignacio, iguales a los de la casa de <st1:personname ProductID=\"la Profesa\" w:st=\"on\">la Profesa<\/st1:personname>, en M\u00e9xico, pintados todos por el insigne maestro Miguel Cabrera\u00bb<\/span><\/em><\/p>\n<p style=\"margin: 0cm 0cm 0pt; text-align: justify\" class=\"MsoNormal\"><em><span style=\"font-family: Arial\"><\/span><\/em><\/p>\n<p><em><span style=\"font-family: Arial\"><o:p>\u00a0<\/o:p><\/span><\/em><span style=\"font-family: Arial\"><o:p>\u00a0<\/o:p><\/span><\/p>\n<p style=\"margin: 0cm 0cm 0pt; text-align: justify\" class=\"MsoNormal\"><span style=\"font-family: Arial\">El patio central es de cinco arcos de medio punto de cada lado y de canter\u00eda, al centro hay una fuente octagonal, con distribuidor central y dos gradas hacia abajo. La escalera tiene barandilla de hierro forjado, comienza con una sola escalera y en el descanso se divide en dos, al lado poniente de las escaleras en el piso de abajo esta la capilla o cripario de los jesuitas.<\/span><\/p>\n<p style=\"margin: 0cm 0cm 0pt; text-align: justify\" class=\"MsoNormal\"><span style=\"font-family: Arial\"><\/span><\/p>\n<p><span style=\"font-family: Arial\"><o:p>\u00a0<\/o:p><\/span><span style=\"font-family: Arial\"><o:p>\u00a0<\/o:p><\/span><\/p>\n<p style=\"margin: 0cm 0cm 0pt; text-align: justify\" class=\"MsoNormal\"><span style=\"font-family: Arial\">El 20 de marzo de 1770, acord\u00f3 el Ayuntamiento de la ciudad, poner en servicio los colegios de San Ignacio y San Francisco Javier, desocupados, debido a la expulsi\u00f3n de los jesuitas, como cuartel del escuadr\u00f3n de caballer\u00eda de las milicias provinciales de la ciudad.<\/span><\/p>\n<p style=\"margin: 0cm 0cm 0pt; text-align: justify\" class=\"MsoNormal\"><span style=\"font-family: Arial\"><\/span><\/p>\n<p><span style=\"font-family: Arial\"><o:p>\u00a0<\/o:p><\/span><span style=\"font-family: Arial\"><o:p>\u00a0<\/o:p><\/span><\/p>\n<p style=\"margin: 0cm 0cm 0pt; text-align: justify\" class=\"MsoNormal\"><span style=\"font-family: Arial\">Extinguida <st1:personname ProductID=\"la Orden\" w:st=\"on\">la Orden<\/st1:personname> religiosa de los padres jesuitas, por Bula del Papa Clemente XlV, el 21 de julio de 1773, se orden\u00f3 al primer cura cl\u00e9rigo de la ciudad, Dr. D. Joseph Antonio de <st1:personname ProductID=\"la V?a\" w:st=\"on\">la V\u00eda<\/st1:personname>, para que trasladase la sede de la parroquia de Santiago, provisionalmente en el templo de <st1:personname ProductID=\"la Congregaci?n\" w:st=\"on\">La Congregaci\u00f3n<\/st1:personname>, al templo de <st1:personname ProductID=\"la Compa??a\" w:st=\"on\">la Compa\u00f1\u00eda<\/st1:personname> de Jes\u00fas, donde permanece hasta la fecha.<\/span><\/p>\n<p style=\"margin: 0cm 0cm 0pt; text-align: justify\" class=\"MsoNormal\"><span style=\"font-family: Arial\"><\/span><\/p>\n<p><span style=\"font-family: Arial\"><o:p>\u00a0<\/o:p><\/span><span style=\"font-family: Arial\"><o:p>\u00a0<\/o:p><\/span><\/p>\n<p style=\"margin: 0cm 0cm 0pt; text-align: justify\" class=\"MsoNormal\"><span style=\"font-family: Arial\">El \u00faltimo rector jesuita de los reales y pontificios colegios, fue el P. Diego Jos\u00e9 Abad, de la gran generaci\u00f3n de Francisco Clavijero, Francisco Javier Alegre, Antonio Alzate, Ignacio Bartolache, entre otros muy destacados jesuitas.<\/span><\/p>\n<p style=\"margin: 0cm 0cm 0pt; text-align: justify\" class=\"MsoNormal\"><span style=\"font-family: Arial\"><\/span><\/p>\n<p><span style=\"font-family: Arial\"><o:p>\u00a0<\/o:p><\/span><span style=\"font-family: Arial\"><o:p>\u00a0<\/o:p><\/span><\/p>\n<p style=\"margin: 0cm 0cm 0pt; text-align: justify\" class=\"MsoNormal\"><span style=\"font-family: Arial\">Solo once a\u00f1os dej\u00f3 su misi\u00f3n este conjunto de edificios escolares, despu\u00e9s fueron llamados Nacionales Colegios, enseguida Colegio Civil y por \u00faltimo Universidad de Quer\u00e9taro.<\/span><\/p>\n<p style=\"margin: 0cm 0cm 0pt; text-align: justify\" class=\"MsoNormal\"><span style=\"font-family: Arial\"><\/span><\/p>\n<p><span style=\"font-family: Arial\"><o:p>\u00a0<\/o:p><\/span><span style=\"font-family: Arial\"><span>\u00a0<\/span><o:p><\/o:p><\/span><\/p>\n<p style=\"margin: 0cm 0cm 0pt; text-align: justify\" class=\"MsoNormal\"><span style=\"font-family: Arial\">En el colegio de San Ignacio de Loyola, existe un hermoso patio barroco, de dos pisos, en cantera labrada, una arquer\u00eda en los cuatro costados, con t\u00edmpanos ornamentados y puertas con dintel y en el centro una fuente de forma caprichosa, en cantera, asentada sobre gradas del mismo material, desde donde se aprecia una escalera de formas caprichosas y b\u00f3veda en el descanso, donde se abre en dos.<span>\u00a0<\/span><\/span><\/p>\n<p style=\"margin: 0cm 0cm 0pt; text-align: justify\" class=\"MsoNormal\"><span style=\"font-family: Arial\"><span><\/span><\/span><\/p>\n<p><span style=\"font-family: Arial\"><span>\u00a0<\/span><o:p><\/o:p><\/span><span style=\"font-family: Arial\"><o:p>\u00a0<\/o:p><\/span><\/p>\n<p style=\"margin: 0cm 0cm 0pt; text-align: justify\" class=\"MsoNormal\"><span style=\"font-family: Arial\">Asciende a las celdas, tiene en la azotea tanto en el oriente como en el poniente dos relojes de sol.<\/span><\/p>\n<p style=\"margin: 0cm 0cm 0pt; text-align: justify\" class=\"MsoNormal\"><span style=\"font-family: Arial\"><\/span><\/p>\n<p><span style=\"font-family: Arial\"><o:p>\u00a0<\/o:p><\/span><span style=\"font-family: Arial\"><o:p>\u00a0<\/o:p><\/span><\/p>\n<p style=\"margin: 0cm 0cm 0pt; text-align: justify\" class=\"MsoNormal\"><span style=\"font-family: Arial\">El patio principal del colegio de San Francisco Javier, es al mismo tiempo elegante y austero, sus corredores se limitan por arcos sostenidos por bellas columnas de cantera y una sobria escalera conduce a los aposentos de la planta alta.<\/span><\/p>\n<p style=\"margin: 0cm 0cm 0pt; text-align: justify\" class=\"MsoNormal\"><span style=\"font-family: Arial\"><\/span><\/p>\n<p><span style=\"font-family: Arial\"><o:p>\u00a0<\/o:p><\/span><span style=\"font-family: Arial\"><o:p>\u00a0<\/o:p><\/span><\/p>\n<p style=\"margin: 0cm 0cm 0pt; text-align: justify\" class=\"MsoNormal\"><span style=\"font-family: Arial\">Es sabido seg\u00fan escritura de contrato, que a dos indios otom\u00edes, artistas, les fue pedido por Juan Caballero y Osio, realizar un retablo colateral, en el tiempo en que este benefactor reconstruy\u00f3 el templo de <st1:personname ProductID=\"la Compa??a\" w:st=\"on\">la Compa\u00f1\u00eda<\/st1:personname>, en esta ciudad. Fue el del crucero de la ep\u00edstola.<\/span><\/p>\n<p style=\"margin: 0cm 0cm 0pt; text-align: justify\" class=\"MsoNormal\"><span style=\"font-family: Arial\"><\/span><\/p>\n<p><span style=\"font-family: Arial\"><o:p>\u00a0<\/o:p><\/span><span style=\"font-family: Arial\"><o:p>\u00a0<\/o:p><\/span><\/p>\n<p style=\"margin: 0cm 0cm 0pt; text-align: justify\" class=\"MsoNormal\"><span style=\"font-family: Arial\">Los indios artistas fueron Tom\u00e1s Xu\u00e1rez, maestro ensamblador<span>\u00a0 <\/span>y tallador y el otro llamado Ignacio Ju\u00e1rez de C\u00f3rdoba, maestro dorador y estofador, residentes en la ciudad. <\/span><\/p>\n<p style=\"margin: 0cm 0cm 0pt; text-align: justify\" class=\"MsoNormal\"><span style=\"font-family: Arial\"><\/span><\/p>\n<p><span style=\"font-family: Arial\"><o:p>\u00a0<\/o:p><\/span><span style=\"font-family: Arial\"><o:p>\u00a0<\/o:p><\/span><\/p>\n<p style=\"margin: 0cm 0cm 0pt; text-align: justify\" class=\"MsoNormal\"><span style=\"font-family: Arial\">Otro contrato del que se tiene memoria, durante la etapa de embellecimiento del templo de <st1:personname ProductID=\"la Compa??a\" w:st=\"on\">la Compa\u00f1\u00eda<\/st1:personname>, a costas del benefactor, Juan Caballero y Osio, fue el del maestro dorador y estofador, Juan Nadal y del pintor Jos\u00e9 Rodr\u00edguez.<\/span><\/p>\n<p style=\"margin: 0cm 0cm 0pt; text-align: justify\" class=\"MsoNormal\"><span style=\"font-family: Arial\"><\/span><\/p>\n<p><span style=\"font-family: Arial\"><o:p>\u00a0<\/o:p><\/span><span style=\"font-family: Arial\"><o:p>\u00a0<\/o:p><\/span><\/p>\n<p style=\"margin: 0cm 0cm 0pt; text-align: justify\" class=\"MsoNormal\"><span style=\"font-family: Arial\">Fueron contratados para terminar los retablos colaterales, uno el de Nuestra Se\u00f1ora de los Dolores y el otro el de San Francisco Javier, las tallas de estas im\u00e1genes, se pueden contemplar en toda su belleza, en nuestros d\u00edas, en el templo de <st1:personname ProductID=\"la Compa??a\" w:st=\"on\">La Compa\u00f1\u00eda<\/st1:personname>, sede de <st1:personname ProductID=\"la Parroquia\" w:st=\"on\">La Parroquia<\/st1:personname> de Santiago.<\/span><\/p>\n<p style=\"margin: 0cm 0cm 0pt; text-align: justify\" class=\"MsoNormal\"><span style=\"font-family: Arial\"><\/span><\/p>\n<p><span style=\"font-family: Arial\"><o:p>\u00a0<\/o:p><\/span><span style=\"font-family: Arial\"><o:p>\u00a0<\/o:p><\/span><\/p>\n<p style=\"margin: 0cm 0cm 0pt; text-align: justify\" class=\"MsoNormal\"><span style=\"font-family: Arial\">Cuenta el maestro Eduardo Loarca Castillo, que el himno Guadalupano, compuesto por Tiburcio Saucedo y dedicado al obispo queretano, Sab\u00e1s Camacho, fue pre estrenado, antes de las fiestas de coronaci\u00f3n de <st1:personname ProductID=\"la Virgen\" w:st=\"on\">la Virgen<\/st1:personname> de Guadalupe de M\u00e9xico en el a\u00f1o de 1887, en el templo de <st1:personname ProductID=\"la Compa??a\" w:st=\"on\">La Compa\u00f1\u00eda<\/st1:personname> de Jes\u00fas de esta ciudad, teniendo como solista a Edmundo de <st1:personname ProductID=\"la Isla.\" w:st=\"on\">la Isla.<\/st1:personname><\/span><\/p>\n<p style=\"margin: 0cm 0cm 0pt; text-align: justify\" class=\"MsoNormal\"><span style=\"font-family: Arial\"><st1:personname ProductID=\"la Isla.\" w:st=\"on\"><\/st1:personname><\/span>\u00a0<\/p>\n<p><span style=\"font-family: Arial\"><st1:personname ProductID=\"la Isla.\" w:st=\"on\"><\/st1:personname><o:p>\u00a0<\/o:p><\/span><span style=\"font-family: Arial\"><o:p>\u00a0<\/o:p><\/span><span style=\"font-family: Arial\">Despu\u00e9s de la expulsi\u00f3n de los jesuitas y la desocupaci\u00f3n de los reales y pontificios colegios de San Ignacio de Loyola y San Francisco Javier, fue reabierto, este centro de estudios superiores, por el cura de Santiago, siendo el mismo su primer rector, el Dr.Antonio de <st1:personname ProductID=\"la V?a\" w:st=\"on\">la V\u00eda<\/st1:personname> y Santaelices.<o:p><\/o:p><\/span><\/p>\n<p style=\"margin: 0cm 0cm 0pt; text-align: justify\" class=\"MsoNormal\">&nbsp;<\/p>\n<p><span style=\"font-family: Arial\"><o:p>\u00a0<\/o:p><\/span><\/p>\n<p style=\"margin: 0cm 0cm 0pt; text-align: justify\" class=\"MsoNormal\"><span style=\"font-family: Arial\">Estos colegios despu\u00e9s sufrieron varias buenas intenciones, hasta llegar a ser el famoso Colegio Civil y posteriormente, sede de <st1:personname ProductID=\"la Universidad Aut?noma\" w:st=\"on\">la Universidad Aut\u00f3noma<\/st1:personname> de Quer\u00e9taro. Podemos mencionar como sus rectores m\u00e1s ilustres, a los<span>\u00a0 <\/span>maestros, Pr\u00f3spero C. Vega,<span>\u00a0 <\/span>Nicol\u00e1s Campa y<span>\u00a0 <\/span>Fernando D\u00edaz. <\/span><\/p>\n<p style=\"margin: 0cm 0cm 0pt; text-align: justify\" class=\"MsoNormal\"><span style=\"font-family: Arial\"><\/span><\/p>\n<p><span style=\"font-family: Arial\"><o:p>\u00a0<\/o:p><\/span><span style=\"font-family: Arial\"><o:p>\u00a0<\/o:p><\/span><\/p>\n<p style=\"margin: 0cm 0cm 0pt; text-align: justify\" class=\"MsoNormal\"><span style=\"font-family: Arial\">La torre del templo tiene tres cuerpos, el primero de forma cuadrada, el segundo octagonal y el tercero redondo, junto a ella y con vista a la calle Nueva, una espada\u00f1a.<\/span><\/p>\n<p style=\"margin: 0cm 0cm 0pt; text-align: justify\" class=\"MsoNormal\"><span style=\"font-family: Arial\"><\/span><\/p>\n<p><span style=\"font-family: Arial\"><o:p>\u00a0<\/o:p><\/span><span style=\"font-family: Arial\"><o:p>\u00a0<\/o:p><\/span><\/p>\n<p style=\"margin: 0cm 0cm 0pt; text-align: justify\" class=\"MsoNormal\"><span style=\"font-family: Arial\">La portada principal del templo est\u00e1 formada por dos cuerpos, el primero a base de dos columnas corintias, arco de medio punto, sobre su arquivolta, dos enjuntas y una cartela.<\/span><\/p>\n<p style=\"margin: 0cm 0cm 0pt; text-align: justify\" class=\"MsoNormal\"><span style=\"font-family: Arial\"><\/span><\/p>\n<p><span style=\"font-family: Arial\"><o:p>\u00a0<\/o:p><\/span><span style=\"font-family: Arial\"><o:p>\u00a0<\/o:p><\/span><\/p>\n<p style=\"margin: 0cm 0cm 0pt; text-align: justify\" class=\"MsoNormal\"><span style=\"font-family: Arial\">En el segundo cuerpo, el tema central es la ventana, a base de un boquet\u00f3n fuertemente moldurado, dos columnas j\u00f3nicas y dos atlantes femeninos, relata un front\u00f3n con r\u00f3leos y una cruz de dos brazos.<\/span><\/p>\n<p style=\"margin: 0cm 0cm 0pt; text-align: justify\" class=\"MsoNormal\"><span style=\"font-family: Arial\"><\/span><\/p>\n<p><span style=\"font-family: Arial\"><o:p>\u00a0<\/o:p><\/span><span style=\"font-family: Arial\"><o:p>\u00a0<\/o:p><\/span><\/p>\n<p style=\"margin: 0cm 0cm 0pt; text-align: justify\" class=\"MsoNormal\"><span style=\"font-family: Arial\">Entre las columnas se encuentran enmarcados en conchas, las esculturas en cantera de San Ignacio de Loyola y de San Francisco Javier,<\/span><\/p>\n<p style=\"margin: 0cm 0cm 0pt; text-align: justify\" class=\"MsoNormal\"><span style=\"font-family: Arial\"><\/span><\/p>\n<p><span style=\"font-family: Arial\"><o:p>\u00a0<\/o:p><\/span><span style=\"font-family: Arial\"><o:p>\u00a0<\/o:p><\/span><\/p>\n<p style=\"margin: 0cm 0cm 0pt; text-align: justify\" class=\"MsoNormal\"><span style=\"font-family: Arial\">Se dieron los cursos literarios, para despu\u00e9s abrir los de filosof\u00eda y teolog\u00eda y por fin, las clases de geograf\u00eda, matem\u00e1ticas, qu\u00edmica y otras ciencias, no relacionadas con la religi\u00f3n, que llevaron a los jesuitas a la expulsi\u00f3n.<\/span><\/p>\n<p style=\"margin: 0cm 0cm 0pt; text-align: justify\" class=\"MsoNormal\"><span style=\"font-family: Arial\"><\/span><\/p>\n<p><span style=\"font-family: Arial\"><o:p>\u00a0<\/o:p><\/span><span style=\"font-family: Arial\"><o:p>\u00a0<\/o:p><\/span><\/p>\n<p style=\"margin: 0cm 0cm 0pt; text-align: justify\" class=\"MsoNormal\"><span style=\"font-family: Arial\">Su biblioteca recibi\u00f3 una gran importancia, al grado que el rey Carlos lll, orden\u00f3 al Virrey Antonio Ma. De Bucareli Urz\u00faa, que la biblioteca com\u00fan de San Ignacio y los libros particulares encontrados en las celdas y los que se considerar\u00e1n \u00fatiles, permanecieran en el colegio y los de laxa doctrina y los manuscritos, quedase bien custodiados, donde el virrey creyere conveniente.<\/span><\/p>\n<p style=\"margin: 0cm 0cm 0pt; text-align: justify\" class=\"MsoNormal\"><span style=\"font-family: Arial\"><\/span><\/p>\n<p><span style=\"font-family: Arial\"><o:p>\u00a0<\/o:p><\/span><span style=\"font-family: Arial\"><o:p>\u00a0<\/o:p><\/span><\/p>\n<p style=\"margin: 0cm 0cm 0pt; text-align: justify\" class=\"MsoNormal\"><span style=\"font-family: Arial\">Como en todas las fundaciones jesuitas, se fund\u00f3 aqu\u00ed tambi\u00e9n la cofrad\u00eda de \u201c<st1:personname ProductID=\"La Anunciata\" w:st=\"on\">La Anunciata<\/st1:personname>\u201d, para la edificaci\u00f3n de los estudiantes. El n\u00famero promedio de jesuitas establecidos en el colegio era de 15, algunos de ellos se dedicaban con m\u00e1s tiempo a la atenci\u00f3n del templo de <st1:personname ProductID=\"la Compa??a\" w:st=\"on\">la Compa\u00f1\u00eda<\/st1:personname>, una capellan\u00eda que reun\u00eda un gran n\u00famero de fieles, a la atenci\u00f3n de la c\u00e1rcel y los obrajes, adem\u00e1s de predicar misiones, en los lugares de la ciudad donde m\u00e1s se necesitaba.<\/span><\/p>\n<p style=\"margin: 0cm 0cm 0pt; text-align: justify\" class=\"MsoNormal\"><span style=\"font-family: Arial\"><\/span><\/p>\n<p><span style=\"font-family: Arial\"><o:p>\u00a0<\/o:p><\/span><span style=\"font-family: Arial\"><o:p>\u00a0<\/o:p><\/span><\/p>\n<p style=\"margin: 0cm 0cm 0pt; text-align: justify\" class=\"MsoNormal\"><span style=\"font-family: Arial\">Las fiestas jesuitas mas otras devociones, como las de los fieles difuntos y la de <st1:personname ProductID=\"la Virgen\" w:st=\"on\">la Virgen<\/st1:personname> de los Dolores eran muy sonadas entre la poblaci\u00f3n, lo mismo que los sermones peri\u00f3dicos del Prefecto del Colegio, siempre muy doctos y de resultados entre los escuchas.<\/span><\/p>\n<p style=\"margin: 0cm 0cm 0pt; text-align: justify\" class=\"MsoNormal\"><span style=\"font-family: Arial\"><\/span><\/p>\n<p><span style=\"font-family: Arial\"><o:p>\u00a0<\/o:p><\/span><span style=\"font-family: Arial\"><o:p>\u00a0<\/o:p><\/span><\/p>\n<p style=\"margin: 0cm 0cm 0pt; text-align: justify\" class=\"MsoNormal\"><span style=\"font-family: Arial\">Se se\u00f1ala el a\u00f1o de 1755 que los colegios y templo, quedaron con el terminado suntuoso que ahora conocemos, a pesar de muchas vicisitudes econ\u00f3micas por las que atravesaron<span>\u00a0 <\/span>en muy diferentes \u00e9pocas,<\/span><\/p>\n<p style=\"margin: 0cm 0cm 0pt; text-align: justify\" class=\"MsoNormal\"><span style=\"font-family: Arial\"><\/span><\/p>\n<p><span style=\"font-family: Arial\"><o:p>\u00a0<\/o:p><\/span><span style=\"font-family: Arial\"><o:p>\u00a0<\/o:p><\/span><\/p>\n<p style=\"margin: 0cm 0cm 0pt; text-align: justify\" class=\"MsoNormal\"><span style=\"font-family: Arial\">La tormenta contra los jesuitas fue gestada en Europa a ra\u00edz de las teor\u00edas del Iluminismo, el Janse\u00edsmo y el ate\u00edsmo. Fueron expulsados primeramente de Portugal en 1759, luego en Francia en 1764 y en Espa\u00f1a, por decreto de Carlos lll, de fecha 27 de febrero de 1767 y ejecutada el 25 de junio de 1767, dejando las misiones del norte, las de las sierras y los colegios, para desgracia de M\u00e9xico.<\/span><\/p>\n<p style=\"margin: 0cm 0cm 0pt; text-align: justify\" class=\"MsoNormal\"><span style=\"font-family: Arial\"><\/span><\/p>\n<p><span style=\"font-family: Arial\"><o:p>\u00a0<\/o:p><\/span><span style=\"font-family: Arial\"><o:p>\u00a0<\/o:p><\/span><\/p>\n<p style=\"margin: 0cm 0cm 0pt; text-align: justify\" class=\"MsoNormal\"><span style=\"font-family: Arial\">Con las letras pontificias del Papa Clemente XlV, se extingui\u00f3 <st1:personname ProductID=\"la Compa??a\" w:st=\"on\">la Compa\u00f1\u00eda<\/st1:personname> de Jes\u00fas en <st1:personname ProductID=\"la Iglesia Cat?lica\" w:st=\"on\">la Iglesia Cat\u00f3lica<\/st1:personname>, salvo los jesuitas establecidos en Prusia protestante y en <st1:personname ProductID=\"la Rusia Cism?tica\" w:st=\"on\">la Rusia Cism\u00e1tica<\/st1:personname>, por no haberse publicado all\u00e1 el documento papal.<\/span><\/p>\n<p style=\"margin: 0cm 0cm 0pt; text-align: justify\" class=\"MsoNormal\"><span style=\"font-family: Arial\"><\/span><\/p>\n<p><span style=\"font-family: Arial\"><o:p>\u00a0<\/o:p><\/span><span style=\"font-family: Arial\"><o:p>\u00a0<\/o:p><\/span><\/p>\n<p style=\"margin: 0cm 0cm 0pt; text-align: justify\" class=\"MsoNormal\"><span style=\"font-family: Arial\">En 1804 el Papa P\u00edo Vll se restableci\u00f3 la orden en <st1:personname ProductID=\"la Sicilias\" w:st=\"on\">la Sicilias<\/st1:personname> y el 7 de agosto de 1814 por breve del mismo Papa \u201cSollicitudo Omnium Ecclesiarum\u201d se restableci\u00f3 en todo el mundo, mientras hab\u00eda pasada la pesadilla napole\u00f3nica.<\/span><\/p>\n<p style=\"margin: 0cm 0cm 0pt; text-align: justify\" class=\"MsoNormal\"><span style=\"font-family: Arial\"><\/span><\/p>\n<p><span style=\"font-family: Arial\"><o:p>\u00a0<\/o:p><\/span><span style=\"font-family: Arial\"><o:p>\u00a0<\/o:p><\/span><\/p>\n<p style=\"margin: 0cm 0cm 0pt; text-align: justify\" class=\"MsoNormal\"><span style=\"font-family: Arial\">El 29 de mayo de 1815 el rey espa\u00f1ol Fernando Vll, reestablec\u00eda a <st1:personname ProductID=\"la Compa??a\" w:st=\"on\">la Compa\u00f1\u00eda<\/st1:personname> de Jes\u00fas en sus reinos y el 19 de mayo de 1816, se les entreg\u00f3 el Colegio de San Ildefonso, en la ciudad de M\u00e9xico.<\/span><\/p>\n<p style=\"margin: 0cm 0cm 0pt; text-align: justify\" class=\"MsoNormal\"><span style=\"font-family: Arial\"><\/span><\/p>\n<p><span style=\"font-family: Arial\"><o:p>\u00a0<\/o:p><\/span><span style=\"font-family: Arial\"><o:p>\u00a0<\/o:p><\/span><span style=\"font-family: Arial\">Las actitudes contradictorias de las autoridades en Quer\u00e9taro, nunca permitieron el regreso de los jesuitas a esta ciudad.<o:p><\/o:p><\/span><span style=\"font-family: Arial\"><o:p>\u00a0<\/o:p><\/span><\/p>\n","protected":false},"excerpt":{"rendered":"<p>El Templo y Colegios de la Compa\u00f1\u00eda de Jes\u00fas en Quer\u00e9taro \u00a0\u00a0 Los Colegios Reales y Pontificios de San Ignacio de Loyola y de San Francisco Javier375 a\u00f1os en la educaci\u00f3n de la juventud queretana\u00a0\u00a0 Parroquia Mayor de Santiago Colegio Civil Universidad Aut\u00f3noma de Quer\u00e9taro \u00a0\u00a0 C onstruidos en tres diferentes etapas, el templo y [&hellip;]<\/p>\n","protected":false},"author":249,"featured_media":0,"comment_status":"open","ping_status":"closed","sticky":false,"template":"","format":"standard","meta":{"footnotes":""},"categories":[8],"tags":[],"class_list":["post-79","post","type-post","status-publish","format-standard","hentry","category-ciudad-de-queretaro"],"_links":{"self":[{"href":"http:\/\/eloficiodehistoriar.com.mx\/index.php?rest_route=\/wp\/v2\/posts\/79","targetHints":{"allow":["GET"]}}],"collection":[{"href":"http:\/\/eloficiodehistoriar.com.mx\/index.php?rest_route=\/wp\/v2\/posts"}],"about":[{"href":"http:\/\/eloficiodehistoriar.com.mx\/index.php?rest_route=\/wp\/v2\/types\/post"}],"author":[{"embeddable":true,"href":"http:\/\/eloficiodehistoriar.com.mx\/index.php?rest_route=\/wp\/v2\/users\/249"}],"replies":[{"embeddable":true,"href":"http:\/\/eloficiodehistoriar.com.mx\/index.php?rest_route=%2Fwp%2Fv2%2Fcomments&post=79"}],"version-history":[{"count":0,"href":"http:\/\/eloficiodehistoriar.com.mx\/index.php?rest_route=\/wp\/v2\/posts\/79\/revisions"}],"wp:attachment":[{"href":"http:\/\/eloficiodehistoriar.com.mx\/index.php?rest_route=%2Fwp%2Fv2%2Fmedia&parent=79"}],"wp:term":[{"taxonomy":"category","embeddable":true,"href":"http:\/\/eloficiodehistoriar.com.mx\/index.php?rest_route=%2Fwp%2Fv2%2Fcategories&post=79"},{"taxonomy":"post_tag","embeddable":true,"href":"http:\/\/eloficiodehistoriar.com.mx\/index.php?rest_route=%2Fwp%2Fv2%2Ftags&post=79"}],"curies":[{"name":"wp","href":"https:\/\/api.w.org\/{rel}","templated":true}]}}