{"id":790,"date":"2008-07-28T17:07:43","date_gmt":"2008-07-28T22:07:43","guid":{"rendered":"https:\/\/eloficiodehistoriar.com.mx\/?p=790"},"modified":"2008-07-28T17:07:43","modified_gmt":"2008-07-28T22:07:43","slug":"una-reflexion-sobre-la-justicia","status":"publish","type":"post","link":"http:\/\/eloficiodehistoriar.com.mx\/?p=790","title":{"rendered":"Una reflexi\u00f3n sobre la justicia"},"content":{"rendered":"<p><span style=\"font-size: 11pt; font-family: Arial\"><o:p>\u00a0<strong>\u00bfUna reflexi\u00f3n sobre la justicia?<\/strong><\/o:p><\/span><\/p>\n<p style=\"text-align: justify\"><span style=\"font-size: 11pt; font-family: Arial\"><\/span><\/p>\n<p><span style=\"font-size: 11pt; font-family: Arial\">Cincuenta a\u00f1os despu\u00e9s de la ejecuci\u00f3n de los inmigrantes italianos Sacco y Vanzetti, el gobernador Dukakis de Massachusetts instaur\u00f3 un panel para juzgar la justicia de dicho proceso, y la conclusi\u00f3n fue que a ninguno de estos dos hombres se les sigui\u00f3 un proceso justo. <o:p><\/o:p><\/span><\/p>\n<p style=\"text-align: justify\"><span style=\"font-size: 11pt; font-family: Arial\"><\/span><\/p>\n<p><span style=\"font-size: 11pt; font-family: Arial\">Esto levant\u00f3 en Boston una tormenta menor. John M. Cabot, embajador estadunidense retirado, envi\u00f3 una carta donde declaraba su \u201cgran indignaci\u00f3n\u201d y apuntaba que la sentencia de muerte fue ratificada por el gobernador Fuller luego que <o:p><\/o:p><\/span><\/p>\n<p style=\"text-align: justify\"><span style=\"font-size: 11pt; font-family: Arial\"><\/span><\/p>\n<p><span style=\"font-size: 11pt; font-family: Arial\">\u201ctres de los m\u00e1s distinguidos y respetados ciudadanos hicieran una revisi\u00f3n especial del caso: el presidente Lowell, de Harvard; el presidente Stratton, del MIT, y el juez retirado Grant\u201d.<o:p><\/o:p><\/span><\/p>\n<p style=\"text-align: justify\"><span style=\"font-size: 11pt; font-family: Arial\"><\/span><\/p>\n<p><span style=\"font-size: 11pt; font-family: Arial\">Esos tres \u201cdistinguidos y respetados ciudadanos\u201d fueron vistos de modo muy distinto por Heywood Broun, quien en su columna de <em><span style=\"font-family: Arial\">New York World<\/span><\/em> escribi\u00f3 inmediatamente despu\u00e9s que los invitados distinguidos del gobernador rindieran su informe. Y dec\u00eda: <o:p><\/o:p><\/span><\/p>\n<p style=\"text-align: justify\"><span style=\"font-size: 11pt; font-family: Arial\"><\/span><\/p>\n<p><span style=\"font-size: 11pt; font-family: Arial\">\u201cNo cualquier prisionero tiene a un presidente de Harvard University que le prenda el interruptor de corriente\u2026 si esto es un linchamiento, por lo menos el vendedor de pescado y su amigo el obrero podr\u00e1n sentirse ungidos en el alma pues morir\u00e1n a manos de hombres con trajes de etiqueta y togas acad\u00e9micas\u201d. <o:p><\/o:p><\/span><\/p>\n<p style=\"text-align: justify\"><span style=\"font-size: 11pt; font-family: Arial\"><\/span><\/p>\n<p><span style=\"font-size: 11pt; font-family: Arial\">Heywood Broun, uno de los m\u00e1s distinguidos periodistas del siglo XX, no dur\u00f3 mucho como columnista de <em><span style=\"font-family: Arial\">New York World. <\/span><\/em><o:p><\/o:p><\/span><\/p>\n<p style=\"text-align: justify\"><span style=\"font-size: 11pt; font-family: Arial\"><\/span><\/p>\n<p><span style=\"font-size: 11pt; font-family: Arial\">En el 50 aniversario de la ejecuci\u00f3n, el <em><span style=\"font-family: Arial\">New York Times<\/span><\/em> inform\u00f3 que \u201clos planes del alcalde Beame de proclamar el martes siguiente como el \u2018d\u00eda de Sacco y Vanzetti\u2019 fueron cancelados en un esfuerzo por evitar controversias, dijo un vocero de la municipalidad ayer\u201d.<o:p><\/o:p><\/span><\/p>\n<p style=\"text-align: justify\"><span style=\"font-size: 11pt; font-family: Arial\"><\/span><\/p>\n<p><span style=\"font-size: 11pt; font-family: Arial\">Debe haber buenas razones para que un caso de 50 a\u00f1os de antig\u00fcedad, hoy ya de 80 a\u00f1os, levante tantas emociones. <o:p><\/o:p><\/span><\/p>\n<p style=\"text-align: justify\"><span style=\"font-size: 11pt; font-family: Arial\"><\/span><\/p>\n<p><span style=\"font-size: 11pt; font-family: Arial\">Sugiero que esto ocurre porque hablar de Sacco y Vanzetti inevitablemente remueve asuntos que nos perturban hoy: nuestro sistema de justicia, la relaci\u00f3n entre la guerra y las libertades civiles, y lo m\u00e1s preocupante de todo: las ideas del anarquismo: la obliteraci\u00f3n de las fronteras nacionales y como tal de la guerra, la eliminaci\u00f3n de la pobreza y la creaci\u00f3n de una democracia plena.<o:p><\/o:p><\/span><\/p>\n<p style=\"text-align: justify\"><span style=\"font-size: 11pt; font-family: Arial\"><\/span><\/p>\n<p><span style=\"font-size: 11pt; font-family: Arial\">El caso de Sacco y Vanzetti revela, en los m\u00e1s descarnados t\u00e9rminos, que las nobles palabras inscritas en los frontispicios de nuestras cortes \u201cigualdad de justicia ante la ley\u201d, siempre han sido una mentira. <o:p><\/o:p><\/span><\/p>\n<p style=\"text-align: justify\"><span style=\"font-size: 11pt; font-family: Arial\"><\/span><\/p>\n<p><span style=\"font-size: 11pt; font-family: Arial\">Esos dos hombres, el vendedor de pescado y el zapatero, no lograron obtener justicia en el sistema estadunidense, porque la justicia no se imparte igual para el pobre que para el rico, para el oriundo que para el nacido en otros pa\u00edses, para el ortodoxo que para el radical, para el blanco o la persona de color. <o:p><\/o:p><\/span><\/p>\n<p style=\"text-align: justify\"><span style=\"font-size: 11pt; font-family: Arial\"><\/span><\/p>\n<p><span style=\"font-size: 11pt; font-family: Arial\">Y aunque la injusticia se juegue hoy de maneras m\u00e1s sutiles y de modos m\u00e1s intrincados que en las crudas circunstancias que rodearon el caso de Sacco y Vanzetti, su esencia permanece.<o:p><\/o:p><\/span><\/p>\n<p style=\"text-align: justify\"><span style=\"font-size: 11pt; font-family: Arial\"><\/span><\/p>\n<p><span style=\"font-size: 11pt; font-family: Arial\">En su proceso la inequidad fue flagrante. <o:p><\/o:p><\/span><\/p>\n<p style=\"text-align: justify\"><span style=\"font-size: 11pt; font-family: Arial\"><\/span><\/p>\n<p><span style=\"font-size: 11pt; font-family: Arial\">Se les acusaba de robo y asesinato, pero en la cabeza y en la conducta del fiscal acusador, del juez y del jurado, lo importante de ambos era, como lo puso Upton Sinclair en su notable novela <em><span style=\"font-family: Arial\">Boston, <\/span><\/em>que eran<em><span style=\"font-family: Arial\"> wops,<\/span><\/em> <em><span style=\"font-family: Arial\">bachiches<\/span><\/em> (es decir \u201citalos mugrosos\u201d), extranjeros, trabajadores pobres, radicales.<em><span style=\"font-family: Arial\"> <\/span><\/em><o:p><\/o:p><\/span><\/p>\n","protected":false},"excerpt":{"rendered":"<p>\u00a0\u00bfUna reflexi\u00f3n sobre la justicia? Cincuenta a\u00f1os despu\u00e9s de la ejecuci\u00f3n de los inmigrantes italianos Sacco y Vanzetti, el gobernador Dukakis de Massachusetts instaur\u00f3 un panel para juzgar la justicia de dicho proceso, y la conclusi\u00f3n fue que a ninguno de estos dos hombres se les sigui\u00f3 un proceso justo. Esto levant\u00f3 en Boston una [&hellip;]<\/p>\n","protected":false},"author":249,"featured_media":0,"comment_status":"open","ping_status":"closed","sticky":false,"template":"","format":"standard","meta":{"footnotes":""},"categories":[26],"tags":[],"class_list":["post-790","post","type-post","status-publish","format-standard","hentry","category-mundo"],"_links":{"self":[{"href":"http:\/\/eloficiodehistoriar.com.mx\/index.php?rest_route=\/wp\/v2\/posts\/790","targetHints":{"allow":["GET"]}}],"collection":[{"href":"http:\/\/eloficiodehistoriar.com.mx\/index.php?rest_route=\/wp\/v2\/posts"}],"about":[{"href":"http:\/\/eloficiodehistoriar.com.mx\/index.php?rest_route=\/wp\/v2\/types\/post"}],"author":[{"embeddable":true,"href":"http:\/\/eloficiodehistoriar.com.mx\/index.php?rest_route=\/wp\/v2\/users\/249"}],"replies":[{"embeddable":true,"href":"http:\/\/eloficiodehistoriar.com.mx\/index.php?rest_route=%2Fwp%2Fv2%2Fcomments&post=790"}],"version-history":[{"count":0,"href":"http:\/\/eloficiodehistoriar.com.mx\/index.php?rest_route=\/wp\/v2\/posts\/790\/revisions"}],"wp:attachment":[{"href":"http:\/\/eloficiodehistoriar.com.mx\/index.php?rest_route=%2Fwp%2Fv2%2Fmedia&parent=790"}],"wp:term":[{"taxonomy":"category","embeddable":true,"href":"http:\/\/eloficiodehistoriar.com.mx\/index.php?rest_route=%2Fwp%2Fv2%2Fcategories&post=790"},{"taxonomy":"post_tag","embeddable":true,"href":"http:\/\/eloficiodehistoriar.com.mx\/index.php?rest_route=%2Fwp%2Fv2%2Ftags&post=790"}],"curies":[{"name":"wp","href":"https:\/\/api.w.org\/{rel}","templated":true}]}}