{"id":7968,"date":"2011-03-16T13:51:57","date_gmt":"2011-03-16T19:51:57","guid":{"rendered":"https:\/\/eloficiodehistoriar.com.mx\/?p=7968"},"modified":"2011-03-16T13:51:57","modified_gmt":"2011-03-16T19:51:57","slug":"migrantes-queretanos-desaparecidos-y-nadie-los-busca","status":"publish","type":"post","link":"http:\/\/eloficiodehistoriar.com.mx\/?p=7968","title":{"rendered":"Migrantes queretanos desaparecidos y nadie los busca"},"content":{"rendered":"<p>\u00abNi un pinche perro los busca\u00bb<br \/>\nFamiliares de los migrantes \u00abdesaparecidos\u00bb hace un a\u00f1o.<\/p>\n<p>Ver\u00f3nica Espinosa<\/p>\n<p>Hace 12 meses, 40 migrantes abordaron dos camiones que los llevar\u00edan a Estados Unidos a buscar trabajo\u2026 Nunca llegaron a la frontera. Las investigaciones indican que Los Zetas los capturaron, pero nadie est\u00e1 seguro ni sabe a ciencia cierta d\u00f3nde est\u00e1n ahora. No los busca \u201cni un pinche perro\u201d, afirma un diputado local. Mientras tanto, las familias de estos desaparecidos no han obtenido respuestas de las autoridades&#8230; s\u00f3lo promesas de una ayuda que no llega.<\/p>\n<p>QUER\u00c9TARO, Qro., 14 de marzo (Proceso).-<br \/>\nInvestigaciones infructuosas, desinter\u00e9s de las autoridades y promesas de ayuda que se quedan en los escritorios es lo \u00fanico que hay un a\u00f1o despu\u00e9s de la desaparici\u00f3n de un grupo de migrantes queretanos. Hace 12 meses 40 hombres de comunidades de Quer\u00e9taro, Hidalgo y San Luis Potos\u00ed abordaron dos autobuses rumbo a la frontera para cruzar hacia Estados Unidos.<\/p>\n<p>Cada migrante pag\u00f3 entre mil 800 y 3 mil d\u00f3lares a alguno de los siete polleros de la regi\u00f3n; tambi\u00e9n les pidieron otros 400 d\u00f3lares por cabeza con el argumento de que es la cuota de Los Zetas y ellos controlan el paso a la frontera.<\/p>\n<p>Para reunir el dinero exigido, los migrantes se endeudaron con usureros locales, quienes ahora pretenden cobrarles a las familias de los desaparecidos.<\/p>\n<p>\u201cHa sido un camino muy doloroso. Hemos salido muchas veces a denunciar el desinter\u00e9s, a pedir apoyo, pero no nos hacen caso, no hay respuesta. Las familias pasan dos penas muy importantes: la moral, por la desaparici\u00f3n de sus seres queridos; y la econ\u00f3mica, porque son de comunidades que se sostienen principalmente de las remesas\u201d, dice a Proceso el diputado local panista Fernando Rocha Mier.<\/p>\n<p>El legislador es representante del distrito que comprende los municipios de Landa de Matamoros, Arroyo Seco, Pinal de Amoles y San Joaqu\u00edn, donde muchas localidades sufren los estragos de la marginaci\u00f3n, \u201ccon familias que literalmente apenas tienen para comer\u201d.<\/p>\n<p>\u201cParece que sigue habiendo ciudadanos de primera y de segunda. Cuando Diego Fern\u00e1ndez de Cevallos desapareci\u00f3, lo buscaron por todos lados con perros, aviones y helic\u00f3pteros. Para buscar a estos otros queretanos, ni un pinche perro. No se vale\u201d, se\u00f1ala.<\/p>\n<p>Sin pistas<\/p>\n<p>La desaparici\u00f3n de los migrantes presuntamente ocurri\u00f3 entre San Luis Potos\u00ed y Tamaulipas, por lo que se han abierto averiguaciones previas en las procuradur\u00edas de esos dos estados y en la General de la Rep\u00fablica. Con esta dispersi\u00f3n se han complicado el trabajo de investigaci\u00f3n y la posibilidad de localizar al grupo.<\/p>\n<p>Adem\u00e1s son pocas las familias que han insistido en la denuncia o en la b\u00fasqueda. La mayor\u00eda tiene miedo, se ha desanimado por el desd\u00e9n oficial o ha sido amenazada por alguno de los polleros, quienes siguen enganchando gente para pasarla a Estados Unidos. Ninguno de los traficantes de personas ha sido detenido.<\/p>\n<p>La PGR no avanza en las investigaciones, ni siquiera porque se viol\u00f3 la Ley General de Poblaci\u00f3n o porque las principales sospechas recaen en Los Zetas, quienes, seg\u00fan versiones recabadas por Proceso, secuestraron a los migrantes porque los polleros no pagaron la cuota.<\/p>\n<p>El pasado 27 de febrero, el peri\u00f3dico El Universal public\u00f3 declaraciones del presidente municipal de Landa de Matamoros, Gabino Landa Rubio, sobre la supuesta comunicaci\u00f3n v\u00eda celular de uno de los migrantes para avisarle a sus familiares que estaban siendo atacados por un grupo armado que desvi\u00f3 su autob\u00fas. En ese momento pasaban por Ciudad Alem\u00e1n, Tamaulipas.<\/p>\n<p>El olvido<\/p>\n<p>El 28 de abril de 2010, el Ministerio P\u00fablico del fuero com\u00fan en Jalpan de Serra, Quer\u00e9taro, abri\u00f3 la averiguaci\u00f3n previa J\/193\/2010 por la desaparici\u00f3n de las siguientes personas:<\/p>\n<p>David Mart\u00ednez, Cristian Mart\u00ednez, Lorenzo Mart\u00ednez, Jos\u00e9 Luis Mendoza Almaraz, Jos\u00e9 Obispo Mendoza Almaraz, Fidencio Mata Montes, Ismael Mata Montes, Andr\u00e9s Hern\u00e1ndez G\u00f3mez, Andr\u00e9s Mart\u00ednez G\u00f3mez, Manuel Guerrero Villeda, Jacinto Gonz\u00e1lez Rodr\u00edguez, Ismael Res\u00e9ndiz Garc\u00eda, Alfonso Fonseca Amador, Eustaquio Hern\u00e1ndez G\u00f3mez, Fidel Barrag\u00e1n Salazar, Mart\u00edn Ortega Huerta y Jes\u00fas Rodr\u00edguez Mart\u00ednez.<\/p>\n<p>Tambi\u00e9n \u00c9dgar Pantoja Gonz\u00e1lez, Evodio Flores Ortiz, Rom\u00e1n Castillo Brise\u00f1o, Abraham S\u00e1enz D\u00edaz, Jonavad Res\u00e9ndiz \u00c1vila, Rafael Rodr\u00edguez Garc\u00eda, Jos\u00e9 Luis Mendoza Salazar, Ricardo Ram\u00edrez Zaraz\u00faa, \u00c1ngel Becerril S\u00e1nchez, Jacinto Gonz\u00e1lez Rodr\u00edguez, Paulino Ramos Andablo, Enedino Rojo Ur\u00edas, C\u00e9sar Salazar Landaverde, Juan Carlos Gonz\u00e1lez Jim\u00e9nez, Enrique de la Torre y otra persona, menor de edad.<\/p>\n<p>Estas 33 personas son oriundas de Quer\u00e9taro. En el grupo de migrantes viajaban otros siete de otros estados.<\/p>\n<p>A principios de mayo, el gobernador queretano Jos\u00e9 Calzada dijo a la prensa que se comunicar\u00eda con los mandatarios de San Luis Potos\u00ed, Tamaulipas y Nuevo Le\u00f3n para intercambiar informaci\u00f3n sobre el caso, aunque reconoci\u00f3 que no hab\u00eda pistas del destino del grupo de migrantes. De ese anunciado intercambio de informaci\u00f3n ya no se ha sabido nada.<\/p>\n<p>Tres meses despu\u00e9s, el 27 de agosto, el Ministerio P\u00fablico de Jalpan turn\u00f3 la averiguaci\u00f3n a la delegaci\u00f3n de la PGR en Quer\u00e9taro por incompetencia; esa instancia fue requerida por este semanario para conocer el avance de la investigaci\u00f3n. No hubo respuesta.<\/p>\n<p>Pero una fuente allegada a las pesquisas dijo a Proceso que son siete los polleros se\u00f1alados como responsables por el transporte del grupo de migrantes y que no parece haber inter\u00e9s de las autoridades en indagar la vertiente que ata\u00f1e a la delincuencia organizada, pese a que los mismos traficantes de personas aseguran haber sido extorsionados y obligados a entregar cuotas a Los Zetas.<\/p>\n<p>Felipe y Arturo Mayorga Villeda (el hijo de este \u00faltimo est\u00e1 en la lista de desaparecidos, pues viajaba en uno de los autobuses presumiblemente como chofer o machetero), Abel Garay Mart\u00ednez, Rub\u00e9n Garay Camacho, Bernardo Gonz\u00e1lez, Arturo Ben\u00edtez y Esteban Garc\u00eda P\u00e9rez ser\u00edan los siete polleros. De acuerdo con la misma fuente, siguen libres y dedic\u00e1ndose a la misma actividad.<\/p>\n<p>Es f\u00e1cil ubicar a esos polleros. Todos los conocen porque recurren cotidianamente a ellos, pues la migraci\u00f3n a Estados Unidos ha existido durante generaciones. Tambi\u00e9n destacan por su desahogada situaci\u00f3n econ\u00f3mica.<\/p>\n<p>Los familiares, sin apoyo <\/p>\n<p>\u201cEl problema de la migraci\u00f3n no ha sido tomado en cuenta por las autoridades; si acaso hasta ahorita que est\u00e1n acotados tambi\u00e9n por la delincuencia organizada. Pero son pocos los esfuerzos de las autoridades, federales, estatales o municipales, por hacer algo en materia de migraci\u00f3n\u201d, asegura el diputado Rocha Mier a este semanario.<\/p>\n<p>Menos cuando hay amenazas. \u201cEn cuanto denunci\u00e9 p\u00fablicamente este asunto \u2013a finales de abril de 2010\u2013 recib\u00ed llamadas en las que me advert\u00edan: \u2018B\u00e1jale porque nos est\u00e1s metiendo mucha presi\u00f3n en el estado\u2019. No supe de d\u00f3nde provinieron\u201d.<\/p>\n<p>Familiares de algunos de los desaparecidos se hab\u00edan acercado a Rocha Mier para que los ayudara, para que indagara en la PGR, en el gobierno estatal, en los municipios. \u201cAl principio estuvimos en contacto con el Ministerio P\u00fablico; luego les llevamos algunas despensas y cobijas, que no resuelven el problema de fondo, pero en algo ayudan\u201d.<\/p>\n<p>Sin embargo, lamenta, \u201cno hay avances en las investigaciones ni en proyectos sociales o apoyos. Pas\u00f3 casi un a\u00f1o y apenas en enero el gobierno del estado se acerc\u00f3 a las familias; les dicen que les van a poner proyectos productivos. Hasta la fecha no se ha concretado nada\u201d, se queja Rocha, quien en un censo informal que levant\u00f3 con las familias afectadas cont\u00f3 por lo menos 53 menores de edad que dependen o depend\u00edan de los desaparecidos.<\/p>\n<p>El \u00f3mbudsman estatal Adolfo Ortega Osorio se ha mostrado indiferente. El diputado panista sigue esperando que atienda una solicitud para reunirse con \u00e9l, para pedirle que requiera a las autoridades responsables de la investigaci\u00f3n que informen a las familias.<\/p>\n<p>\u201cMe reun\u00ed por \u00faltima vez con el procurador de Justicia \u2013Arsenio Dur\u00e1n\u2013 a principios de diciembre. Qued\u00f3 de entregarme un informe sobre la investigaci\u00f3n, que a\u00fan no recibo.\u201d<\/p>\n<p>En los primeros d\u00edas de enero, un grupo de familiares de los migrantes acudieron a la Secretar\u00eda de Gobierno de Quer\u00e9taro acompa\u00f1ados por otro diputado, J. Belem Junco M\u00e1rquez. La respuesta se les hizo llegar por conducto del subsecretario de Desarrollo Pol\u00edtico y Social, Hugo Cabrera Ruiz, quien les habl\u00f3 del compromiso de involucrar a los solicitantes en proyectos productivos.<\/p>\n<p>Al respecto, el secretario de Gobierno, Roberto Loyola Vera, dice a Proceso que se ha mantenido el contacto \u201cde manera regular\u201d con algunas familias afectadas, b\u00e1sicamente a trav\u00e9s del gobierno de Landa de Matamoros, para \u201cgenerarles proyectos productivos (&#8230;) para que con sus capacidades puedan generarse un modo honesto de sostener su hogar\u201d.<\/p>\n<p>\u2013\u00bfPor qu\u00e9 hasta ahora? \u2013se le pregunta.<\/p>\n<p>\u2013Hemos estado cercanos a ellos desde el primer momento, primero con apoyos orientados a localizar a sus parientes. Al paso de los meses, y de dificultarse la situaci\u00f3n de las familias, se advierte esa alternativa.<\/p>\n<p>\u2013\u00bfSe ha procedido contra los polleros?<\/p>\n<p>\u2013Tenemos una investigaci\u00f3n abierta en tal sentido\u2026 la preocupaci\u00f3n que tenemos es dar los pasos necesarios para evitar que los connacionales salgan a buscar oportunidades fuera de Quer\u00e9taro, generar los suficientes empleos para que los queretanos no tengan que salir a buscar oportunidades a otro sitio.<\/p>\n<p>Loyola admite que a\u00fan se trabaja en un an\u00e1lisis de la condici\u00f3n de cada familia, \u201cpara ver cu\u00e1l es el programa que mejor se acomoda a sus necesidades\u201d.<\/p>\n<p>Mientras los engranajes de la burocracia se empiezan a mover, otros migrantes queretanos buscan la forma de protegerse, lo mismo en su recorrido desde estas tierras hasta el cruce fronterizo que en su retorno para las fiestas decembrinas.<\/p>\n<p>A finales de diciembre pasado se form\u00f3 una caravana de migrantes de varias entidades que viajaban de regreso y que fue recibida en Nuevo Laredo por el diputado Rocha Mier. M\u00e1s de 30 camionetas de paisanos hicieron los recorridos.<\/p>\n<p>\u201cHe ido a visitar a los migrantes queretanos. En diciembre estuve en Houston y me dec\u00edan que ten\u00edan miedo de regresar a M\u00e9xico porque las autoridades los esquilman y ahora tambi\u00e9n la delincuencia organizada\u201d, dice Rocha Mier a Proceso.<\/p>\n<p>Para esta caravana se pidi\u00f3 y se tuvo el apoyo de la Polic\u00eda Federal, as\u00ed como de agrupaciones municipales de algunas localidades, como Rioverde, San Luis Potos\u00ed. <\/p>\n","protected":false},"excerpt":{"rendered":"<p>\u00abNi un pinche perro los busca\u00bb Familiares de los migrantes \u00abdesaparecidos\u00bb hace un a\u00f1o. Ver\u00f3nica Espinosa Hace 12 meses, 40 migrantes abordaron dos camiones que los llevar\u00edan a Estados Unidos a buscar trabajo\u2026 Nunca llegaron a la frontera. Las investigaciones indican que Los Zetas los capturaron, pero nadie est\u00e1 seguro ni sabe a ciencia cierta [&hellip;]<\/p>\n","protected":false},"author":249,"featured_media":0,"comment_status":"open","ping_status":"closed","sticky":false,"template":"","format":"standard","meta":{"footnotes":""},"categories":[26],"tags":[],"class_list":["post-7968","post","type-post","status-publish","format-standard","hentry","category-mundo"],"_links":{"self":[{"href":"http:\/\/eloficiodehistoriar.com.mx\/index.php?rest_route=\/wp\/v2\/posts\/7968","targetHints":{"allow":["GET"]}}],"collection":[{"href":"http:\/\/eloficiodehistoriar.com.mx\/index.php?rest_route=\/wp\/v2\/posts"}],"about":[{"href":"http:\/\/eloficiodehistoriar.com.mx\/index.php?rest_route=\/wp\/v2\/types\/post"}],"author":[{"embeddable":true,"href":"http:\/\/eloficiodehistoriar.com.mx\/index.php?rest_route=\/wp\/v2\/users\/249"}],"replies":[{"embeddable":true,"href":"http:\/\/eloficiodehistoriar.com.mx\/index.php?rest_route=%2Fwp%2Fv2%2Fcomments&post=7968"}],"version-history":[{"count":1,"href":"http:\/\/eloficiodehistoriar.com.mx\/index.php?rest_route=\/wp\/v2\/posts\/7968\/revisions"}],"predecessor-version":[{"id":7969,"href":"http:\/\/eloficiodehistoriar.com.mx\/index.php?rest_route=\/wp\/v2\/posts\/7968\/revisions\/7969"}],"wp:attachment":[{"href":"http:\/\/eloficiodehistoriar.com.mx\/index.php?rest_route=%2Fwp%2Fv2%2Fmedia&parent=7968"}],"wp:term":[{"taxonomy":"category","embeddable":true,"href":"http:\/\/eloficiodehistoriar.com.mx\/index.php?rest_route=%2Fwp%2Fv2%2Fcategories&post=7968"},{"taxonomy":"post_tag","embeddable":true,"href":"http:\/\/eloficiodehistoriar.com.mx\/index.php?rest_route=%2Fwp%2Fv2%2Ftags&post=7968"}],"curies":[{"name":"wp","href":"https:\/\/api.w.org\/{rel}","templated":true}]}}