{"id":7972,"date":"2011-03-17T08:00:15","date_gmt":"2011-03-17T14:00:15","guid":{"rendered":"https:\/\/eloficiodehistoriar.com.mx\/?p=7972"},"modified":"2011-03-17T08:00:34","modified_gmt":"2011-03-17T14:00:34","slug":"libro-homenaje-a-f-katz","status":"publish","type":"post","link":"http:\/\/eloficiodehistoriar.com.mx\/?p=7972","title":{"rendered":"Libro homenaje a F. Katz"},"content":{"rendered":"<p>Libro-homenaje al historiador, compilado por Emilio Kour\u00ed y el presidente del Colmex<\/p>\n<p>Katz pod\u00eda ver las hojas y el bosque, dice Javier Garciadiego<\/p>\n<p>Antes de fallecer preparaba un volumen sobre la presidencia de Madero y otro acerca de los Cient\u00edficos del porfiriato<\/p>\n<p>Invitan a los j\u00f3venes a conocer el legado del autor de Pancho Villa<\/p>\n<p>M\u00f3nica Mateos-Vega<\/p>\n<p>La Jornada<\/p>\n<p>Con la muerte de Friedrich Katz, ocurrida el 16 de octubre de 2010, el mundo acad\u00e9mico perdi\u00f3 a un investigador que todav\u00eda ten\u00eda, al menos, otros 10 a\u00f1os de proyectos para compartir con colegas, alumnos y un sinn\u00famero de personas que sin ser especialistas en historia son admiradoras de su obra.<\/p>\n<p>As\u00ed lo consideran Javier Garciadiego y Emilio Kour\u00ed, compiladores de los casi 50 textos que conforman el libro Revoluci\u00f3n y exilio en la historia de M\u00e9xico: homenaje a Friedrich Katz, coeditado por El Colegio de M\u00e9xico, Ediciones Era y el Centro Katz de Estudios Mexicanos de la Universidad de Chicago.<\/p>\n<p>\u201cPerdimos a uno de los m\u00e1s grandes historiadores del siglo XX mexicano, tanto por la amplitud de su obra como por su influencia y su car\u00e1cter magisterial. Aunque lo tenemos a trav\u00e9s de su legado, perdimos en concreto un par de obras: Katz estaba escribiendo un libro sobre la presidencia de Francisco I. Madero y otro sobre el grupo de los Cient\u00edficos durante el porfiriato\u201d, se\u00f1ala en entrevista con La Jornada, Kour\u00ed, director del centro Katz.<\/p>\n<p>El autor de Pancho Villa (Era, 1998) \u201cfue el m\u00e1s completo, en t\u00e9rminos tem\u00e1ticos, de los historiadores mexicanistas; sab\u00eda del mundo prehisp\u00e1nico, del problema de la tierra que atravesaba toda la historia de M\u00e9xico, del porfiriato, de la dimensi\u00f3n internacional de la Revoluci\u00f3n Mexicana, de su experiencia regional en Chihuahua\u201d, a\u00f1ade Garciadiego, presidente de El Colegio de M\u00e9xico (Colmex).<\/p>\n<p>Una de las facetas m\u00e1s generosas de Katz fue la de docente, contin\u00faa: \u201cfue un magn\u00edfico profesor y de los pocos historiadores que trascendi\u00f3 al gran p\u00fablico, sus lectores no son puramente acad\u00e9micos. Luego de su muerte, supe de un par de altares que se montaron en su honor el 2 de noviembre, uno en el Colegio Madrid y otro en la Facultad de Derecho de la Universidad Nacional Aut\u00f3noma de M\u00e9xico.<\/p>\n<p>\u201c\u00c9l estaba trabajando en los proyectos ya mencionados con ganas de avanzar, pero a su estilo, con una densidad documental tremenda y un rigor en la interpretaci\u00f3n; no hac\u00eda trabajos apresurados. Adem\u00e1s, hab\u00eda un tercer tema del que hablaba: una segunda versi\u00f3n de La guerra secreta en M\u00e9xico (Era, 1982), enfocada en los asuntos internacionales del pa\u00eds que a \u00e9l le toc\u00f3 vivir, como las complejidades del mundo internacional alrededor de L\u00e1zaro C\u00e1rdenas, la llegada de Le\u00f3n Trotsky, el exilio espa\u00f1ol, los exilios y la Segunda Guerra Mundial, pero no sab\u00eda si iba a ser memoria o una investigaci\u00f3n hist\u00f3rica como a \u00e9l le gustaba. No s\u00e9 si ten\u00eda avanzado algo.\u201d<\/p>\n<p>Los textos de Katz, interviene Emilio Kour\u00ed, \u201cson obras maestras de la investigaci\u00f3n y del an\u00e1lisis, no le piden nada a nadie y sin embargo son eminentemente legibles. Era un gran narrador y siempre nos recuerda a los historiadores que la buena historia no tiene que ser dif\u00edcil, cerrada o para los iniciados\u201d.<br \/>\nRigor documental y anal\u00edtico<\/p>\n<p>Los compiladores de Revoluci\u00f3n y exilio en la historia de M\u00e9xico: homenaje a Friedrich Katz, libro que ayer se present\u00f3 en el Instituto Nacional de Estudios Hist\u00f3ricos de las Revoluciones de M\u00e9xico, consideran que cualquier obra de Katz puede ser una buena puerta de entrada para que los j\u00f3venes conozcan el enorme legado que dej\u00f3 el historiador.<\/p>\n<p>El volumen incluye ensayos de Cuauht\u00e9moc C\u00e1rdenas, Enrique Florescano, Adolfo Gilly, Claudio Lomnitz, Jean Meyer y Enrique Semo, entre otros.<\/p>\n<p>El presidente del Colmex considera que \u201ctodos sus libros son muy \u00fatiles para los alumnos porque se dan cuenta del rigor documental y anal\u00edtico que hay detr\u00e1s. Katz era un hombre erudito, pero ese c\u00famulo de informaci\u00f3n lo ten\u00eda perfectamente organizado y digerido, y lo compart\u00eda. A m\u00ed me parece magistral su ensayo La servidumbre agraria en M\u00e9xico en la \u00e9poca porfiriana. No se perd\u00eda en las hojas del \u00e1rbol, \u00e9l pod\u00eda ver las hojas y el bosque\u201d.<\/p>\n<p>Por su parte, Kour\u00ed siempre recomienda a sus alumnos Pancho Villa, \u201cun libro que no es s\u00f3lo sobre ese personaje; incluye excelentes discusiones acerca del zapatismo, el carrancismo, es un libro lleno de luz. Ninguno de sus libros es malo ni requiere un doctorado en historia para disfrutarlo\u201d.<\/p>\n<p>Como un ejemplo de la pasi\u00f3n que Katz ten\u00eda por su profesi\u00f3n, sus tambi\u00e9n disc\u00edpulos comentan que, no obstante estar jubilado, el historiador acud\u00eda a la Universidad de Chicago para conversar con los alumnos e investigadores, para quienes siempre ten\u00eda tiempo y comentarios enriquecedores.<\/p>\n<p>Adem\u00e1s, cuando se iba de vacaciones familiares, por ejemplo a Par\u00eds, se escapaba de los ratos de esparcimiento para ir a buscar a los archivos alg\u00fan documento o simplemente volver a revisar un dato.<\/p>\n<p>El director del centro Katz de Chicago coment\u00f3 que durante el funeral del historiador efectuado en Filadelfia, Estados Unidos, la familia coloc\u00f3 en la entrada de la sala una ampliaci\u00f3n de la portada de La Jornada del 17 de octubre de 2010, con la cual este diario despidi\u00f3 al maestro. En ella aparece una caricatura realizada por El Fisg\u00f3n donde se ve al investigador vestido como Pancho Villa, \u201ces un cart\u00f3n precioso que le encantaba a Friedrich\u201d.<\/p>\n","protected":false},"excerpt":{"rendered":"<p>Libro-homenaje al historiador, compilado por Emilio Kour\u00ed y el presidente del Colmex Katz pod\u00eda ver las hojas y el bosque, dice Javier Garciadiego Antes de fallecer preparaba un volumen sobre la presidencia de Madero y otro acerca de los Cient\u00edficos del porfiriato Invitan a los j\u00f3venes a conocer el legado del autor de Pancho Villa [&hellip;]<\/p>\n","protected":false},"author":249,"featured_media":0,"comment_status":"open","ping_status":"closed","sticky":false,"template":"","format":"standard","meta":{"footnotes":""},"categories":[26],"tags":[],"class_list":["post-7972","post","type-post","status-publish","format-standard","hentry","category-mundo"],"_links":{"self":[{"href":"http:\/\/eloficiodehistoriar.com.mx\/index.php?rest_route=\/wp\/v2\/posts\/7972","targetHints":{"allow":["GET"]}}],"collection":[{"href":"http:\/\/eloficiodehistoriar.com.mx\/index.php?rest_route=\/wp\/v2\/posts"}],"about":[{"href":"http:\/\/eloficiodehistoriar.com.mx\/index.php?rest_route=\/wp\/v2\/types\/post"}],"author":[{"embeddable":true,"href":"http:\/\/eloficiodehistoriar.com.mx\/index.php?rest_route=\/wp\/v2\/users\/249"}],"replies":[{"embeddable":true,"href":"http:\/\/eloficiodehistoriar.com.mx\/index.php?rest_route=%2Fwp%2Fv2%2Fcomments&post=7972"}],"version-history":[{"count":2,"href":"http:\/\/eloficiodehistoriar.com.mx\/index.php?rest_route=\/wp\/v2\/posts\/7972\/revisions"}],"predecessor-version":[{"id":7974,"href":"http:\/\/eloficiodehistoriar.com.mx\/index.php?rest_route=\/wp\/v2\/posts\/7972\/revisions\/7974"}],"wp:attachment":[{"href":"http:\/\/eloficiodehistoriar.com.mx\/index.php?rest_route=%2Fwp%2Fv2%2Fmedia&parent=7972"}],"wp:term":[{"taxonomy":"category","embeddable":true,"href":"http:\/\/eloficiodehistoriar.com.mx\/index.php?rest_route=%2Fwp%2Fv2%2Fcategories&post=7972"},{"taxonomy":"post_tag","embeddable":true,"href":"http:\/\/eloficiodehistoriar.com.mx\/index.php?rest_route=%2Fwp%2Fv2%2Ftags&post=7972"}],"curies":[{"name":"wp","href":"https:\/\/api.w.org\/{rel}","templated":true}]}}