{"id":7975,"date":"2011-03-17T08:08:34","date_gmt":"2011-03-17T14:08:34","guid":{"rendered":"https:\/\/eloficiodehistoriar.com.mx\/?p=7975"},"modified":"2011-03-17T08:08:34","modified_gmt":"2011-03-17T14:08:34","slug":"un-viejo-parque-venustiano-carranza-por-mario-rodriguez","status":"publish","type":"post","link":"http:\/\/eloficiodehistoriar.com.mx\/?p=7975","title":{"rendered":"Un viejo parque \u00abVenustiano Carranza\u00bb por Mario Rodr\u00edguez"},"content":{"rendered":"<p>\u201cAQUELLOS TIEMPOS\u201d.-<\/p>\n<p>MARIO RODRIGUEZ ESTRADA.<\/p>\n<p>\u201cLO QUE NOS RODEA REFLEJA LAS CONDICIONES PREDOMINANTES DE NUESTRA ACTITUD MENTAL\u201d.-Charles Haanel.-<\/p>\n<p>Meditando acerca de la celebraci\u00f3n, con mis compa\u00f1eros de Generaci\u00f3n, egresada de la ENEF en el a\u00f1o milagroso de 1958, precisamente el d\u00eda 24 de octubre del \u00eddem a\u00f1o del 2008, y la enorme alegr\u00eda que me causara volver a ver, aquellos tan estimables rostros, una ola de nostalgia invadi\u00f3 mi mente, acord\u00e1ndome del querido viejo Parque Deportivo \u201cVENUSTIANO CARRANZA\u201d, nido por muchos a\u00f1os de mi a\u00fan m\u00e1s querida Escuela Nacional de Educaci\u00f3n F\u00edsica, escenario de nuestros juveniles sue\u00f1os, y de nuestros encantos y desencantos, y una ardiente l\u00e1grima rod\u00f3 por mis ahora secas, curtidas y arrugadas mejillas\u2026mis  manos tomaron con devoci\u00f3n  aquel viejo tomo, formado por las ediciones de nuestra revista estudiantil SENDA, cuya vida period\u00edstica abarc\u00f3 gran parte de mi estancia  en ella\u2026con a\u00fan acuosos ojos , empec\u00e9 a recorrer sus primeras p\u00e1ginas, con dificultad pude ver: \u201cSenda\u201d\u2026revista mensual  de la ENEF\u2026septiembre \u2026n\u00famero 3\u2026a\u00f1o 1\u2026en la portada la figura de Roberto G\u00f3mez, integrante de la selecci\u00f3n nacional de voleibol\u2026no tiene expuesto el a\u00f1o, pero supongo que corresponde a 1954\u2026precio: Un peso.<br \/>\nAl terminar su lectura, se me ocurri\u00f3 elegir algunas de sus p\u00e1ginas, sacarles copias y obsequi\u00e1rselas a mis cincuentenarios compa\u00f1eros, en la futura comida anual de nuestra generaci\u00f3n, lo que puntualmente hice\u2026al volver a colocarle en un estante, observ\u00e9 que el libro se negaba a cerrarse\u2026\u00bfser\u00e1 por los se\u00f1aladores que coloqu\u00e9 en las secciones elegidas?&#8230;y delicadamente lo volv\u00ed a cerrar, d\u00e1ndole unas delicadas y cari\u00f1osas palmaditas\u2026al darle la espalda y dirigirme a otra habitaci\u00f3n, o\u00ed una especie de silbidito que me enchin\u00f3 la piel, volte\u00e9 lentamente la mirada, extra\u00f1ado de tal sonido, y grande fue mi sorpresa, observar que el libro de las Sendas, continuaba abierto\u2026los pelos de todo mi cuerpo se me erizaron, y como si fuese la cabeza de un \u00e1spid, lo toqu\u00e9 con una larga regla de madera, al contactarlo, una poderosa corriente el\u00e9ctrica me atraves\u00f3, haci\u00e9ndome saltar hacia atr\u00e1s y caer despatarrado , medio noqueado volv\u00ed a o\u00edr de nuevo una leve risilla, como de viejito\u2026\u00a1Chin! Me dije, esto ya se est\u00e1 poniendo muy feo, ya que no creo en \u00e1ngeles o diablos, mucho menos en duendes o fantasmas, sin embargo o\u00eda claramente aquella cascada y burlona risita, voltee para todos lados buscando al bromista y propinarle unos buenos guamazos, recorr\u00ed mi s\u00faper poblado, dizque estudio, rebosante de discos y de libros\u2026\u201dni te ocupes en buscar caballito\u201d\u2026\u00a1Chin!&#8230;volv\u00ed a decir, este cuate, quien quiera que sea, me conoce\u2026\u00a1y me dice caballito!&#8230;no me llaman as\u00ed desde mis tiempos en la ENEF\u2026\u00bfno me habr\u00e9 golpeado en la cabeza?&#8230;\u201dni te afanes\u201d\u2026volvi\u00f3 a decir la voz\u2026\u201destoy conectado directamente con tu subconciente\u2026me escuchas solo en tu mente\u2026ac\u00e9rcate al libro y observa, para que veas quien te habla\u201d\u2026con temor me acerqu\u00e9 al libro, y en la p\u00e1gina en que permanec\u00eda abierto, se ve\u00eda la gastada foto de unas rejas, arriba de sus puertas un mediano letrero ostentaba: \u201cSEP.- Escuela Nacional de Educaci\u00f3n F\u00edsica\u201d\u2026\u00a1Ah ca\u00f3n!&#8230;\u00bfa poco ya hablas revista?&#8230;\u201deres tontejo caballito\u2026te habla tu antigua escuela\u2026precisamente en la que estabas pensando\u2026m\u00e1s bien soy su recuerdo\u201d\u2026<\/p>\n<p>\u00bfY por qu\u00e9 te me presentas?&#8230;\u201dprimero, porque estoy bien encabronada, y segundo porque eres de los pocos alumnos que a\u00fan me recuerdan\u2026y t\u00fa bien lo sabes, pues lo expresas continuamente en tus tambi\u00e9n tontejos art\u00edculillos period\u00edsticos, esos que llamas \u201cAquellos tiempos\u201d\u2026\u201dRecordar es vivir\u201d\u2026lo mismo que ese otro loco de mis hijos, enamorado, como t\u00fa\u2026no te hagas\u2026de su esposa, de sus hijos, de su profesi\u00f3n y \u00a1claro!&#8230;de m\u00ed\u201d\u2026\u00bfy qui\u00e9n es ese otro fulano?, le pregunt\u00e9 con cierta envidia\u2026\u201dno te hagas\u2026t\u00fa lo conoces bien, pues aunque \u00e9l sigue casado y t\u00fa divorciado, por \u2026pendiente\u2026lo \u00fanico que los hace diferentes es que \u00e9l ama a \u201csu\u201d Defe\u2026y t\u00fa a tu provinciano Queretar\u00edn\u201d\u2026bueno s\u00ed, no lo niego, pero \u00bfQui\u00e9n es \u00e9se otro?&#8230;\u201dya s\u00e9 que te est\u00e1s haciendo tonto solo, mi querido caball\u00edn\u2026es el \u00fanico que alguna vez me ha venido a visitar\u2026viene solo\u2026me recorre toda, y al finalizar se sienta a llorar un poco, luego se va\u2026la verdad, yo le aprecio mucho\u201d\u2026pues el \u00fanico loco, como Yones, es mi querid\u00edsimo Presidente de Generaci\u00f3n\u2026un tal Jos\u00e9 Humberto Sevilla\u2026\u201d\u00e1ndale, ese mero, aquel que cumpliendo cincuenta a\u00f1os en su papel, les ha dado la mano para organizar sus reuniones anuales y que ahora se ha alejado de ustedes, dolido que me hayan menospreciado para celebrar sus bodas de oro como egresados\u2026Yo me qued\u00e9 esper\u00e1ndolos, ilusionada de que de nuevo les volver\u00eda a ver\u2026por eso estoy encabronada\u2026ni me fumaron\u2026con qu\u00e9 afecto les hubiese recibido de nuevo\u2026si, si ya s\u00e9 que ahora estoy vieja y fea y que jam\u00e1s volver\u00e9 a ser lo que antes fui\u2026\u00bfpero sabes?&#8230;me hubiese vuelto loca por volver a verles, diles a tus compa\u00f1eros que ojal\u00e1 a sus sesenta a\u00f1os de egresados se acuerden de m\u00ed y me visiten, aqu\u00ed les estar\u00e9 esperando\u2026bueno, a los que queden, pues el polvo del tiempo ya ha barrido con algunos\u2026aunque ya sean pocos les abrir\u00e9 gustosa mis anquilosados brazos\u2026hasta la vista caballito, s\u00e9 feliz y goza de los a\u00f1os que a\u00fan la vida te sigue regalando\u2026te abraza, tu vieja Escuela\u201d\u2026y hasta entonces mi libro de SENDAS se cerr\u00f3\u2026les abraza su amigo de \u201cAquellos tiempos\u201d\u2026Mario RE.   <\/p>\n","protected":false},"excerpt":{"rendered":"<p>\u201cAQUELLOS TIEMPOS\u201d.- MARIO RODRIGUEZ ESTRADA. \u201cLO QUE NOS RODEA REFLEJA LAS CONDICIONES PREDOMINANTES DE NUESTRA ACTITUD MENTAL\u201d.-Charles Haanel.- Meditando acerca de la celebraci\u00f3n, con mis compa\u00f1eros de Generaci\u00f3n, egresada de la ENEF en el a\u00f1o milagroso de 1958, precisamente el d\u00eda 24 de octubre del \u00eddem a\u00f1o del 2008, y la enorme alegr\u00eda que me [&hellip;]<\/p>\n","protected":false},"author":249,"featured_media":0,"comment_status":"open","ping_status":"closed","sticky":false,"template":"","format":"standard","meta":{"footnotes":""},"categories":[8,10,6],"tags":[],"class_list":["post-7975","post","type-post","status-publish","format-standard","hentry","category-ciudad-de-queretaro","category-historia","category-valles-centrales"],"_links":{"self":[{"href":"http:\/\/eloficiodehistoriar.com.mx\/index.php?rest_route=\/wp\/v2\/posts\/7975","targetHints":{"allow":["GET"]}}],"collection":[{"href":"http:\/\/eloficiodehistoriar.com.mx\/index.php?rest_route=\/wp\/v2\/posts"}],"about":[{"href":"http:\/\/eloficiodehistoriar.com.mx\/index.php?rest_route=\/wp\/v2\/types\/post"}],"author":[{"embeddable":true,"href":"http:\/\/eloficiodehistoriar.com.mx\/index.php?rest_route=\/wp\/v2\/users\/249"}],"replies":[{"embeddable":true,"href":"http:\/\/eloficiodehistoriar.com.mx\/index.php?rest_route=%2Fwp%2Fv2%2Fcomments&post=7975"}],"version-history":[{"count":1,"href":"http:\/\/eloficiodehistoriar.com.mx\/index.php?rest_route=\/wp\/v2\/posts\/7975\/revisions"}],"predecessor-version":[{"id":7976,"href":"http:\/\/eloficiodehistoriar.com.mx\/index.php?rest_route=\/wp\/v2\/posts\/7975\/revisions\/7976"}],"wp:attachment":[{"href":"http:\/\/eloficiodehistoriar.com.mx\/index.php?rest_route=%2Fwp%2Fv2%2Fmedia&parent=7975"}],"wp:term":[{"taxonomy":"category","embeddable":true,"href":"http:\/\/eloficiodehistoriar.com.mx\/index.php?rest_route=%2Fwp%2Fv2%2Fcategories&post=7975"},{"taxonomy":"post_tag","embeddable":true,"href":"http:\/\/eloficiodehistoriar.com.mx\/index.php?rest_route=%2Fwp%2Fv2%2Ftags&post=7975"}],"curies":[{"name":"wp","href":"https:\/\/api.w.org\/{rel}","templated":true}]}}