{"id":7979,"date":"2011-03-17T08:21:18","date_gmt":"2011-03-17T14:21:18","guid":{"rendered":"https:\/\/eloficiodehistoriar.com.mx\/?p=7979"},"modified":"2011-03-17T11:38:20","modified_gmt":"2011-03-17T17:38:20","slug":"efmerides-y-las-capillas-adjuntas-a-la-ciudadela-franciscana-en-queretaro","status":"publish","type":"post","link":"http:\/\/eloficiodehistoriar.com.mx\/?p=7979","title":{"rendered":"Efem\u00e9rides y las capillas adjuntas a La Ciudadela franciscana en Quer\u00e9taro"},"content":{"rendered":"<p>Efem\u00e9rides:<\/p>\n<p>1540 .- Con\u00edn entrega el solar a los franciscanos donde crear\u00e1n su convento<\/p>\n<p>1548.-  Da comienzo la construcci\u00f3n del primer templo del Convento de San Francisco de Quer\u00e9taro<\/p>\n<p>1566 .- El Convento de San Francisco de Quer\u00e9taro, deja de pertenecer a la Provincia del Santo Evangelio y se integra a la Provincia de San Pedro y San Pablo de Michoac\u00e1n,<\/p>\n<p>1570 .- El Convento debi\u00f3 estar en pleno funcionamiento.<\/p>\n<p>1584.- Se recibe la visita de Fray Alonso Ponce y la sede parroquial de Santiago, a cargo dc los franciscanos de Michoac\u00e1n, depende del arzobispado de M\u00e9xico.<\/p>\n<p>1596 .- Se comienzan las diligencias para construir nuevas celdas y un nuevo templo en San Francisco.<\/p>\n<p>1597 .- Se tiene ya el primer plano de la ciudadela o conjunto franciscano<\/p>\n<p>1600 Francisco de Chavida trabaja para los franciscanos en la construcci\u00f3n del templo de San Francisco y Santa Clara.<\/p>\n<p>1620 .- Se publica el primer mapa de los alrededores de Quer\u00e9taro.<\/p>\n<p>1620 a 1644 .- Se demuele el antiguo templo y se inicia el que ahora existe. Se construye La Enfermer\u00eda, El Noviciado, El Claustro y La Torre.<\/p>\n<p>1634 .- Se funda la tercera Orden de San Francisco, en Quer\u00e9taro.<\/p>\n<p>1634 .- Se estrena la capilla de La Tercera Orden, en el cementerio del Convento Grande de San Francisco.<\/p>\n<p>1644 .- Antonio de Achaide se convierte en el alarife principal del templo de San Francisco.<\/p>\n<p>1658 .- Jos\u00e9 de Bayas maestrea en el conjunto franciscano, cinco b\u00f3vedas, tres arcos de la capilla mayor y blanqueado del templo.<\/p>\n<p>1680 .- El Convento de San Francisco esta en plena efervescencia.<\/p>\n<p>1685 .- Se hacen arreglos a la Enfermer\u00eda, Hospeder\u00eda,  refectorio, panader\u00eda y cocina.<\/p>\n<p>1685 .- Se terminan dos campanas nuevas para San Francisco.<\/p>\n<p>1693 \u2013 98 Fechas inscritas cerca de la escalera del claustro, que indican principio y fin de una obra. Posiblemente el claustro.<\/p>\n<p>1694 .- Se estrena la capilla de Loreto<\/p>\n<p>1696 .- Se estrena la capilla del Santo Cristo de San Benito.<\/p>\n<p>1698 .- Se concluyen algunos trabajos en la capilla de Los Naturales.<\/p>\n<p>1705 .- Se termina la nueva barda de la ciudadela o conjunto franciscano.<\/p>\n<p>1706 .- Se plantan nuevos tipos de \u00e1rboles en la huerta.<\/p>\n<p>1727 .- Se renueva el claustro y parte del templo.<\/p>\n<p>1737 .- Se termina nueva obra en la capilla de la tercera orden.<\/p>\n<p>1737 .- Se termina la capilla interior de Jes\u00fas Nazareno.<\/p>\n<p>La destrucci\u00f3n<\/p>\n<p>1759. Pierden los franciscanos la parroquia de Santiago, que es secularizada y trasladada a La Congregaci\u00f3n.<\/p>\n<p>1810 .- El Convento se vuelve prisi\u00f3n de los conjurados contra los espa\u00f1oles.<\/p>\n<p>1816 .- Se quitaron los retablos barrocos del maestro Gudi\u00f1o, en el templo de San Francisco. Tambi\u00e9n se retira el retablo barroco y del altar mayor de San Francisco, obra  de Pedro de Rojas.<\/p>\n<p>1861 .- El Gral. Arteaga comienza la destrucci\u00f3n de la barda atrial y las 5 capillas.<\/p>\n<p>1865.-  Se traslad\u00f3 la sede catedralicia de el templo de La Compa\u00f1\u00eda al de San Francisco, lo fue del 25 de julio de ese a\u00f1o al 11 de enero de 1911.<\/p>\n<p>1867 .- El Atrio de San Francisco es conocido como la plaza de los escombros.<\/p>\n<p>1867 .- Se comienza la construcci\u00f3n del Jard\u00edn Zenea y existen en el antiguo atrio, dos mercados.<\/p>\n<p>1867.- Los grandes lienzo que decoraban el claustro sobre la vida de San Antonio de pauda y San Francisco de As\u00eds, obras de los maestros Rodr\u00edguez Ju\u00e1rez, Jos\u00e9 de Ibarra y Miguel Cabrera. <\/p>\n<p>1905 .- Se destruye la huerta y en su lugar se da paso al mercado Doctor Pedro Escobedo, que muy posteriormente ser\u00e1 la Plaza de la Constituci\u00f3n.<\/p>\n<p>1917 .- se abre por en medio del primer templo franciscano y el crucero del actual la calle Aquiles Serd\u00e1n, para unir la calle de Madero con la de 5 de mayo.<\/p>\n<p>1925 .- Se repara este da\u00f1o causado a Quer\u00e9taro y el Fraile Angel Ju\u00e1rez, guardian del convento, inicia la reconstrucci\u00f3n.<\/p>\n<p>1959 .- Se restaura la torre.<\/p>\n<p>1967 .- Se construye la plaza constituci\u00f3n y el estacionamiento subterr\u00e1neo.<\/p>\n<p>1967 .- se abre la calle de Corregidora atravesando La antigua Ciudadela y partiendo en dos las casas que iban de San Antonio al R\u00edo y de la calle de Independemcia a la Alameda.<\/p>\n<p>1993 .- Se crea el Jard\u00edn del arte, en el lugar de la peque\u00f1a huerta y osario que conservaban los franciscanos.<\/p>\n<p>Capillas en el conjunto franciscano:<\/p>\n<p>Sagrario de la iglesia parroquial.<\/p>\n<p>En el cuerpo principal de la nave del templo est\u00e1 la capilla del Sant\u00edsimo o del Sagrario, existe una archicofrad\u00eda para mantener los gastos que para su mantenimiento se necesitan y para los monumentos que se levantan el jueves Santo, donde llegan a arder m\u00e1s de mil cuatrocientas luces y para la procesi\u00f3n del Jueves de H\u00e1beas Christi.<\/p>\n<p>Iglesia parroquial de los naturales<\/p>\n<p>Esta construida en el atrio cementerio y es la parroquia de los indios, bajo la advocaci\u00f3n del Se\u00f1or San Jos\u00e9, es de tres naves, sirve para la atenci\u00f3n de los naturales y existe en ella seis cofrad\u00edas, con sus rentas correspondientes. Tiene sus retablos barrocos tambi\u00e9n en los altares colaterales.<\/p>\n<p>El primer templo cat\u00f3lico levantado en la ciudad de Quer\u00e9taro, a un lado del actual, se ha querido adjudicar a la parroquia de indios, despu\u00e9s de la secularizaci\u00f3n de la parroquia en 1759, fue cedida a la Cofrad\u00eda de los Hermanos del Cord\u00f3n.<\/p>\n<p>Creo que se pasa por alto La Capilla Abierta que debi\u00f3 de dar al atrio Pante\u00f3n, las capillas pozas, por ser parte de la ritualidad mesoamericana, tanto el culto en espacios abietos y las procesiones.<\/p>\n<p>Esta primer templo del conjunto franciscano fue en parte destru\u00edda cuando se quiso continuar la calle de Madero con cinco de Mayo, pasando sobre el colateral o crucero de la iglesia actual y del primer templo, que al levantarse el existente pudiera haber quedado al servicio de la poblaci\u00f3n india.<\/p>\n<p>Capilla de la Tercera Orden:<\/p>\n<p>Se encuentra en el atrio cementerio esta hermosa capilla constru\u00edda en 1634, esta iglesia es de alta calidad que puede competir coin cualquiera y la mantienen los principales de la poblaci\u00f3n de esta ciudad de Quer\u00e9taro. All\u00ed existe una imagen de Jes\u00fas Nazareno, obra del fraile Sebasti\u00e1n Gallegos y que tiene una gran veneraci\u00f3n entre los indios.<\/p>\n<p>Esta imagen tiene un hermoso retablo y mucho adorno y la sacan en procesi\u00f3n para el rezo del V\u00eda crucis, Su culto no se pude decir cuando comenz\u00f3 pero para 1745 era ya muy antiguo.<\/p>\n<p>El retablo mayor de esta capilla fue realizado por Pedro de Rojas, hubo un nuevo retablo de cal y canto de Mariano Paz, la escultura fue obra de Mariano Perrusqu\u00eda y la pintura del maestro Astudillo. Esta capilla fue destruida en el siglo XlX por las leyes de reforma.<\/p>\n<p>Capilla de La Santa Casa de Loreto<\/p>\n<p>Se encuentra tambi\u00e9n en el atrio cementerio del conjunto franciscano, esta capilla tiene una imagen trasuntada de la del colegio de San Gregorio de M\u00e9xico. Tiene un trono de plata al martillo, con gran cantidad de espejos y preciosos retablos. Esta casa lauretana esta bajo la B\u00f3veda de un templo que la cubre y se estren\u00f3 en 1694.<\/p>\n<p>Capilla y santuario del Santo Cristo de San Benito<\/p>\n<p>Enfrente de la capilla de Loreto se encuentra esta capilla de la milagrosa imagen del Cristo de San Benito y que es obra del escultor y fraile, Sebasti\u00e1n Gallegos y se fabric\u00f3 la capilla a expensas del Alf\u00e9rez Real, Jos\u00e9 de Urtiaga Salazar y La Parra. <\/p>\n<p>La capilla es toda de cal y piedra, con b\u00f3vedas sobre arcos y pilastras de canter\u00eda, cimborrio y crucero. Sus retablos est\u00e1n hechos con abundancia de l\u00e1minas y espejos y a la moderna, con est\u00edpites y en el centro un admirable nicho, con vidrieras adornadas de perlas, diamantes y otras joyas m\u00e1s.<\/p>\n<p>El santuario est\u00e1 adornado por los propios franciscanos, por limosnas y por la propia Cofrad\u00eda. El Cristo de San Benito esta colocado en un nicho de cristal, su culto est\u00e1 principalmente en manos de sus mayordomos y del Juez eclesi\u00e1stico.<\/p>\n<p>Esta capilla y las otras del atrio fueron destruidas poco a poco y con motivo de las leyes de reforma por el a\u00f1o de 1864 en adelante, hasta cambiar el panorama del centro de la ciudad.<\/p>\n","protected":false},"excerpt":{"rendered":"<p>Efem\u00e9rides: 1540 .- Con\u00edn entrega el solar a los franciscanos donde crear\u00e1n su convento 1548.- Da comienzo la construcci\u00f3n del primer templo del Convento de San Francisco de Quer\u00e9taro 1566 .- El Convento de San Francisco de Quer\u00e9taro, deja de pertenecer a la Provincia del Santo Evangelio y se integra a la Provincia de San [&hellip;]<\/p>\n","protected":false},"author":249,"featured_media":0,"comment_status":"open","ping_status":"closed","sticky":false,"template":"","format":"standard","meta":{"footnotes":""},"categories":[8,10,3,7,5,4,6],"tags":[],"class_list":["post-7979","post","type-post","status-publish","format-standard","hentry","category-ciudad-de-queretaro","category-historia","category-huasteca-queretana","category-queretaro-pre-hispanico","category-semidesierto","category-sierra-gorda","category-valles-centrales"],"_links":{"self":[{"href":"http:\/\/eloficiodehistoriar.com.mx\/index.php?rest_route=\/wp\/v2\/posts\/7979","targetHints":{"allow":["GET"]}}],"collection":[{"href":"http:\/\/eloficiodehistoriar.com.mx\/index.php?rest_route=\/wp\/v2\/posts"}],"about":[{"href":"http:\/\/eloficiodehistoriar.com.mx\/index.php?rest_route=\/wp\/v2\/types\/post"}],"author":[{"embeddable":true,"href":"http:\/\/eloficiodehistoriar.com.mx\/index.php?rest_route=\/wp\/v2\/users\/249"}],"replies":[{"embeddable":true,"href":"http:\/\/eloficiodehistoriar.com.mx\/index.php?rest_route=%2Fwp%2Fv2%2Fcomments&post=7979"}],"version-history":[{"count":3,"href":"http:\/\/eloficiodehistoriar.com.mx\/index.php?rest_route=\/wp\/v2\/posts\/7979\/revisions"}],"predecessor-version":[{"id":7985,"href":"http:\/\/eloficiodehistoriar.com.mx\/index.php?rest_route=\/wp\/v2\/posts\/7979\/revisions\/7985"}],"wp:attachment":[{"href":"http:\/\/eloficiodehistoriar.com.mx\/index.php?rest_route=%2Fwp%2Fv2%2Fmedia&parent=7979"}],"wp:term":[{"taxonomy":"category","embeddable":true,"href":"http:\/\/eloficiodehistoriar.com.mx\/index.php?rest_route=%2Fwp%2Fv2%2Fcategories&post=7979"},{"taxonomy":"post_tag","embeddable":true,"href":"http:\/\/eloficiodehistoriar.com.mx\/index.php?rest_route=%2Fwp%2Fv2%2Ftags&post=7979"}],"curies":[{"name":"wp","href":"https:\/\/api.w.org\/{rel}","templated":true}]}}