{"id":7988,"date":"2011-03-18T07:45:53","date_gmt":"2011-03-18T13:45:53","guid":{"rendered":"https:\/\/eloficiodehistoriar.com.mx\/?p=7988"},"modified":"2011-03-18T07:45:53","modified_gmt":"2011-03-18T13:45:53","slug":"comprender-a-los-incomprendidos-f-katz","status":"publish","type":"post","link":"http:\/\/eloficiodehistoriar.com.mx\/?p=7988","title":{"rendered":"\u00abComprender a los incomprendidos\u00bb  F. Katz"},"content":{"rendered":"<p>Colegas y colaboradores rindieron homenaje al historiador austriaco<\/p>\n<p>Elogian el esfuerzo de Katz por comprender a los incomprendidos<\/p>\n<p>Dej\u00f3 dos manuscritos: uno acerca de Madero y otro sobre los cient\u00edficos del porfiriato; \u201cvoy a escribir en coautor\u00eda con \u00e9l esos dos libros\u201d, adelanta Claudio Lomnitz a La Jornada<\/p>\n<p>Ericka Monta\u00f1o Garfias<\/p>\n<p>La Jornada<\/p>\n<p>Hay homenajes en los que faltan sillas. Y el que se rindi\u00f3 al historiador Friedrich Katz fue uno de ellos. Las sillas colocadas en los dos patios del Instituto Nacional de Estudios Hist\u00f3ricos de las Revoluciones de M\u00e9xico fueron insuficientes para los cientos de personas que se reunieron el mi\u00e9rcoles por la noche para escuchar a historiadores y colaboradores hablar del trabajo y la personalidad del investigador austriaco, fallecido el a\u00f1o pasado.<\/p>\n<p>Lo anterior sucedi\u00f3 durante la presentaci\u00f3n del libro Revoluci\u00f3n y exilio en la historia de M\u00e9xico: del amor de un historiador a su patria adoptiva, homenaje a Friedrich Katz, coeditado por Ediciones Era, El Colegio de M\u00e9xico y el centro Katz de Estudios Mexicanos de la Universidad de Chicago.<\/p>\n<p>Al finalizar, el historiador Claudio Lomnitz adelant\u00f3 a La Jornada que Katz dej\u00f3 iniciados dos libros, uno acerca de Francisco I. Madero y otro de los cient\u00edficos en el exilio. Lomnitz, colaborador cercano de Katz, precis\u00f3 que los dos proyectos \u201cno los dej\u00f3 listos, desafortunadamente. Lo que dej\u00f3 fueron porciones de dos manuscritos de libros y el profesor Katz me hizo el honor de pedirme que trabajara su archivo, porque el trabajo de archivo lo complet\u00f3 para su gusto, trabaj\u00f3 varios a\u00f1os en ellos. Voy a escribir en coautor\u00eda con \u00e9l esos dos libros\u201d.<\/p>\n<p>Se trata, explic\u00f3, de dos o tres cap\u00edtulos de cada libro m\u00e1s el acervo documental, y estar\u00e1n listos en dos o tres a\u00f1os; existe la posibilidad de que los manuscritos sean colocados en la red.<\/p>\n<p>\u201cHe platicado con Emilio Kour\u00ed sobre la posibilidad de que cuando salgan los libros el centro Katz de la Universidad de Chicago cuelgue en la red los manuscritos originales porque hay un par de cap\u00edtulos que est\u00e1n bastante completos; otros son fragmentarios, no se pueden publicar tal como est\u00e1n, pero tal vez s\u00ed se podr\u00edan compartir con el p\u00fablico en general a trav\u00e9s de la red.\u201d<\/p>\n<p>Friedrich Katz (Viena, 1927-Filadelfia, 2010) trabaj\u00f3 varios a\u00f1os en cada uno de ellos. El de Madero, cuya investigaci\u00f3n termin\u00f3 al publicar la biograf\u00eda de Pancho Villa, \u201cal principio no era claramente un libro, pero se fue cuajando la idea en \u00e9l de que hab\u00eda que explicar la ca\u00edda de Madero, su fracaso, de otra forma. En el manuscrito que dej\u00f3 creo que hay con qu\u00e9 sacar una nueva interpretaci\u00f3n de Madero, cosa que es realmente importante y, por tanto, tambi\u00e9n una interpretaci\u00f3n del problema de la democracia en M\u00e9xico, que es un gran tema que desde un punto de vista hist\u00f3rico no est\u00e1 muy bien investigado. Hay investigaciones importantes, pero el tema democracia y revoluci\u00f3n no est\u00e1 claro\u201d.<\/p>\n<p>En cuanto al texto de los cient\u00edficos, Katz lo inici\u00f3 hace seis o siete a\u00f1os. \u201cEmpez\u00f3 cuando se abrieron los papeles de Limantour y los de Enrique Creel, y le llam\u00f3 la atenci\u00f3n el problema de los cient\u00edficos durante la Revoluci\u00f3n, porque hay una correspondencia realmente muy rica e intensa que da una idea de la visi\u00f3n de la Revoluci\u00f3n desde la reacci\u00f3n. Katz ten\u00eda la curiosidad de por qu\u00e9 la \u00e9lite porfiriana sobrevive bastante bien al movimiento y se reintegra de diversas formas a la sociedad mexicana, e incluso a la pol\u00edtica, en contraste con lo que ocurri\u00f3 con la revoluci\u00f3n en Francia o Rusia.<\/p>\n<p>\u201cEs una mirada a la Revoluci\u00f3n que no ha sido bien explorada, que es la mirada a las grandes figuras porfirianas viendo la Revoluci\u00f3n desde Estados Unidos, Europa, Cuba, en los lugares donde est\u00e1n exiliados. Ah\u00ed va a haber un gran libro, un poco m\u00e1s sutil desde el punto de vista de su importancia que el de Madero, que creo que es muy evidente para el lector mexicano por qu\u00e9 importa. El de los cient\u00edficos en el exilio es igual de importante, pero tal vez tarde un poco m\u00e1s en absorberse por qu\u00e9.\u201d<\/p>\n<p>Friedrich Katz (1927-2010), en imagen de 2003, durante una entrevista con La JornadaFoto Luis Humberto Gonz\u00e1lez<br \/>\nHuellero incansable, dice Gilly<\/p>\n<p>En el homenaje participaron los historiadores e investigadores Adolfo Gilly, colaborador de La Jornada; Emilio Kour\u00ed, Enrique Semo, Javier Garciadiego, Guadalupe Villa, Eugenia Meyer, Lorenzo Meyer y Lomnitz, quienes hablaron de las distintas facetas en el trabajo de Katz: desde sus estudios acerca de los aztecas y las civilizaciones prehisp\u00e1nicas, el porfiriato, la Revoluci\u00f3n, Villa, la guerra secreta, es decir, de los grandes temas de estudio a los que se dedic\u00f3 Katz, y por ah\u00ed se colaron an\u00e9cdotas, peque\u00f1os detalles de la vida del sabio, tal como lo llam\u00f3 Adolfo Gilly en su ponencia Homenaje a Friedrich Katz: el enigma y el sabio, en la que se refiri\u00f3 a la relaci\u00f3n del historiador con Pancho Villa.<\/p>\n<p>\u201cQue una biograf\u00eda alcance a dar raz\u00f3n de un mundo y a conectar las l\u00f3gicas dispares de sus hechos y protagonistas en torno a los hechos de una vida es una haza\u00f1a de la investigaci\u00f3n, la paciencia, la imaginaci\u00f3n y la escritura. Friedrich Katz, el huellero incansable, lo logr\u00f3 en su Pancho Villa. Ah\u00ed est\u00e1 enterita la Revoluci\u00f3n Mexicana, y lo que ah\u00ed no est\u00e1 es muy probable que nunca haya ocurrido\u201d, dijo Gilly.<\/p>\n<p>Los historiadores sentados frente al p\u00fablico, entre quienes estaba Jana Katz, viuda de Friedrich; el escritor Carlos Fuentes y su esposa Silvia Lemus, rescataron la extraordinaria capacidad narrativa de Katz, su bonhom\u00eda, su esfuerzo por comprender a los incomprendidos, y su decisi\u00f3n de estudiar la historia de M\u00e9xico y presentar otra mirada, su posici\u00f3n antimperialista, su capacidad de trabajo colectivo respetando siempre el individual. Katz, un historiador que no se interes\u00f3 en la \u00e9poca colonial ni en el imperio de Maximiliano: \u201cquiero ser el \u00fanico austriaco que nunca haya escrito nada sobre Maximiliano. Me cae mejor Pancho Villa\u201d, como se lo dijo a Lorenzo Meyer en alguna de sus pl\u00e1ticas.<\/p>\n<p>Kour\u00ed, quien \u2013junto con Garciadiego\u2013 fue el organizador del libro Revoluci\u00f3n y exilio\u2026, destac\u00f3 que lo que hace a Friedrich Katz un gran historiador \u201ces su capacidad de narrador. Eso nos invita como historiadores y lectores a no olvidar nunca que la historia tiene ese elemento y es lo que la mantiene en el coraz\u00f3n de las personas\u201d.<\/p>\n<p>Carlos Fuentes, quien comparti\u00f3 una amistad de tres d\u00e9cadas con Katz, dijo a La Jornada: \u201cAlgunos nacimos mexicanos; Katz se volvi\u00f3 mexicano, fue su voluntad ser mexicano, un m\u00e9rito extra en eso. No es nuestro por casualidad, sino por voluntad. Voluntad de intelectual de historiador, de pertenecer a la comunidad mexicana y escribir sobre nosotros los mejores libros sobre el tema. Nadie ha escrito sobre Villa con la perspectiva hist\u00f3rica de Katz, nadie se dio cuenta como Katz de que la Revoluci\u00f3n Mexicana parte de un evento mundial: que coincidi\u00f3 con la Primera Guerra, pero tambi\u00e9n anunci\u00f3 las revoluciones que iban a venir despu\u00e9s. Es un hombre al que le debemos mucho\u201d.<\/p>\n","protected":false},"excerpt":{"rendered":"<p>Colegas y colaboradores rindieron homenaje al historiador austriaco Elogian el esfuerzo de Katz por comprender a los incomprendidos Dej\u00f3 dos manuscritos: uno acerca de Madero y otro sobre los cient\u00edficos del porfiriato; \u201cvoy a escribir en coautor\u00eda con \u00e9l esos dos libros\u201d, adelanta Claudio Lomnitz a La Jornada Ericka Monta\u00f1o Garfias La Jornada Hay homenajes [&hellip;]<\/p>\n","protected":false},"author":249,"featured_media":0,"comment_status":"open","ping_status":"closed","sticky":false,"template":"","format":"standard","meta":{"footnotes":""},"categories":[26],"tags":[],"class_list":["post-7988","post","type-post","status-publish","format-standard","hentry","category-mundo"],"_links":{"self":[{"href":"http:\/\/eloficiodehistoriar.com.mx\/index.php?rest_route=\/wp\/v2\/posts\/7988","targetHints":{"allow":["GET"]}}],"collection":[{"href":"http:\/\/eloficiodehistoriar.com.mx\/index.php?rest_route=\/wp\/v2\/posts"}],"about":[{"href":"http:\/\/eloficiodehistoriar.com.mx\/index.php?rest_route=\/wp\/v2\/types\/post"}],"author":[{"embeddable":true,"href":"http:\/\/eloficiodehistoriar.com.mx\/index.php?rest_route=\/wp\/v2\/users\/249"}],"replies":[{"embeddable":true,"href":"http:\/\/eloficiodehistoriar.com.mx\/index.php?rest_route=%2Fwp%2Fv2%2Fcomments&post=7988"}],"version-history":[{"count":1,"href":"http:\/\/eloficiodehistoriar.com.mx\/index.php?rest_route=\/wp\/v2\/posts\/7988\/revisions"}],"predecessor-version":[{"id":7989,"href":"http:\/\/eloficiodehistoriar.com.mx\/index.php?rest_route=\/wp\/v2\/posts\/7988\/revisions\/7989"}],"wp:attachment":[{"href":"http:\/\/eloficiodehistoriar.com.mx\/index.php?rest_route=%2Fwp%2Fv2%2Fmedia&parent=7988"}],"wp:term":[{"taxonomy":"category","embeddable":true,"href":"http:\/\/eloficiodehistoriar.com.mx\/index.php?rest_route=%2Fwp%2Fv2%2Fcategories&post=7988"},{"taxonomy":"post_tag","embeddable":true,"href":"http:\/\/eloficiodehistoriar.com.mx\/index.php?rest_route=%2Fwp%2Fv2%2Ftags&post=7988"}],"curies":[{"name":"wp","href":"https:\/\/api.w.org\/{rel}","templated":true}]}}