{"id":7990,"date":"2011-03-18T07:53:52","date_gmt":"2011-03-18T13:53:52","guid":{"rendered":"https:\/\/eloficiodehistoriar.com.mx\/?p=7990"},"modified":"2011-03-18T07:53:52","modified_gmt":"2011-03-18T13:53:52","slug":"resumen-de-noticias-sobre-las-que-pocos-se-detienen","status":"publish","type":"post","link":"http:\/\/eloficiodehistoriar.com.mx\/?p=7990","title":{"rendered":"Res\u00famen de noticias sobre las que pocos se detienen"},"content":{"rendered":"<p>Chacatorex. Ch&#8217;ol. Hormiga colorada<\/p>\n<p>Actualizaci\u00f3n. Encuentro: \u201cCON LA MEMORIA, LOS PUEBLOS CONSTRUIMOS JUSTICIA Y VERDAD\u201d<\/p>\n<p>COMUNICADO DENUNCIA de Red de Trata de Personas en Chiapas?<\/p>\n<p>Lo sagrado: \u00bfqui\u00e9n se lo imaginaba?<\/p>\n<p>Centro Prodh entrega amicus al TSJ Guerrero en el caso de ind\u00edgenas defensores de derechos humanos de Xochistlahuaca<\/p>\n<p>Convocatoria a \u201c5 D\u00edas de Acci\u00f3n Mundial por los 5 de Bachaj\u00f3n\u201d<\/p>\n<p>\u201cCon la Memoria los Pueblos Construimos Justicia y Verdad\u201d. Pronunciamiento Conjunto de Activistas de <\/p>\n<p>Promotores y Defensores de DDHH en Chiapas<\/p>\n<p>BUAP &#8211; PUEBLA: Amenazas y agresiones f\u00edsicas en contra de la comunidad universitaria organizada<\/p>\n<p>Denuncian ejidatarias de bachajon amenazas de militantes del PRI<\/p>\n<p>El Centro PRO de derechos humanos en defensa de los Amuzgos<\/p>\n<p>Mueren 126 ind\u00edgenas embarazadas por falta de ambulancia a\u00e9rea<\/p>\n<p>Philip K. Dick, el fil\u00f3sofo escritor<\/p>\n<p>Actualizaci\u00f3n: Huelga de hambre de mujeres ind\u00edgenas en Tuxtla. Chiapas<\/p>\n<p>Desterrados y enfermos, ind\u00edgenas tzeltales de Chiapas piden justicia<\/p>\n<p>Se vuelve cr\u00edtica huelga de hambre de mujeres ind\u00edgenas en Chiapas<\/p>\n<p>Comunicado en solidaridad con las mujeres en huelga de hambre en Tuxtla Gtz<\/p>\n<p>Empez\u00f3 en Chiapas encuentro de activistas y defensores de derechos de todo el pa\u00eds<\/p>\n<p>Ejecutan a 3 familiares testigos del asesinato de Escobedo en Chihuahua<\/p>\n<p>2001-2011: Diez a\u00f1os de medios libres y comunitarios en M\u00e9xico, en el aniversario 10 de Radiozapote<\/p>\n<p>Amenazas de muerte contra dos dirigentes de Nuestras Hijas de Regreso a Casa<\/p>\n<p>El Centro de Derechos Humanos Digna Ochoa agradece el apoyo para con el compa\u00f1ero defensor de DH <\/p>\n<p>Nataniel Hern\u00e1ndez<\/p>\n<p>ATACAN a Mujeres de la Zona Norte del Istmo Oaxaque\u00f1o<\/p>\n<p>Oaxaca. Profesor Carlos Ren\u00e9 Rom\u00e1n Salazar de la Secci\u00f3n XXII<\/p>\n<p>Vuelven a capturar a Nataniel Hern\u00e1ndez N\u00fa\u00f1ez, activista promotor y defensor activista promotor y <\/p>\n<p>defensor de los DDHH en Chiapas<\/p>\n<p>Surge La Otra de La Otra Civil. contraparte de La Otra Campa\u00f1a del EZLN<\/p>\n<p>Denuncian invasi\u00f3n de parcela escolar en comunidad tzeltal chiapaneca<\/p>\n<p>COMUNICADO URGENTE CDDH DIGNA OCHOA.- Aprenhensi\u00f3n del Lic. Nataniel Hern\u00e1ndez en Tapachula<br \/>\n&#8212; <\/p>\n<p>Chacatorex<br \/>\nChacatorex@gmail.com<br \/>\nhttp:\/\/chacatorex.blogspot.com<\/p>\n","protected":false},"excerpt":{"rendered":"<p>Chacatorex. Ch&#8217;ol. Hormiga colorada Actualizaci\u00f3n. Encuentro: \u201cCON LA MEMORIA, LOS PUEBLOS CONSTRUIMOS JUSTICIA Y VERDAD\u201d COMUNICADO DENUNCIA de Red de Trata de Personas en Chiapas? Lo sagrado: \u00bfqui\u00e9n se lo imaginaba? Centro Prodh entrega amicus al TSJ Guerrero en el caso de ind\u00edgenas defensores de derechos humanos de Xochistlahuaca Convocatoria a \u201c5 D\u00edas de Acci\u00f3n [&hellip;]<\/p>\n","protected":false},"author":249,"featured_media":0,"comment_status":"open","ping_status":"closed","sticky":false,"template":"","format":"standard","meta":{"footnotes":""},"categories":[26],"tags":[],"class_list":["post-7990","post","type-post","status-publish","format-standard","hentry","category-mundo"],"_links":{"self":[{"href":"http:\/\/eloficiodehistoriar.com.mx\/index.php?rest_route=\/wp\/v2\/posts\/7990","targetHints":{"allow":["GET"]}}],"collection":[{"href":"http:\/\/eloficiodehistoriar.com.mx\/index.php?rest_route=\/wp\/v2\/posts"}],"about":[{"href":"http:\/\/eloficiodehistoriar.com.mx\/index.php?rest_route=\/wp\/v2\/types\/post"}],"author":[{"embeddable":true,"href":"http:\/\/eloficiodehistoriar.com.mx\/index.php?rest_route=\/wp\/v2\/users\/249"}],"replies":[{"embeddable":true,"href":"http:\/\/eloficiodehistoriar.com.mx\/index.php?rest_route=%2Fwp%2Fv2%2Fcomments&post=7990"}],"version-history":[{"count":2,"href":"http:\/\/eloficiodehistoriar.com.mx\/index.php?rest_route=\/wp\/v2\/posts\/7990\/revisions"}],"predecessor-version":[{"id":7993,"href":"http:\/\/eloficiodehistoriar.com.mx\/index.php?rest_route=\/wp\/v2\/posts\/7990\/revisions\/7993"}],"wp:attachment":[{"href":"http:\/\/eloficiodehistoriar.com.mx\/index.php?rest_route=%2Fwp%2Fv2%2Fmedia&parent=7990"}],"wp:term":[{"taxonomy":"category","embeddable":true,"href":"http:\/\/eloficiodehistoriar.com.mx\/index.php?rest_route=%2Fwp%2Fv2%2Fcategories&post=7990"},{"taxonomy":"post_tag","embeddable":true,"href":"http:\/\/eloficiodehistoriar.com.mx\/index.php?rest_route=%2Fwp%2Fv2%2Ftags&post=7990"}],"curies":[{"name":"wp","href":"https:\/\/api.w.org\/{rel}","templated":true}]}}