{"id":80,"date":"2008-05-20T23:43:30","date_gmt":"2008-05-21T04:43:30","guid":{"rendered":"https:\/\/eloficiodehistoriar.com.mx\/?p=80"},"modified":"2008-06-02T17:15:45","modified_gmt":"2008-06-02T22:15:45","slug":"las-misiones-de-la-sierra-gorda","status":"publish","type":"post","link":"http:\/\/eloficiodehistoriar.com.mx\/?p=80","title":{"rendered":"Las Misiones de La Sierra Gorda"},"content":{"rendered":"<p><span style=\"font-size: 18pt; color: black\" lang=\"ES-TRAD\"><strong><font face=\"Arial\">Templos y conventos Pames, en <st1:personname ProductID=\"la Huasteca Queretana\" w:st=\"on\"><st1:personname ProductID=\"La Huasteca\" w:st=\"on\">la Huasteca<\/st1:personname> Queretana<\/st1:personname>, <span>\u00a0<\/span>llamados \u201cLas Misiones de <st1:personname ProductID=\"la Sierra Gorda\" w:st=\"on\"><st1:personname ProductID=\"La Sierra\" w:st=\"on\">La Sierra<\/st1:personname> Gorda<\/st1:personname>\u201d<o:p><\/o:p><\/font><\/strong><\/span><span style=\"color: black\" lang=\"ES-TRAD\"><o:p><strong><font face=\"Arial\">\u00a0<\/font><\/strong><\/o:p><\/span><span style=\"color: black\" lang=\"ES-TRAD\"><o:p><strong><font face=\"Arial\">\u00a0<\/font><\/strong><\/o:p><\/span><\/p>\n<p style=\"margin: 0cm 0cm 0pt; text-align: justify\" class=\"MsoTitle\"><span style=\"font-weight: normal; font-size: 12pt; color: black; font-family: Arial\" lang=\"ES-TRAD\">Para llegar a estos bell\u00edsimos paisajes de la tierra caliente queretana, donde sin alarifes europeos, los pames construyeron cinco templos y sus anexos, sobre ruinas de sus antiguas ciudades; Desde Quer\u00e9taro o desde M\u00e9xico, se cruzan: El Valle, El Semidesierto, <st1:personname ProductID=\"la Sierra Gorda\" w:st=\"on\">La Sierra Gorda<\/st1:personname> y se llega a <st1:personname ProductID=\"La Huasteca\" w:st=\"on\">La Huasteca<\/st1:personname>, donde se encuentran estas obras maestras.<\/span><\/p>\n<p style=\"margin: 0cm 0cm 0pt; text-align: justify\" class=\"MsoTitle\"><span style=\"font-weight: normal; font-size: 12pt; color: black; font-family: Arial\" lang=\"ES-TRAD\"><\/span><\/p>\n<p><span style=\"font-weight: normal; font-size: 12pt; color: black; font-family: Arial\" lang=\"ES-TRAD\"><o:p>\u00a0<\/o:p><\/span><span style=\"font-size: 12pt; color: black; font-family: Arial\" lang=\"ES-TRAD\"><o:p><strong>\u00a0<\/strong><\/o:p><\/span><st1:personname ProductID=\"La Conquista\" w:st=\"on\"><span style=\"font-weight: normal; font-size: 12pt; color: black; font-family: Arial\" lang=\"ES-TRAD\">La Conquista<\/span><\/st1:personname><span style=\"font-weight: normal; font-size: 12pt; color: black; font-family: Arial\" lang=\"ES-TRAD\"> espiritual de <st1:personname ProductID=\"la Sierra Gorda\" w:st=\"on\">la Sierra Gorda<\/st1:personname><o:p><\/o:p><\/span><\/p>\n<p align=\"left\" style=\"margin: 0cm 0cm 0pt; text-align: left\" class=\"MsoTitle\"><span style=\"font-weight: normal; font-size: 12pt; color: black; font-family: Arial\" lang=\"ES-TRAD\">El Arte y la capacidad arquitect\u00f3nica de los Pames<\/span><\/p>\n<p align=\"left\" style=\"margin: 0cm 0cm 0pt; text-align: left\" class=\"MsoTitle\"><span style=\"font-weight: normal; font-size: 12pt; color: black; font-family: Arial\" lang=\"ES-TRAD\"><\/span><\/p>\n<p><span style=\"font-weight: normal; font-size: 12pt; color: black; font-family: Arial\" lang=\"ES-TRAD\"><o:p>\u00a0<\/o:p><\/span><\/p>\n<h1 style=\"margin: 0cm 0cm 0pt\"><span style=\"font-weight: normal; color: black; font-family: Arial\" lang=\"ES-TRAD\"><o:p><font size=\"3\">\u00a0<\/font><\/o:p><\/span><\/h1>\n<h1 style=\"margin: 0cm 0cm 0pt; text-align: justify\"><span style=\"color: black; font-family: Arial\" lang=\"ES-TRAD\"><font size=\"3\">Introducci\u00f3n:<o:p><\/o:p><\/font><\/span><\/h1>\n<p style=\"margin: 0cm 0cm 0pt; text-align: justify\" class=\"MsoNormal\"><span style=\"font-size: 12pt; color: black; font-family: Arial\" lang=\"ES-TRAD\">En una de las reservas de la biosfera m\u00e1s hermosas que existen, con una abundante riqueza cultural y ecol\u00f3gica, entre ca\u00f1ones, r\u00edos, selvas, bosques, monta\u00f1as y desiertos, entre una flora y fauna majestuosa surgen los tres mil a\u00f1os de cultura mesoamericana rematando con las cinco misiones pames:<\/span><\/p>\n<p style=\"margin: 0cm 0cm 0pt; text-align: justify\" class=\"MsoNormal\"><span style=\"font-size: 12pt; color: black; font-family: Arial\" lang=\"ES-TRAD\"><\/span><\/p>\n<p><span style=\"font-size: 12pt; color: black; font-family: Arial\" lang=\"ES-TRAD\"><o:p>\u00a0<\/o:p><\/span><span style=\"font-size: 12pt; color: black; font-family: Arial\" lang=\"ES-TRAD\"><o:p>\u00a0<\/o:p><\/span><span style=\"font-size: 12pt; color: black; font-family: Arial\" lang=\"ES-TRAD\">La de Nuestro Se\u00f1or Santiago de Jalpan<o:p><\/o:p><\/span><span style=\"font-size: 12pt; color: black; font-family: Arial\" lang=\"ES-TRAD\">La de Nuestra Se\u00f1ora de <st1:personname ProductID=\"la Luz\" w:st=\"on\">La Luz<\/st1:personname> de Tancoyol.<o:p><\/o:p><\/span><span style=\"font-size: 12pt; color: black; font-family: Arial\" lang=\"ES-TRAD\">La de Nuestra Se\u00f1ora de Las Aguas de Landa<o:p><\/o:p><\/span><span style=\"font-size: 12pt; color: black; font-family: Arial\" lang=\"ES-TRAD\">La del Se\u00f1or San Miguel de Conc\u00e1.<o:p><\/o:p><\/span><\/p>\n<p style=\"margin: 0cm 0cm 0pt; text-align: justify\" class=\"MsoNormal\"><span style=\"font-size: 12pt; color: black; font-family: Arial\" lang=\"ES-TRAD\">La de San Francisco de Tilaco<\/span><\/p>\n<p style=\"margin: 0cm 0cm 0pt; text-align: justify\" class=\"MsoNormal\"><span style=\"font-size: 12pt; color: black; font-family: Arial\" lang=\"ES-TRAD\"><\/span><\/p>\n<p><span style=\"font-size: 12pt; color: black; font-family: Arial\" lang=\"ES-TRAD\"><o:p>\u00a0<\/o:p><\/span><span style=\"font-size: 12pt; color: black; font-family: Arial\" lang=\"ES-TRAD\"><o:p>\u00a0<\/o:p><\/span><\/p>\n<p style=\"margin: 0cm 0cm 0pt; text-align: justify\" class=\"MsoNormal\"><span style=\"font-size: 12pt; color: black; font-family: Arial\" lang=\"ES-TRAD\">El mundo concebido por los pames e interpretado al modo occidental al construir las misiones de <st1:personname ProductID=\"la Sierra Gorda\" w:st=\"on\">la Sierra Gorda<\/st1:personname>, solo las podemos interpretar en las fachadas, el reducto que nos dejaron para concebir la fantas\u00eda de los artistas serranos de Quer\u00e9taro<\/span><\/p>\n<p style=\"margin: 0cm 0cm 0pt; text-align: justify\" class=\"MsoNormal\"><span style=\"font-size: 12pt; color: black; font-family: Arial\" lang=\"ES-TRAD\"><\/span><\/p>\n<p><span style=\"font-size: 12pt; color: black; font-family: Arial\" lang=\"ES-TRAD\"><o:p>\u00a0<\/o:p><\/span><span style=\"font-size: 12pt; color: black; font-family: Arial\" lang=\"ES-TRAD\"><o:p>\u00a0<\/o:p><\/span><\/p>\n<p style=\"margin: 0cm 0cm 0pt; text-align: justify\" class=\"MsoBodyText\"><span style=\"font-weight: normal; font-size: 12pt; color: black; font-family: Arial\" lang=\"ES-TRAD\">La conquista espiritual de <st1:personname ProductID=\"la Sierra Gorda\" w:st=\"on\">La Sierra Gorda<\/st1:personname>, fue una de las m\u00e1s dif\u00edciles y prolongadas en el contexto hist\u00f3rico de la invasi\u00f3n espa\u00f1ola u occidental, en el continente y se dio en una regi\u00f3n en estado de guerra, entre la civilizaci\u00f3n n\u00f3mada del semidesierto y la civilizaci\u00f3n serrana, contra la milicia espa\u00f1ola, colonizadores y misioneros.<span>\u00a0 <\/span><\/span><\/p>\n<p style=\"margin: 0cm 0cm 0pt; text-align: justify\" class=\"MsoBodyText\"><span style=\"font-weight: normal; font-size: 12pt; color: black; font-family: Arial\" lang=\"ES-TRAD\"><span><\/span><\/span><\/p>\n<p><span style=\"font-weight: normal; font-size: 12pt; color: black; font-family: Arial\" lang=\"ES-TRAD\"><span><\/span><o:p>\u00a0<\/o:p><\/span><span style=\"font-size: 12pt; color: black; font-family: Arial\" lang=\"ES-TRAD\"><o:p>\u00a0<\/o:p><\/span><\/p>\n<p style=\"margin: 0cm 0cm 0pt; text-align: justify\" class=\"MsoBodyText\"><span style=\"font-weight: normal; font-size: 12pt; color: black; font-family: Arial\" lang=\"ES-TRAD\">Es importante tener en cuenta que \u201cLas misiones\u201d eran decisivas para la penetraci\u00f3n y ocupaci\u00f3n de los territorios, as\u00ed como para la integraci\u00f3n socio cultural de los pueblos conquistados.<\/span><\/p>\n<p style=\"margin: 0cm 0cm 0pt; text-align: justify\" class=\"MsoBodyText\"><span style=\"font-weight: normal; font-size: 12pt; color: black; font-family: Arial\" lang=\"ES-TRAD\"><\/span><\/p>\n<p><span style=\"font-weight: normal; font-size: 12pt; color: black; font-family: Arial\" lang=\"ES-TRAD\"><o:p>\u00a0<\/o:p><\/span><span style=\"font-size: 12pt; color: black; font-family: Arial\" lang=\"ES-TRAD\"><o:p>\u00a0<\/o:p><\/span><\/p>\n<p style=\"margin: 0cm 0cm 0pt; text-align: justify\" class=\"MsoNormal\"><span style=\"font-size: 12pt; color: black; font-family: Arial\" lang=\"ES-TRAD\">Los objetivos de evangelizaci\u00f3n y educaci\u00f3n de los \u201cind\u00edgenas\u201d eran compartidos por las diversas \u00f3rdenes religiosas y por el clero secular, las variantes se daban en las estrategias y metodolog\u00edas, para la congregaci\u00f3n y reducci\u00f3n de los pueblos de este continente.<\/span><\/p>\n<p style=\"margin: 0cm 0cm 0pt; text-align: justify\" class=\"MsoNormal\"><span style=\"font-size: 12pt; color: black; font-family: Arial\" lang=\"ES-TRAD\"><\/span><\/p>\n<p><span style=\"font-size: 12pt; color: black; font-family: Arial\" lang=\"ES-TRAD\"><o:p>\u00a0<\/o:p><\/span><span style=\"font-size: 12pt; color: black; font-family: Arial\" lang=\"ES-TRAD\"><o:p>\u00a0<\/o:p><\/span><\/p>\n<p style=\"margin: 0cm 0cm 0pt; text-align: justify\" class=\"MsoNormal\"><span style=\"font-size: 12pt; color: black; font-family: Arial\" lang=\"ES-TRAD\">Entre los exponentes de estos principios normativos se pueden citar al jesuita Joseph de Acosta y al franciscano Fray Isidoro de Puertollano, entre otros.<\/span><\/p>\n<p style=\"margin: 0cm 0cm 0pt; text-align: justify\" class=\"MsoNormal\"><span style=\"font-size: 12pt; color: black; font-family: Arial\" lang=\"ES-TRAD\"><\/span><\/p>\n<p><span style=\"font-size: 12pt; color: black; font-family: Arial\" lang=\"ES-TRAD\"><o:p>\u00a0<\/o:p><\/span><span style=\"font-size: 12pt; color: black; font-family: Arial\" lang=\"ES-TRAD\"><o:p>\u00a0<\/o:p><\/span><\/p>\n<p style=\"margin: 0cm 0cm 0pt; text-align: justify\" class=\"MsoBodyText\"><span style=\"font-weight: normal; font-size: 12pt; color: black; font-family: Arial\" lang=\"ES-TRAD\">Es sabido que a la llegada de los llamados \u201cLos Doce\u201d misioneros franciscanos a Mesoam\u00e9rica, se establecieron en Texcoco, Tlaxcala, Huejotzingo y M\u00e9xico, de este \u00faltimo lugar depend\u00edan Cuatitl\u00e1n, Tula y Jilotepec,<span>\u00a0 <\/span>a su vez de esta \u00faltima<\/span><span style=\"font-size: 12pt; color: black; font-family: Arial\" lang=\"ES-TRAD\"><strong> <\/strong><\/span><span style=\"font-weight: normal; font-size: 12pt; color: black; font-family: Arial\" lang=\"ES-TRAD\">poblaci\u00f3n giraban, Huichapan, Actopan, El Mezquital, San Juan Del R\u00edo y Quer\u00e9taro.<\/span><\/p>\n<p style=\"margin: 0cm 0cm 0pt; text-align: justify\" class=\"MsoBodyText\"><span style=\"font-weight: normal; font-size: 12pt; color: black; font-family: Arial\" lang=\"ES-TRAD\"><\/span><\/p>\n<p><span style=\"font-weight: normal; font-size: 12pt; color: black; font-family: Arial\" lang=\"ES-TRAD\"><o:p>\u00a0<\/o:p><\/span><span style=\"font-size: 12pt; color: black; font-family: Arial\" lang=\"ES-TRAD\"><o:p>\u00a0<\/o:p><\/span><\/p>\n<p style=\"margin: 0cm 0cm 0pt; text-align: justify\" class=\"MsoNormal\"><span style=\"font-size: 12pt; color: black; font-family: Arial\" lang=\"ES-TRAD\">Para entrar al territorio norte que hoy forma parte del estado de Quer\u00e9taro, habitado principalmente por Jonaces y Pames, los franciscanos fundaron en las cercan\u00edas las misiones de Huichapan, Cadereyta, Tolim\u00e1n, Xich\u00fa y R\u00edo Verde.<\/span><\/p>\n<p style=\"margin: 0cm 0cm 0pt; text-align: justify\" class=\"MsoNormal\"><span style=\"font-size: 12pt; color: black; font-family: Arial\" lang=\"ES-TRAD\"><\/span><\/p>\n<p><span style=\"font-size: 12pt; color: black; font-family: Arial\" lang=\"ES-TRAD\"><o:p>\u00a0<\/o:p><\/span><span style=\"font-size: 12pt; color: black; font-family: Arial\" lang=\"ES-TRAD\"><o:p>\u00a0<\/o:p><\/span><\/p>\n<p style=\"margin: 0cm 0cm 0pt; text-align: justify\" class=\"MsoNormal\"><span style=\"font-size: 12pt; color: black; font-family: Arial\" lang=\"ES-TRAD\">Los agustinos en sus intentos<span>\u00a0 <\/span>de penetrar la zona de los Chichimecas, fundaron las misiones de Xilitla y Yuriria a partir de 1570, adem\u00e1s de Ixmiquilpan, Metztitlan y Huejutla.<\/span><\/p>\n<p style=\"margin: 0cm 0cm 0pt; text-align: justify\" class=\"MsoNormal\"><span style=\"font-size: 12pt; color: black; font-family: Arial\" lang=\"ES-TRAD\"><\/span><\/p>\n<p><span style=\"font-size: 12pt; color: black; font-family: Arial\" lang=\"ES-TRAD\"><o:p>\u00a0<\/o:p><\/span><span style=\"font-size: 12pt; color: black; font-family: Arial\" lang=\"ES-TRAD\"><o:p>\u00a0<\/o:p><\/span><\/p>\n<p style=\"margin: 0cm 0cm 0pt; text-align: justify\" class=\"MsoNormal\"><span style=\"font-size: 12pt; color: black; font-family: Arial\" lang=\"ES-TRAD\">Se tiene como la primera incursi\u00f3n franciscana en territorio queretano all\u00e1 por<span>\u00a0 <\/span>1532, por Fray Andr\u00e9s de Olmos en las poblaciones de Jalpan y Tancoyol, pueblos tributarios de Oxtipa, asiento de huastaecos y mexicas, pero rodeados de Jonaces y Pames.<\/span><\/p>\n<p style=\"margin: 0cm 0cm 0pt; text-align: justify\" class=\"MsoNormal\"><span style=\"font-size: 12pt; color: black; font-family: Arial\" lang=\"ES-TRAD\"><\/span><\/p>\n<p><span style=\"font-size: 12pt; color: black; font-family: Arial\" lang=\"ES-TRAD\"><o:p>\u00a0<\/o:p><\/span><span style=\"font-size: 12pt; color: black; font-family: Arial\" lang=\"ES-TRAD\"><o:p>\u00a0<\/o:p><\/span><span style=\"font-size: 12pt; color: black; font-family: Arial\" lang=\"ES-TRAD\">El m\u00e9todo agustino, seg\u00fan Sol\u00eds de <st1:personname ProductID=\"la Torre\" w:st=\"on\">la Torre<\/st1:personname>, se caracteriz\u00f3 por el respeto a la idiosincrasia de los pueblos jonaces y pames y trat\u00e1ndolos de llevar a la civilizaci\u00f3n cristiana lentamente, cosa contraria a los proyectos de los invasores espa\u00f1oles en general y a las otras \u00f3rdenes que incursionaron en la regi\u00f3n<o:p><\/o:p><\/span>.<\/p>\n<p style=\"margin: 0cm 0cm 0pt; text-align: justify\" class=\"MsoNormal\">&nbsp;<\/p>\n<p><span style=\"font-size: 12pt; color: black; font-family: Arial\" lang=\"ES-TRAD\"><o:p>\u00a0<\/o:p><\/span><\/p>\n<p style=\"margin: 0cm 0cm 0pt; text-align: justify\" class=\"MsoNormal\"><span style=\"font-size: 12pt; color: black; font-family: Arial\" lang=\"ES-TRAD\">Seg\u00fan Lino G\u00f3mez Canedo el primer misionero agustino que penetr\u00f3 en la regi\u00f3n de <st1:personname ProductID=\"la Sierra Gorda\" w:st=\"on\">la Sierra Gorda<\/st1:personname> queretana, fue Fray Lucas de los \u00c1ngeles en 1601, visitando Conc\u00e1, Ahuacatl\u00e1n, Jalpan y Tancoyol, abandonando la regi\u00f3n en 1609, debido a la agresividad de los jonaces.<\/span><\/p>\n<p style=\"margin: 0cm 0cm 0pt; text-align: justify\" class=\"MsoNormal\"><span style=\"font-size: 12pt; color: black; font-family: Arial\" lang=\"ES-TRAD\"><\/span><\/p>\n<p><span style=\"font-size: 12pt; color: black; font-family: Arial\" lang=\"ES-TRAD\"><o:p>\u00a0<\/o:p><\/span><span style=\"font-size: 12pt; color: black; font-family: Arial\" lang=\"ES-TRAD\"><o:p>\u00a0<\/o:p><\/span><\/p>\n<p style=\"margin: 0cm 0cm 0pt; text-align: justify\" class=\"MsoNormal\"><span style=\"font-size: 12pt; color: black; font-family: Arial\" lang=\"ES-TRAD\">Los dominicos incursionaron en el semidesierto queretano a partir de 1688 encabezados por el fraile Felipe Galindo, despu\u00e9s obispo de Guadalajara.<\/span><\/p>\n<p style=\"margin: 0cm 0cm 0pt; text-align: justify\" class=\"MsoNormal\"><span style=\"font-size: 12pt; color: black; font-family: Arial\" lang=\"ES-TRAD\"><\/span><\/p>\n<p><span style=\"font-size: 12pt; color: black; font-family: Arial\" lang=\"ES-TRAD\"><o:p>\u00a0<\/o:p><\/span><span style=\"font-size: 12pt; color: black; font-family: Arial\" lang=\"ES-TRAD\"><o:p>\u00a0<\/o:p><\/span><\/p>\n<p style=\"margin: 0cm 0cm 0pt; text-align: justify\" class=\"MsoBodyText\"><st1:personname ProductID=\"la Sierra Gorda\" w:st=\"on\"><span style=\"font-weight: normal; font-size: 12pt; color: black; font-family: Arial\" lang=\"ES-TRAD\">La Sierra Gorda<\/span><\/st1:personname><span style=\"font-weight: normal; font-size: 12pt; color: black; font-family: Arial\" lang=\"ES-TRAD\"> es un territorio con abundancia de minerales, que fue aprovechada suficientemente por los habitantes inmemoriales de esas tierras, principalmente el cinabrio y el almagre. Para su obtenci\u00f3n se explotaron numerosas minas y se establecieron numerosas comunidades, se calcula alrededor de 500 y algunas de gran tama\u00f1o como las que conocemos como Ranas, Toluquilla y Quirimbal.<\/span><\/p>\n<p style=\"margin: 0cm 0cm 0pt; text-align: justify\" class=\"MsoBodyText\"><span style=\"font-weight: normal; font-size: 12pt; color: black; font-family: Arial\" lang=\"ES-TRAD\"><\/span><\/p>\n<p><span style=\"font-weight: normal; font-size: 12pt; color: black; font-family: Arial\" lang=\"ES-TRAD\"><o:p>\u00a0<\/o:p><\/span><span style=\"font-size: 12pt; color: black; font-family: Arial\" lang=\"ES-TRAD\"><o:p>\u00a0<\/o:p><\/span><\/p>\n<p style=\"margin: 0cm 0cm 0pt; text-align: justify\" class=\"MsoNormal\"><span style=\"font-size: 12pt; color: black; font-family: Arial\" lang=\"ES-TRAD\">En 1945,<span>\u00a0 <\/span>Eduardo Noriega, daba a conocer la construcci\u00f3n de templos, juegos de pelota y muros de contenci\u00f3n, existentes en la zona, con nexos culturales con Tula, Teotihuacan y Taj\u00edn.<\/span><\/p>\n<p style=\"margin: 0cm 0cm 0pt; text-align: justify\" class=\"MsoNormal\"><span style=\"font-size: 12pt; color: black; font-family: Arial\" lang=\"ES-TRAD\"><\/span><\/p>\n<p><span style=\"font-size: 12pt; color: black; font-family: Arial\" lang=\"ES-TRAD\"><o:p>\u00a0<\/o:p><\/span><span style=\"font-size: 12pt; color: black; font-family: Arial\" lang=\"ES-TRAD\"><o:p>\u00a0<\/o:p><\/span><\/p>\n<p style=\"margin: 0cm 0cm 0pt; text-align: justify\" class=\"MsoNormal\"><span style=\"font-size: 12pt; color: black; font-family: Arial\" lang=\"ES-TRAD\">Estas ciudades mesoamericanas, seg\u00fan Margarita Velasco, fueron construidas en la parte alta de las monta\u00f1as, con ubicaci\u00f3n estrat\u00e9gica que les permitiera controlar la circulaci\u00f3n de personas y recursos naturales.<\/span><\/p>\n<p style=\"margin: 0cm 0cm 0pt; text-align: justify\" class=\"MsoNormal\"><span style=\"font-size: 12pt; color: black; font-family: Arial\" lang=\"ES-TRAD\"><\/span><\/p>\n<p><span style=\"font-size: 12pt; color: black; font-family: Arial\" lang=\"ES-TRAD\"><o:p>\u00a0<\/o:p><\/span><span style=\"font-size: 12pt; color: black; font-family: Arial\" lang=\"ES-TRAD\"><o:p>\u00a0<\/o:p><\/span><span style=\"font-size: 12pt; color: black; font-family: Arial\" lang=\"ES-TRAD\">Se calcula que estos asentamientos tuvieron su mayor esplendor entre los siglos lV y XlV, de la era cristiana y que comerciaron con las regiones de Tula, R\u00edo Verde, <st1:personname ProductID=\"La Huasteca\" w:st=\"on\">La Huasteca<\/st1:personname>, Los Pur\u00e9pechas y los Otom\u00edes en los ahora estados de Michoac\u00e1n e Hidalgo y las dos costas, tanto la del Pac\u00edfico como la del Golfo de M\u00e9xico.<o:p><\/o:p><\/span><\/p>\n<p style=\"margin: 0cm 0cm 0pt; text-align: justify\" class=\"MsoNormal\">&nbsp;<\/p>\n<p><span style=\"font-size: 12pt; color: black; font-family: Arial\" lang=\"ES-TRAD\"><o:p>\u00a0<\/o:p><\/span><\/p>\n<p style=\"margin: 0cm 0cm 0pt; text-align: justify\" class=\"MsoNormal\"><span style=\"font-size: 12pt; color: black; font-family: Arial\" lang=\"ES-TRAD\">Jaime Nieto habla de los jonaces como especialistas del semidesierto queretano, ya que la sobrevivencia en esas tierras, requiere de un alto conocimiento del lugar y sus formas de subsistencia, aclarando el gran uso que hicieron del maguey, la tuna y el mezquite.<\/span><\/p>\n<p style=\"margin: 0cm 0cm 0pt; text-align: justify\" class=\"MsoNormal\"><span style=\"font-size: 12pt; color: black; font-family: Arial\" lang=\"ES-TRAD\"><\/span><\/p>\n<p style=\"margin: 0cm 0cm 0pt; text-align: justify\" class=\"MsoNormal\"><span style=\"font-size: 12pt; color: black; font-family: Arial\" lang=\"ES-TRAD\"><\/span><\/p>\n<p style=\"margin: 0cm 0cm 0pt; text-align: justify\" class=\"MsoNormal\"><span style=\"font-size: 12pt; color: black; font-family: Arial\" lang=\"ES-TRAD\"><\/span><\/p>\n<p><span style=\"font-size: 12pt; color: black; font-family: Arial\" lang=\"ES-TRAD\">.<o:p>\u00a0<\/o:p><\/span><span style=\"font-size: 12pt; color: black; font-family: Arial\" lang=\"ES-TRAD\"><o:p>\u00a0<\/o:p><\/span><\/p>\n<p style=\"margin: 0cm 0cm 0pt; text-align: justify\" class=\"MsoNormal\"><span style=\"font-size: 12pt; color: black; font-family: Arial\" lang=\"ES-TRAD\">En la planicie del ahora San Juan Del R\u00edo, antigua tierra Blanca de Chichimecas, se habla por medio de las exploraciones arqueol\u00f3gicas de una ocupaci\u00f3n desde el precl\u00e1sico hasta el post cl\u00e1sico, ejemplificando al inicio con las localidades de La estancia, El Rosario, pero sobre todo el Barrio de <st1:personname ProductID=\"la Cruz\" w:st=\"on\">La Cruz<\/st1:personname>, con poblaci\u00f3n urbana, viviendas, diversidad del trabajo y centros ceremoniales y una marcada influencia de la cultura de Chup\u00edcuaro, pasando posteriormente por la de Teotihuacan y Tula.<\/span><\/p>\n<p style=\"margin: 0cm 0cm 0pt; text-align: justify\" class=\"MsoNormal\"><span style=\"font-size: 12pt; color: black; font-family: Arial\" lang=\"ES-TRAD\"><\/span><\/p>\n<p><span style=\"font-size: 12pt; color: black; font-family: Arial\" lang=\"ES-TRAD\"><o:p>\u00a0<\/o:p><\/span><span style=\"font-size: 12pt; color: black; font-family: Arial\" lang=\"ES-TRAD\"><o:p>\u00a0<\/o:p><\/span><\/p>\n<p style=\"margin: 0cm 0cm 0pt; text-align: justify\" class=\"MsoNormal\"><span style=\"font-size: 12pt; color: black; font-family: Arial\" lang=\"ES-TRAD\">Seg\u00fan un estudio de Jos\u00e9 Luis De <st1:personname ProductID=\"La Vega\" w:st=\"on\">La Vega<\/st1:personname>, nos dice que las entradas de las minas sirvieron a los jonaces de cementerios y que los cr\u00e1neos eran pintados con cinabrio, resaltando con ello la importancia de la obtenci\u00f3n del cinabrio, para ellos y el resto de mesoam\u00e9rica, resaltando la existencia de m\u00e1s de 2000 bocaminas, la intensidad del trabajo y la calidad del mineral, mostr\u00e1ndonos la demanda generada por los pueblos con quienes comerciaban.<\/span><\/p>\n<p style=\"margin: 0cm 0cm 0pt; text-align: justify\" class=\"MsoNormal\"><span style=\"font-size: 12pt; color: black; font-family: Arial\" lang=\"ES-TRAD\"><\/span><\/p>\n<p><span style=\"font-size: 12pt; color: black; font-family: Arial\" lang=\"ES-TRAD\"><o:p>\u00a0<\/o:p><\/span><span style=\"font-size: 12pt; color: black; font-family: Arial\" lang=\"ES-TRAD\"><span>\u00a0<\/span><o:p><\/o:p><\/span><\/p>\n<p style=\"margin: 0cm 0cm 0pt; text-align: justify\" class=\"MsoNormal\"><span style=\"font-size: 12pt; color: black; font-family: Arial\" lang=\"ES-TRAD\">Seg\u00fan Marta Eugenia Garc\u00eda Ugarte la regi\u00f3n del semidesierto y <st1:personname ProductID=\"la Sierra Gorda\" w:st=\"on\">la Sierra Gorda<\/st1:personname>, con excepci\u00f3n de Tolim\u00e1n, se mantuvo fuera del control espa\u00f1ol, hasta la guerra a sangre y fuego, encabezada por Jos\u00e9 de Escand\u00f3n, en 1744.<\/span><\/p>\n<p style=\"margin: 0cm 0cm 0pt; text-align: justify\" class=\"MsoNormal\"><span style=\"font-size: 12pt; color: black; font-family: Arial\" lang=\"ES-TRAD\"><\/span><\/p>\n<p><span style=\"font-size: 12pt; color: black; font-family: Arial\" lang=\"ES-TRAD\"><o:p>\u00a0<\/o:p><\/span><span style=\"font-size: 12pt; color: black; font-family: Arial\" lang=\"ES-TRAD\"><o:p>\u00a0<\/o:p><\/span><\/p>\n<p style=\"margin: 0cm 0cm 0pt; text-align: justify\" class=\"MsoNormal\"><span style=\"font-size: 12pt; color: black; font-family: Arial\" lang=\"ES-TRAD\">Los misioneros salidos del Colegio de Propaganda Fide de San Fernando en la ciudad de M\u00e9xico fueron quienes finalmente lograron por un tiempo fundar las cinco famosas misiones de <st1:personname ProductID=\"la Sierra Gorda.\" w:st=\"on\">la Sierra Gorda.<\/st1:personname><\/span><\/p>\n<p style=\"margin: 0cm 0cm 0pt; text-align: justify\" class=\"MsoNormal\"><span style=\"font-size: 12pt; color: black; font-family: Arial\" lang=\"ES-TRAD\"><st1:personname ProductID=\"la Sierra Gorda.\" w:st=\"on\"><\/st1:personname><\/span>\u00a0<\/p>\n<p><span style=\"font-size: 12pt; color: black; font-family: Arial\" lang=\"ES-TRAD\"><st1:personname ProductID=\"la Sierra Gorda.\" w:st=\"on\"><\/st1:personname><o:p>\u00a0<\/o:p><\/span><span style=\"font-size: 12pt; color: black; font-family: Arial\" lang=\"ES-TRAD\"><o:p>\u00a0<\/o:p><\/span><\/p>\n<p style=\"margin: 0cm 0cm 0pt; text-align: justify\" class=\"MsoNormal\"><span style=\"font-size: 12pt; color: black; font-family: Arial\" lang=\"ES-TRAD\">Se atribuye al fraile P\u00e9rez de Mezquia las primeras experiencias misionales con Fray Jun\u00edpero Serra, venido tambi\u00e9n del Colegio de San Fernando a esta sierra en junio de 1750.<\/span><\/p>\n<p style=\"margin: 0cm 0cm 0pt; text-align: justify\" class=\"MsoNormal\"><span style=\"font-size: 12pt; color: black; font-family: Arial\" lang=\"ES-TRAD\"><\/span><\/p>\n<p><span style=\"font-size: 12pt; color: black; font-family: Arial\" lang=\"ES-TRAD\"><o:p>\u00a0<\/o:p><\/span><span style=\"font-size: 12pt; color: black; font-family: Arial\" lang=\"ES-TRAD\"><o:p>\u00a0<\/o:p><\/span><\/p>\n<p style=\"margin: 0cm 0cm 0pt; text-align: justify\" class=\"MsoNormal\"><st1:personname ProductID=\"La Villa\" w:st=\"on\"><span style=\"font-size: 12pt; color: black; font-family: Arial\" lang=\"ES-TRAD\">La Villa<\/span><\/st1:personname><span style=\"font-size: 12pt; color: black; font-family: Arial\" lang=\"ES-TRAD\"> de Cadereyta solo pudo ser ocupada hasta el siglo XVll, debido a una campa\u00f1a militar que propici\u00f3<span>\u00a0 <\/span>el establecimiento de colonias militares para el resguardo de las empresas mineras, agr\u00edcolas y ganaderas de los espa\u00f1oles.<\/span><\/p>\n<p style=\"margin: 0cm 0cm 0pt; text-align: justify\" class=\"MsoNormal\"><span style=\"font-size: 12pt; color: black; font-family: Arial\" lang=\"ES-TRAD\"><\/span><\/p>\n<p><span style=\"font-size: 12pt; color: black; font-family: Arial\" lang=\"ES-TRAD\"><o:p>\u00a0<\/o:p><\/span><span style=\"font-size: 12pt; color: black; font-family: Arial\" lang=\"ES-TRAD\"><o:p>\u00a0<\/o:p><\/span><span style=\"font-size: 12pt; color: black; font-family: Arial\" lang=\"ES-TRAD\">\u201cLos indios se excusan y se resisten&#8230;\u201d.<o:p><\/o:p><\/span><\/p>\n<p style=\"margin: 0cm 0cm 0pt; text-align: justify\" class=\"MsoNormal\"><span style=\"font-size: 12pt; color: black; font-family: Arial\" lang=\"ES-TRAD\">Dice Fray Lucas Cabeza de Vaca en 1743<\/span><\/p>\n<p style=\"margin: 0cm 0cm 0pt; text-align: justify\" class=\"MsoNormal\"><span style=\"font-size: 12pt; color: black; font-family: Arial\" lang=\"ES-TRAD\"><\/span><\/p>\n<p><span style=\"font-size: 12pt; color: black; font-family: Arial\" lang=\"ES-TRAD\"><o:p>\u00a0<\/o:p><\/span><span style=\"font-size: 12pt; color: black; font-family: Arial\" lang=\"ES-TRAD\"><o:p>\u00a0<\/o:p><\/span><\/p>\n<p style=\"margin: 0cm 0cm 0pt; text-align: justify\" class=\"MsoNormal\"><span style=\"font-size: 12pt; color: black; font-family: Arial\" lang=\"ES-TRAD\">La edificaci\u00f3n de templos era y deber\u00eda ser el s\u00edmbolo del establecimiento definitivo del cristianismo y la colonizaci\u00f3n y en palabra de los conquistadores tanto materiales como espirituales se\u00f1alan \u201cLas iglesias dan forma a los pueblos\u201d.<\/span><\/p>\n<p style=\"margin: 0cm 0cm 0pt; text-align: justify\" class=\"MsoNormal\"><span style=\"font-size: 12pt; color: black; font-family: Arial\" lang=\"ES-TRAD\"><\/span><\/p>\n<p><span style=\"font-size: 12pt; color: black; font-family: Arial\" lang=\"ES-TRAD\"><o:p>\u00a0<\/o:p><\/span><span style=\"font-size: 12pt; color: black; font-family: Arial\" lang=\"ES-TRAD\"><o:p>\u00a0<\/o:p><\/span><\/p>\n<p style=\"margin: 0cm 0cm 0pt; text-align: justify\" class=\"MsoNormal\"><span style=\"font-size: 12pt; color: black; font-family: Arial\" lang=\"ES-TRAD\">Los Pames no tuvieron papel secundario o de peones, sino que participaron activamente. \u201dHe o\u00eddo decir a un alba\u00f1il, excelente art\u00edfice que le fabric\u00f3 la iglesia de la misi\u00f3n porque instruyendo a alguno de los mecos, por su grande aplicaci\u00f3n a los oficios de alba\u00f1il, carpinteros, herreros, pintores, doradores, pintores&#8230;\u201d. Los indios aprendieron r\u00e1pidamente los oficios necesarios.<\/span><\/p>\n<p style=\"margin: 0cm 0cm 0pt; text-align: justify\" class=\"MsoNormal\"><span style=\"font-size: 12pt; color: black; font-family: Arial\" lang=\"ES-TRAD\"><\/span><\/p>\n<p><span style=\"font-size: 12pt; color: black; font-family: Arial\" lang=\"ES-TRAD\"><o:p>\u00a0<\/o:p><\/span><span style=\"font-size: 12pt; color: black; font-family: Arial\" lang=\"ES-TRAD\"><o:p>\u00a0<\/o:p><\/span><\/p>\n<p style=\"margin: 0cm 0cm 0pt; text-align: justify\" class=\"MsoNormal\"><span style=\"font-size: 12pt; color: black; font-family: Arial\" lang=\"ES-TRAD\">Los templos quedaron edificados al estilo del siglo XVl, con su arco de entrada, atrio \u2013 cementerio, capillas pozas, capilla abierta, templo y dentro de \u00e9l, capillas devocionales, torres, escultura, pintura, se labraron retablos dorados, altares colaterales, coro y cajas de \u00f3rgano. P\u00falpitos, confesionarios y muebles lit\u00fargicos.<\/span><\/p>\n<p style=\"margin: 0cm 0cm 0pt; text-align: justify\" class=\"MsoNormal\"><span style=\"font-size: 12pt; color: black; font-family: Arial\" lang=\"ES-TRAD\"><\/span><\/p>\n<p><span style=\"font-size: 12pt; color: black; font-family: Arial\" lang=\"ES-TRAD\"><o:p>\u00a0<\/o:p><\/span><span style=\"font-size: 12pt; color: black; font-family: Arial\" lang=\"ES-TRAD\"><o:p>\u00a0<\/o:p><\/span><span style=\"font-size: 12pt; color: black; font-family: Arial\" lang=\"ES-TRAD\">Tambi\u00e9n se elaboraron frescos<span>\u00a0 <\/span>con motivos de conchas y encortinados, de tal suerte que los indios entraban a un verdadero palacio lleno de luces y colores, perfumado por el incienso, alegrado por los cantos y colmado de flores.<o:p><\/o:p><\/span><\/p>\n<p style=\"margin: 0cm 0cm 0pt; text-align: justify\" class=\"MsoNormal\">&nbsp;<\/p>\n<p><span style=\"font-size: 12pt; color: black; font-family: Arial\" lang=\"ES-TRAD\"><o:p>\u00a0<\/o:p><\/span><\/p>\n<p style=\"margin: 0cm 0cm 0pt; text-align: justify\" class=\"MsoNormal\"><span style=\"font-size: 12pt; color: black; font-family: Arial\" lang=\"ES-TRAD\">Los frailes supieron incorporar los casi tres mil a\u00f1os de civilizaci\u00f3n Mesoamericana, en un tiempo r\u00e9cord a la civilizaci\u00f3n europea, logrando un barroco mexicano o pame, orgullo hasta la fecha de nuestro estado. Son obras que se ajustan al paisaje y al ambiente espiritual de la zona, no imitaciones de otros trabajos.<\/span><\/p>\n<p style=\"margin: 0cm 0cm 0pt; text-align: justify\" class=\"MsoNormal\"><span style=\"font-size: 12pt; color: black; font-family: Arial\" lang=\"ES-TRAD\"><\/span><\/p>\n<p><span style=\"font-size: 12pt; color: black; font-family: Arial\" lang=\"ES-TRAD\"><o:p>\u00a0<\/o:p><\/span><span style=\"font-size: 12pt; color: black; font-family: Arial\" lang=\"ES-TRAD\"><o:p>\u00a0<\/o:p><\/span><\/p>\n<p style=\"margin: 0cm 0cm 0pt; text-align: justify\" class=\"MsoNormal\"><span style=\"font-size: 12pt; color: black; font-family: Arial\" lang=\"ES-TRAD\">Estas obras realizadas de <st1:metricconverter ProductID=\"1750 a\" w:st=\"on\">1750 a<\/st1:metricconverter> 1770, fueron abandonadas por los indios pames mientras eran ocupadas por los espa\u00f1oles,<span>\u00a0 <\/span>criollos y soldados, quienes vinieron a ocupar las antiguas misiones pames.<\/span><\/p>\n<p style=\"margin: 0cm 0cm 0pt; text-align: justify\" class=\"MsoNormal\"><span style=\"font-size: 12pt; color: black; font-family: Arial\" lang=\"ES-TRAD\"><\/span><\/p>\n<p><span style=\"font-size: 12pt; color: black; font-family: Arial\" lang=\"ES-TRAD\"><o:p>\u00a0<\/o:p><\/span><span style=\"font-size: 12pt; color: black; font-family: Arial\" lang=\"ES-TRAD\"><o:p>\u00a0<\/o:p><\/span><span style=\"font-size: 12pt; color: black; font-family: Arial\" lang=\"ES-TRAD\"><o:p>\u00a0<\/o:p><\/span><span style=\"font-size: 12pt; color: black; font-family: Arial\" lang=\"ES-TRAD\"><o:p>\u00a0<\/o:p><\/span><span style=\"font-size: 12pt; color: black; font-family: Arial\" lang=\"ES-TRAD\"><o:p><strong>\u00a0<\/strong><\/o:p><\/span><span style=\"color: black; font-family: Arial\" lang=\"ES-TRAD\"><o:p><font size=\"7\"><strong>\u00a0<\/strong><\/font><\/o:p><\/span><span style=\"color: black; font-family: Arial\" lang=\"ES-TRAD\"><o:p><font size=\"7\"><strong>\u00a0<\/strong><\/font><\/o:p><\/span><span style=\"color: black; font-family: Arial\" lang=\"ES-TRAD\"><o:p><font size=\"7\"><strong>\u00a0<\/strong><\/font><\/o:p><\/span><span style=\"color: black; font-family: Arial\" lang=\"ES-TRAD\"><o:p><font size=\"7\"><strong>\u00a0<\/strong><\/font><\/o:p><\/span><span style=\"color: black; font-family: Arial\" lang=\"ES-TRAD\"><o:p><font size=\"7\"><strong>\u00a0<\/strong><\/font><\/o:p><\/span><span style=\"color: black; font-family: Arial\" lang=\"ES-TRAD\"><o:p><font size=\"7\"><strong>\u00a0<\/strong><\/font><\/o:p><\/span><span style=\"color: black; font-family: Arial\" lang=\"ES-TRAD\"><o:p><font size=\"7\"><strong>\u00a0<\/strong><\/font><\/o:p><\/span><span style=\"color: black; font-family: Arial\" lang=\"ES-TRAD\"><o:p><\/o:p><\/span><\/p>\n<h1 align=\"center\" style=\"margin: 0cm 0cm 0pt; text-align: center\"><span style=\"color: black; font-family: Arial\" lang=\"ES-TRAD\"><font size=\"3\">Jalpan\u00a0quiere decir \u201cSobre la arena del cerro\u201d<o:p><\/o:p><\/font><\/span><\/h1>\n<p><span style=\"font-size: 12pt; color: black; font-family: Arial\" lang=\"ES-TRAD\"><o:p>\u00a0<\/o:p><\/span><span style=\"font-size: 12pt; color: black; font-family: Arial\" lang=\"ES-TRAD\">Un reloj ocupa actualmente el lugar de honor en la fachada, sustituye a la escultura del patr\u00f3n, el Se\u00f1or Santiago El Mayor, ya que el cacique Rafael Olvera en 1898 lo sustituy\u00f3 por un reloj p\u00fablico.<o:p><\/o:p><\/span><\/p>\n<p style=\"margin: 0cm 0cm 0pt; text-align: justify\" class=\"MsoNormal\">&nbsp;<\/p>\n<p><span style=\"font-size: 12pt; color: black; font-family: Arial\" lang=\"ES-TRAD\"><o:p>\u00a0<\/o:p><\/span><\/p>\n<p style=\"margin: 0cm 0cm 0pt; text-align: justify\" class=\"MsoNormal\"><span style=\"font-size: 12pt; color: black; font-family: Arial\" lang=\"ES-TRAD\">Los Pames construyeron un templo que hab\u00eda de ser la sede principal de la nueva fe. El Convento, el templo con su fachada, la capilla del Santo Sepulcro, el bautisterio, los retablos, deb\u00edan conservar viva la fe, defenderla, protegerla y robustecerla.<\/span><\/p>\n<p style=\"margin: 0cm 0cm 0pt; text-align: justify\" class=\"MsoNormal\"><span style=\"font-size: 12pt; color: black; font-family: Arial\" lang=\"ES-TRAD\"><\/span><\/p>\n<p><span style=\"font-size: 12pt; color: black; font-family: Arial\" lang=\"ES-TRAD\"><o:p>\u00a0<\/o:p><\/span><span style=\"font-size: 12pt; color: black; font-family: Arial\" lang=\"ES-TRAD\"><o:p>\u00a0<\/o:p><\/span><\/p>\n<p style=\"margin: 0cm 0cm 0pt; text-align: justify\" class=\"MsoNormal\"><span style=\"font-size: 12pt; color: black; font-family: Arial\" lang=\"ES-TRAD\">Su basamento tiene una \u00e1guila hispano mexicana en ambos lados de la entrada, inmediatamente un friso con flores y guirnaldas, cuatro granadas en las bases de arranque de las columnas est\u00edpites, entre las que hay dos nichos, es el primer cuerpo, donde se admiran a Santo Domingo de Guzm\u00e1n y San Francisco de As\u00eds y a los lados de la magn\u00edfica concha que enmarca el port\u00f3n de entrada se encuentran a los ap\u00f3stoles Pedro y Pablo, pilares de <st1:personname ProductID=\"la Iglesia\" w:st=\"on\">la Iglesia<\/st1:personname> y est\u00e1 rematada por el escudo franciscano.<\/span><\/p>\n<p style=\"margin: 0cm 0cm 0pt; text-align: justify\" class=\"MsoNormal\"><span style=\"font-size: 12pt; color: black; font-family: Arial\" lang=\"ES-TRAD\"><\/span><\/p>\n<p><span style=\"font-size: 12pt; color: black; font-family: Arial\" lang=\"ES-TRAD\"><o:p>\u00a0<\/o:p><\/span><span style=\"font-size: 12pt; color: black; font-family: Arial\" lang=\"ES-TRAD\"><o:p>\u00a0<\/o:p><\/span><\/p>\n<p style=\"margin: 0cm 0cm 0pt; text-align: justify\" class=\"MsoNormal\"><span style=\"font-size: 12pt; color: black; font-family: Arial\" lang=\"ES-TRAD\">Una cornisa divide el segundo cuerpo, donde en el centro la ventana que ilumina el coro en forma octagonal y una cortina descubierta da paso a ambos lados a cuatro columnas est\u00edpites y a dos nichos, donde<span>\u00a0 <\/span>est\u00e1n las im\u00e1genes tanto de <st1:personname ProductID=\"la Virgen\" w:st=\"on\">la Virgen<\/st1:personname> del Pilar como <st1:personname ProductID=\"la Virgen\" w:st=\"on\">la Virgen<\/st1:personname> de Guadalupe, al centro el nicho encortinado con el reloj en el medio y remata con dos \u00e1guilas.<\/span><\/p>\n<p style=\"margin: 0cm 0cm 0pt; text-align: justify\" class=\"MsoNormal\"><span style=\"font-size: 12pt; color: black; font-family: Arial\" lang=\"ES-TRAD\"><\/span><\/p>\n<p><span style=\"font-size: 12pt; color: black; font-family: Arial\" lang=\"ES-TRAD\"><o:p>\u00a0<\/o:p><\/span><span style=\"font-size: 12pt; color: black; font-family: Arial\" lang=\"ES-TRAD\"><o:p>\u00a0<\/o:p><\/span><\/p>\n<p style=\"margin: 0cm 0cm 0pt; text-align: justify\" class=\"MsoNormal\"><span style=\"font-size: 12pt; color: black; font-family: Arial\" lang=\"ES-TRAD\">La torre es de dos cuerpos con arcos de medio punto con columnas salom\u00f3nicas y almenas barrocas con un remate en forma de poliedro prism\u00e1tico. Se estima fue erigida en 1750, siendo la primera y la que le toc\u00f3 a Fray Jun\u00edpero Serra. \u00c1ngeles, p\u00e1mpanos, follajes y flores acompa\u00f1an a esta fachada.<\/span><\/p>\n<p style=\"margin: 0cm 0cm 0pt; text-align: justify\" class=\"MsoNormal\"><span style=\"font-size: 12pt; color: black; font-family: Arial\" lang=\"ES-TRAD\"><\/span><\/p>\n<p><span style=\"font-size: 12pt; color: black; font-family: Arial\" lang=\"ES-TRAD\"><o:p>\u00a0<\/o:p><\/span><span style=\"font-size: 12pt; color: black; font-family: Arial\" lang=\"ES-TRAD\"><o:p>\u00a0<\/o:p><\/span><\/p>\n<p style=\"margin: 0cm 0cm 0pt; text-align: justify\" class=\"MsoNormal\"><span style=\"font-size: 12pt; color: black; font-family: Arial\" lang=\"ES-TRAD\">\u201c&#8230;El mayor milagro que Dios hiciera durante la conquista fue que los pames amaran desde entonces a una religi\u00f3n que los b\u00e1rbaros espa\u00f1oles les trajeron en la punta de la espada y la boca del ca\u00f1\u00f3n&#8230;\u201d<\/span><\/p>\n<p style=\"margin: 0cm 0cm 0pt; text-align: justify\" class=\"MsoNormal\"><span style=\"font-size: 12pt; color: black; font-family: Arial\" lang=\"ES-TRAD\"><\/span><\/p>\n<p><span style=\"font-size: 12pt; color: black; font-family: Arial\" lang=\"ES-TRAD\"><o:p>\u00a0<\/o:p><\/span><span style=\"font-size: 12pt; color: black; font-family: Arial\" lang=\"ES-TRAD\"><o:p>\u00a0<\/o:p><\/span><span style=\"font-size: 12pt; color: black; font-family: Arial\" lang=\"ES-TRAD\"><o:p>\u00a0<\/o:p><\/span><span style=\"font-size: 12pt; color: black; font-family: Arial\" lang=\"ES-TRAD\"><o:p>\u00a0<\/o:p><\/span><span style=\"color: black; font-family: Arial\" lang=\"ES-TRAD\"><o:p><font size=\"2\">\u00a0<\/font><\/o:p><\/span><span style=\"color: black; font-family: Arial\" lang=\"ES-TRAD\"><o:p><font size=\"2\">\u00a0<\/font><\/o:p><\/span><span style=\"color: black; font-family: Arial\" lang=\"ES-TRAD\"><o:p><font size=\"2\">\u00a0<\/font><\/o:p><\/span><\/p>\n<h2 align=\"center\" style=\"margin: 0cm 0cm 0pt; text-align: center\"><span style=\"color: black; font-family: Arial\" lang=\"ES-TRAD\"><\/span><\/h2>\n<h2 align=\"center\" style=\"margin: 0cm 0cm 0pt; text-align: center\"><span style=\"color: black; font-family: Arial\" lang=\"ES-TRAD\"><\/span><\/h2>\n<p style=\"margin: 0cm 0cm 0pt\" class=\"MsoNormal\">&nbsp;<\/p>\n<p><span style=\"color: black; font-family: Arial\" lang=\"ES-TRAD\"><o:p><font size=\"2\">\u00a0<\/font><\/o:p><\/span><\/p>\n<h1 style=\"margin: 0cm 0cm 0pt\"><span style=\"color: black; font-family: Arial\" lang=\"ES-TRAD\"><font size=\"3\">Landa quiere decir lugar cenegoso<o:p><\/o:p><\/font><\/span><\/h1>\n<p><span style=\"color: black; font-family: Arial\" lang=\"ES-TRAD\"><o:p><font size=\"2\">\u00a0<\/font><\/o:p><\/span><font size=\"2\"><span style=\"font-size: 12pt; color: black; font-family: Arial\" lang=\"ES-TRAD\"><o:p><\/o:p><\/span><\/font><\/p>\n<p style=\"margin: 0cm 0cm 0pt; text-align: justify\" class=\"MsoNormal\"><span style=\"font-size: 12pt; color: black; font-family: Arial\" lang=\"ES-TRAD\">El detalle arquitect\u00f3nico m\u00e1s sugestivo de esta fachada, son los nichos en los est\u00edpites, que pertenecen<span>\u00a0 <\/span>a la \u00faltima modalidad del barroco mexicano, donde abriga de manera simb\u00f3lica a los cuatro santos franciscanos llamados columnas de la observancia.<\/span><\/p>\n<p style=\"margin: 0cm 0cm 0pt; text-align: justify\" class=\"MsoNormal\"><span style=\"font-size: 12pt; color: black; font-family: Arial\" lang=\"ES-TRAD\"><\/span><\/p>\n<p><span style=\"font-size: 12pt; color: black; font-family: Arial\" lang=\"ES-TRAD\"><o:p>\u00a0<\/o:p><\/span><span style=\"font-size: 12pt; color: black; font-family: Arial\" lang=\"ES-TRAD\"><o:p>\u00a0<\/o:p><\/span><\/p>\n<p style=\"margin: 0cm 0cm 0pt; text-align: justify\" class=\"MsoNormal\"><span style=\"font-size: 12pt; color: black; font-family: Arial\" lang=\"ES-TRAD\">Landa se\u00f1ala el final de la conquista de <st1:personname ProductID=\"la Sierra Gorda.\" w:st=\"on\">la Sierra Gorda.<\/st1:personname> Representan a Cristo, <st1:personname ProductID=\"la Virgen\" w:st=\"on\">La Virgen<\/st1:personname>, Los arc\u00e1ngeles en San Miguel, los ap\u00f3stoles en Pedro y Pablo, los m\u00e1rtires, los monjes y los escritores. Dejaron un testimonio imperecedero de la evangelizaci\u00f3n franciscana.<\/span><\/p>\n<p style=\"margin: 0cm 0cm 0pt; text-align: justify\" class=\"MsoNormal\"><span style=\"font-size: 12pt; color: black; font-family: Arial\" lang=\"ES-TRAD\"><\/span><\/p>\n<p><span style=\"font-size: 12pt; color: black; font-family: Arial\" lang=\"ES-TRAD\"><o:p>\u00a0<\/o:p><\/span><span style=\"font-size: 12pt; color: black; font-family: Arial\" lang=\"ES-TRAD\"><o:p>\u00a0<\/o:p><\/span><\/p>\n<p style=\"margin: 0cm 0cm 0pt; text-align: justify\" class=\"MsoNormal\"><span style=\"font-size: 12pt; color: black; font-family: Arial\" lang=\"ES-TRAD\">La fachada tiene tres cuerpos y un remate, en el basamento no hay ning\u00fan motivo ornamental. En el primer cuerpo la puerta de entrada tiene un arco de medio punto y en los lados cuatro columnas est\u00edpites barrocas y en las entrecalles dos nichos donde aparecen Santo Domingo y San Francisco, ambos con banderines y sus respectivos escudos de las \u00f3rdenes por ellos fundadas.<\/span><\/p>\n<p style=\"margin: 0cm 0cm 0pt; text-align: justify\" class=\"MsoNormal\"><span style=\"font-size: 12pt; color: black; font-family: Arial\" lang=\"ES-TRAD\"><\/span><\/p>\n<p><span style=\"font-size: 12pt; color: black; font-family: Arial\" lang=\"ES-TRAD\"><o:p>\u00a0<\/o:p><\/span><span style=\"font-size: 12pt; color: black; font-family: Arial\" lang=\"ES-TRAD\"><o:p>\u00a0<\/o:p><\/span><\/p>\n<p style=\"margin: 0cm 0cm 0pt; text-align: justify\" class=\"MsoNormal\"><span style=\"font-size: 12pt; color: black; font-family: Arial\" lang=\"ES-TRAD\">En las cuatro columnas est\u00edpites se abren a la mitad para dar cabida a sendos nichos donde resaltan los santos franciscanos, llamados columnas de la observancia: Jacobo de <st1:personname ProductID=\"la Marca\" w:st=\"on\">la Marca<\/st1:personname>, Bernardino de Siena, Juan Capistrano y Alberto de Sarzana.<\/span><\/p>\n<p style=\"margin: 0cm 0cm 0pt; text-align: justify\" class=\"MsoNormal\"><span style=\"font-size: 12pt; color: black; font-family: Arial\" lang=\"ES-TRAD\"><\/span><\/p>\n<p><span style=\"font-size: 12pt; color: black; font-family: Arial\" lang=\"ES-TRAD\"><o:p>\u00a0<\/o:p><\/span><span style=\"font-size: 12pt; color: black; font-family: Arial\" lang=\"ES-TRAD\"><o:p>\u00a0<\/o:p><\/span><\/p>\n<p style=\"margin: 0cm 0cm 0pt; text-align: justify\" class=\"MsoNormal\"><span style=\"font-size: 12pt; color: black; font-family: Arial\" lang=\"ES-TRAD\">Sobre la columna que enmarca la puerta de entrada y remat\u00e1ndola aparece una hermosa inmaculada concepci\u00f3n con florones en la parte inferior y en la superior cortinajes abiertos por dos \u00e1ngeles y otros dos con turiferarios en forma de adoraci\u00f3n.<\/span><\/p>\n<p style=\"margin: 0cm 0cm 0pt; text-align: justify\" class=\"MsoNormal\"><span style=\"font-size: 12pt; color: black; font-family: Arial\" lang=\"ES-TRAD\"><\/span><\/p>\n<p><span style=\"font-size: 12pt; color: black; font-family: Arial\" lang=\"ES-TRAD\"><o:p>\u00a0<\/o:p><\/span><span style=\"font-size: 12pt; color: black; font-family: Arial\" lang=\"ES-TRAD\"><o:p>\u00a0<\/o:p><\/span><\/p>\n<p style=\"margin: 0cm 0cm 0pt; text-align: justify\" class=\"MsoNormal\"><span style=\"font-size: 12pt; color: black; font-family: Arial\" lang=\"ES-TRAD\">En el segundo cuerpo separadas del primero por una cornisa aparecen cuatro columnas que en sus entrecalles dan paso a los nichos que guardan las esculturas de San Pedro y San Pablo, en el centro una ventana octagonal rica en simbolismos, donde en sobre relieve y en forma sedente, frente a mesas con pa\u00f1o aparecen el te\u00f3logo Juan Duns Scoto y la vidente Sor Mar\u00eda de Jes\u00fas de Agreda, tambi\u00e9n a ambos lados se ven los escudos de la orden y \u00e1ngeles escuchando las voces del coro.<\/span><\/p>\n<p style=\"margin: 0cm 0cm 0pt; text-align: justify\" class=\"MsoNormal\"><span style=\"font-size: 12pt; color: black; font-family: Arial\" lang=\"ES-TRAD\"><\/span><\/p>\n<p><span style=\"font-size: 12pt; color: black; font-family: Arial\" lang=\"ES-TRAD\"><o:p>\u00a0<\/o:p><\/span><span style=\"font-size: 12pt; color: black; font-family: Arial\" lang=\"ES-TRAD\"><o:p>\u00a0<\/o:p><\/span><\/p>\n<p style=\"margin: 0cm 0cm 0pt; text-align: justify\" class=\"MsoNormal\"><span style=\"font-size: 12pt; color: black; font-family: Arial\" lang=\"ES-TRAD\">En el tercer cuerpo aparecen otras cuatro columnas que en el medio dan cabida a cuatro sirenas, en las entrecalles aparecen los nichos que guardan a<span>\u00a0 <\/span>San Esteban de Zaragoza y a San Vicente de Jerusal\u00e9n, tambi\u00e9n encontraremos dos medallones de la vida de Jes\u00fas, uno con la entrada triunfal al Jerusal\u00e9n y otro de la flagelaci\u00f3n, en el centro el m\u00e1rtir San Lorenzo de Huesca.<\/span><\/p>\n<p style=\"margin: 0cm 0cm 0pt; text-align: justify\" class=\"MsoNormal\"><span style=\"font-size: 12pt; color: black; font-family: Arial\" lang=\"ES-TRAD\"><\/span><\/p>\n<p><span style=\"font-size: 12pt; color: black; font-family: Arial\" lang=\"ES-TRAD\"><o:p>\u00a0<\/o:p><\/span><span style=\"font-size: 12pt; color: black; font-family: Arial\" lang=\"ES-TRAD\"><o:p>\u00a0<\/o:p><\/span><\/p>\n<p style=\"margin: 0cm 0cm 0pt; text-align: justify\" class=\"MsoNormal\"><span style=\"font-size: 12pt; color: black; font-family: Arial\" lang=\"ES-TRAD\">Remata la fachada una escultura de San Miguel Arc\u00e1ngel, la torre es de dos cuerpos, con columnas estriadas y un remate c\u00f3nico.<\/span><\/p>\n<p style=\"margin: 0cm 0cm 0pt; text-align: justify\" class=\"MsoNormal\"><span style=\"font-size: 12pt; color: black; font-family: Arial\" lang=\"ES-TRAD\"><\/span><\/p>\n<p><span style=\"font-size: 12pt; color: black; font-family: Arial\" lang=\"ES-TRAD\"><o:p>\u00a0<\/o:p><\/span><span style=\"font-size: 12pt; color: black; font-family: Arial\" lang=\"ES-TRAD\"><o:p>\u00a0<\/o:p><\/span><\/p>\n<h1 style=\"margin: 0cm 0cm 0pt\"><span style=\"color: black; font-family: Arial\" lang=\"ES-TRAD\"><font size=\"3\">Conc\u00e1 quiere decir lugar de ranas<o:p><\/o:p><\/font><\/span><\/h1>\n<p><span style=\"color: black; font-family: Arial\" lang=\"ES-TRAD\"><o:p><font size=\"2\">\u00a0<\/font><\/o:p><\/span><span style=\"color: black; font-family: Arial\" lang=\"ES-TRAD\"><o:p><font size=\"2\">\u00a0<\/font><\/o:p><\/span><\/p>\n<p style=\"margin: 0cm 0cm 0pt; text-align: justify\" class=\"MsoNormal\"><span style=\"font-size: 12pt; color: black; font-family: Arial\" lang=\"ES-TRAD\">La trinidad, tema principal de la fachada, tan fundamental en la teolog\u00eda cat\u00f3lica, era uno de los dogmas m\u00e1s dif\u00edciles de exponer a los naturales, que confunden a <st1:personname ProductID=\"la Trinidad\" w:st=\"on\">la Trinidad<\/st1:personname> con la divina providencia.<\/span><\/p>\n<p style=\"margin: 0cm 0cm 0pt; text-align: justify\" class=\"MsoNormal\"><span style=\"font-size: 12pt; color: black; font-family: Arial\" lang=\"ES-TRAD\"><\/span><\/p>\n<p><span style=\"font-size: 12pt; color: black; font-family: Arial\" lang=\"ES-TRAD\"><o:p>\u00a0<\/o:p><\/span><span style=\"font-size: 12pt; color: black; font-family: Arial\" lang=\"ES-TRAD\"><o:p>\u00a0<\/o:p><\/span><span style=\"font-size: 12pt; color: black; font-family: Arial\" lang=\"ES-TRAD\">Aparece dentro de la fachada un conejo, s\u00edmbolo inequ\u00edvoco de la mitolog\u00eda prehisp\u00e1nica y que Jacques Soustille, nos dice que aparece en los c\u00f3dices como la alternancia de las estaciones y la vegetaci\u00f3n.<o:p><\/o:p><\/span><\/p>\n<p style=\"margin: 0cm 0cm 0pt; text-align: justify\" class=\"MsoNormal\">&nbsp;<\/p>\n<p><span style=\"font-size: 12pt; color: black; font-family: Arial\" lang=\"ES-TRAD\"><o:p>\u00a0<\/o:p><\/span><\/p>\n<p style=\"margin: 0cm 0cm 0pt; text-align: justify\" class=\"MsoNormal\"><span style=\"font-size: 12pt; color: black; font-family: Arial\" lang=\"ES-TRAD\">Conc\u00e1 es el m\u00e1s peque\u00f1o de los cinco templos, el m\u00e1s macizo y el menos espiritualizado y el menos l\u00edrico, en su fachada. La originalidad de Conc\u00e1 es saber sabido subordinar el patr\u00f3n de la iglesia, San Miguel y una noci\u00f3n teol\u00f3gica fundamental, materia del credo cat\u00f3lico: <st1:personname ProductID=\"La Trinidad.\" w:st=\"on\">La Trinidad.<\/st1:personname><\/span><\/p>\n<p style=\"margin: 0cm 0cm 0pt; text-align: justify\" class=\"MsoNormal\"><span style=\"font-size: 12pt; color: black; font-family: Arial\" lang=\"ES-TRAD\"><st1:personname ProductID=\"La Trinidad.\" w:st=\"on\"><\/st1:personname><\/span>\u00a0<\/p>\n<p><span style=\"font-size: 12pt; color: black; font-family: Arial\" lang=\"ES-TRAD\"><st1:personname ProductID=\"La Trinidad.\" w:st=\"on\"><\/st1:personname><o:p>\u00a0<\/o:p><\/span><span style=\"font-size: 12pt; color: black; font-family: Arial\" lang=\"ES-TRAD\"><o:p>\u00a0<\/o:p><\/span><\/p>\n<p style=\"margin: 0cm 0cm 0pt; text-align: justify\" class=\"MsoNormal\"><span style=\"font-size: 12pt; color: black; font-family: Arial\" lang=\"ES-TRAD\">Tiene un marco de entrada el\u00edptico rebajado y compuesto, a su lado cuatro columnas d\u00f3ricas mixturadas y en sus entrecalles a San Francisco y a otro santo, por su mutilaci\u00f3n no identificado.<\/span><\/p>\n<p style=\"margin: 0cm 0cm 0pt; text-align: justify\" class=\"MsoNormal\"><span style=\"font-size: 12pt; color: black; font-family: Arial\" lang=\"ES-TRAD\"><\/span><\/p>\n<p><span style=\"font-size: 12pt; color: black; font-family: Arial\" lang=\"ES-TRAD\"><o:p>\u00a0<\/o:p><\/span><span style=\"font-size: 12pt; color: black; font-family: Arial\" lang=\"ES-TRAD\"><o:p>\u00a0<\/o:p><\/span><\/p>\n<p style=\"margin: 0cm 0cm 0pt; text-align: justify\" class=\"MsoNormal\"><span style=\"font-size: 12pt; color: black; font-family: Arial\" lang=\"ES-TRAD\">En el segundo cuerpo aparecen cuatro columnas salom\u00f3nicas adornadas con racimos de uvas en sus entrecalles dos nichos uno para el rey San Fernando y otro para San Roque, ambos de la orden tercera de San Francisco.<\/span><\/p>\n<p style=\"margin: 0cm 0cm 0pt; text-align: justify\" class=\"MsoNormal\"><span style=\"font-size: 12pt; color: black; font-family: Arial\" lang=\"ES-TRAD\"><\/span><\/p>\n<p><span style=\"font-size: 12pt; color: black; font-family: Arial\" lang=\"ES-TRAD\"><o:p>\u00a0<\/o:p><\/span><span style=\"font-size: 12pt; color: black; font-family: Arial\" lang=\"ES-TRAD\"><o:p>\u00a0<\/o:p><\/span><\/p>\n<p style=\"margin: 0cm 0cm 0pt; text-align: justify\" class=\"MsoNormal\"><span style=\"font-size: 12pt; color: black; font-family: Arial\" lang=\"ES-TRAD\">Sobre la puerta se ve una cornisa mixtil\u00ednea que remata en el centro con armoniosos r\u00f3leos, que dan nacimiento a una m\u00e9nsula decorada con hojas de acanto que sostienen el escudo franciscano en el que parece se clavan un cetro y una espada, enmarcado todo con el cord\u00f3n franciscano aunado rematan dos \u00e1ngeles sosteniendo una corona, apareciendo la ventana del coro<span>\u00a0 <\/span>donde dos \u00e1ngeles descorren una cortina.<\/span><\/p>\n<p style=\"margin: 0cm 0cm 0pt; text-align: justify\" class=\"MsoNormal\"><span style=\"font-size: 12pt; color: black; font-family: Arial\" lang=\"ES-TRAD\"><\/span><\/p>\n<p><span style=\"font-size: 12pt; color: black; font-family: Arial\" lang=\"ES-TRAD\"><o:p>\u00a0<\/o:p><\/span><span style=\"font-size: 12pt; color: black; font-family: Arial\" lang=\"ES-TRAD\"><o:p>\u00a0<\/o:p><\/span><\/p>\n<p style=\"margin: 0cm 0cm 0pt\" class=\"MsoBodyText2\"><span style=\"color: black; font-family: Arial\" lang=\"ES-TRAD\">Remata esta portada una trinidad \u201cher\u00e9tica\u201d, donde las tres divinas personas en edad joven, est\u00e1n en actitud de di\u00e1logo, sentadas sobre el mundo. <\/span><\/p>\n<p style=\"margin: 0cm 0cm 0pt\" class=\"MsoBodyText2\"><span style=\"color: black; font-family: Arial\" lang=\"ES-TRAD\"><\/span><\/p>\n<p><span style=\"color: black; font-family: Arial\" lang=\"ES-TRAD\"><o:p>\u00a0<\/o:p><\/span><span style=\"font-size: 12pt; color: black; font-family: Arial\" lang=\"ES-TRAD\"><o:p>\u00a0<\/o:p><\/span><\/p>\n<p style=\"margin: 0cm 0cm 0pt; text-align: justify\" class=\"MsoNormal\"><span style=\"font-size: 12pt; color: black; font-family: Arial\" lang=\"ES-TRAD\">En los m\u00e1rgenes de la portada hay dos contrafuertes que coronados por columnas, donde aparecen dos changos de origen mitol\u00f3gico prehisp\u00e1nico.<\/span><\/p>\n<p style=\"margin: 0cm 0cm 0pt; text-align: justify\" class=\"MsoNormal\"><span style=\"font-size: 12pt; color: black; font-family: Arial\" lang=\"ES-TRAD\"><\/span><\/p>\n<p><span style=\"font-size: 12pt; color: black; font-family: Arial\" lang=\"ES-TRAD\"><o:p>\u00a0<\/o:p><\/span><span style=\"font-size: 12pt; color: black; font-family: Arial\" lang=\"ES-TRAD\"><o:p>\u00a0<\/o:p><\/span><\/p>\n<p style=\"margin: 0cm 0cm 0pt; text-align: justify\" class=\"MsoNormal\"><span style=\"font-size: 12pt; color: black; font-family: Arial\" lang=\"ES-TRAD\">La torre es de un solo cuerpo con columnas pareadas, con arcos de medio punto y almena en la parte superior, rematando con un cupul\u00edn.<\/span><\/p>\n<p style=\"margin: 0cm 0cm 0pt; text-align: justify\" class=\"MsoNormal\"><span style=\"font-size: 12pt; color: black; font-family: Arial\" lang=\"ES-TRAD\"><\/span><\/p>\n<p><span style=\"font-size: 12pt; color: black; font-family: Arial\" lang=\"ES-TRAD\"><o:p>\u00a0<\/o:p><\/span><span style=\"color: black; font-family: Arial\" lang=\"ES-TRAD\"><o:p><font size=\"2\">\u00a0<\/font><\/o:p><\/span><span style=\"color: black; font-family: Arial\" lang=\"ES-TRAD\"><o:p><font size=\"2\">\u00a0<\/font><\/o:p><\/span><span style=\"color: black; font-family: Arial\" lang=\"ES-TRAD\"><o:p><font size=\"2\">\u00a0<\/font><\/o:p><\/span><span style=\"color: black; font-family: Arial\" lang=\"ES-TRAD\"><o:p><font size=\"2\">\u00a0<\/font><\/o:p><\/span><span style=\"color: black; font-family: Arial\" lang=\"ES-TRAD\"><o:p><font size=\"2\">\u00a0<\/font><\/o:p><\/span><span style=\"color: black; font-family: Arial\" lang=\"ES-TRAD\"><o:p><font size=\"2\">\u00a0<\/font><\/o:p><\/span><span style=\"font-size: 12pt; color: black; font-family: Arial\" lang=\"ES-TRAD\"><strong>Tancoyol quiere decir lugar de coyoles.<o:p><\/o:p><\/strong><\/span><strong><span style=\"font-size: 12pt; color: black; font-family: Arial\" lang=\"ES-TRAD\"><o:p>\u00a0<\/o:p><\/span><\/strong><\/p>\n<p style=\"margin: 0cm 0cm 0pt; text-align: justify\" class=\"MsoNormal\"><span style=\"font-size: 12pt; color: black; font-family: Arial\" lang=\"ES-TRAD\">El nicho que ocupa el sitio de honor en la fachada de Tancoyol, esta vac\u00edo y descabezadas las im\u00e1genes de San Pedro y San Pablo, se trata indudablemente de un acto premeditado, de cuyo dato no tengo referencia probada.<\/span><\/p>\n<p style=\"margin: 0cm 0cm 0pt; text-align: justify\" class=\"MsoNormal\"><span style=\"font-size: 12pt; color: black; font-family: Arial\" lang=\"ES-TRAD\"><\/span><\/p>\n<p><span style=\"font-size: 12pt; color: black; font-family: Arial\" lang=\"ES-TRAD\"><o:p>\u00a0<\/o:p><\/span><span style=\"font-size: 12pt; color: black; font-family: Arial\" lang=\"ES-TRAD\"><o:p>\u00a0<\/o:p><\/span><\/p>\n<p style=\"margin: 0cm 0cm 0pt; text-align: justify\" class=\"MsoNormal\"><span style=\"font-size: 12pt; color: black; font-family: Arial\" lang=\"ES-TRAD\">Una hermosa cruz debi\u00f3 de existir en el remate de la fachada en donde dos \u00e1ngeles la inciensan, por ahora existe una de madera, es posible que se trate de la exaltaci\u00f3n de <st1:personname ProductID=\"la Santa Cruz\" w:st=\"on\">la Santa Cruz<\/st1:personname>, cuya liturgia es el 14 de septiembre.<\/span><\/p>\n<p style=\"margin: 0cm 0cm 0pt; text-align: justify\" class=\"MsoNormal\"><span style=\"font-size: 12pt; color: black; font-family: Arial\" lang=\"ES-TRAD\"><\/span><\/p>\n<p><span style=\"font-size: 12pt; color: black; font-family: Arial\" lang=\"ES-TRAD\"><o:p>\u00a0<\/o:p><\/span><span style=\"font-size: 12pt; color: black; font-family: Arial\" lang=\"ES-TRAD\"><o:p>\u00a0<\/o:p><\/span><\/p>\n<p style=\"margin: 0cm 0cm 0pt; text-align: justify\" class=\"MsoNormal\"><span style=\"font-size: 12pt; color: black; font-family: Arial\" lang=\"ES-TRAD\">Vamos a encontrar una capilla abierta, y cruces como, <st1:personname ProductID=\"la Cruz\" w:st=\"on\">la Cruz<\/st1:personname> de Calatrava, emblema dominico y <st1:personname ProductID=\"la Cruz\" w:st=\"on\">la Cruz<\/st1:personname> de Jerusal\u00e9n, emblema franciscano y otra de madera que sustituye a la que estaba en el nicho principal. Esta fachada deja en claro que para el catolicismo la cruz es se\u00f1al de la redenci\u00f3n del g\u00e9nero humano.<\/span><\/p>\n<p style=\"margin: 0cm 0cm 0pt; text-align: justify\" class=\"MsoNormal\"><span style=\"font-size: 12pt; color: black; font-family: Arial\" lang=\"ES-TRAD\"><\/span><\/p>\n<p><span style=\"font-size: 12pt; color: black; font-family: Arial\" lang=\"ES-TRAD\"><o:p>\u00a0<\/o:p><\/span><span style=\"font-size: 12pt; color: black; font-family: Arial\" lang=\"ES-TRAD\"><o:p>\u00a0<\/o:p><\/span><\/p>\n<p style=\"margin: 0cm 0cm 0pt; text-align: justify\" class=\"MsoNormal\"><span style=\"font-size: 12pt; color: black; font-family: Arial\" lang=\"ES-TRAD\">La fachada de Tancoyol ya no pugna por nada, se desentiende de esta vida y se plantea el problema angustioso de la salvaci\u00f3n. Se accede al templo por una escalinata de cinco pelda\u00f1os, en el basamento y como decoraci\u00f3n en relieve dos floreros entre las bases de las columnas y en la entre calle hay dos nichos de arcos conopiales adornados por el cord\u00f3n franciscano, sin nudos, columnas d\u00f3ricas estilizadas y preciosas repisas, donde est\u00e1n colocados Pedro y Pablo.<\/span><\/p>\n<p style=\"margin: 0cm 0cm 0pt; text-align: justify\" class=\"MsoNormal\"><span style=\"font-size: 12pt; color: black; font-family: Arial\" lang=\"ES-TRAD\"><\/span><\/p>\n<p><span style=\"font-size: 12pt; color: black; font-family: Arial\" lang=\"ES-TRAD\"><o:p>\u00a0<\/o:p><\/span><span style=\"font-size: 12pt; color: black; font-family: Arial\" lang=\"ES-TRAD\"><o:p>\u00a0<\/o:p><\/span><\/p>\n<p style=\"margin: 0cm 0cm 0pt; text-align: justify\" class=\"MsoNormal\"><span style=\"font-size: 12pt; color: black; font-family: Arial\" lang=\"ES-TRAD\">La entrada tiene un arco de medio punto y a los lados los escudos franciscanos. Entre el primer y segundo cuerpo hay<span>\u00a0 <\/span>dos cornisas que limitan un hermoso friso decorado con flores que se interrumpe en el centro para dejar espacio al nicho que una vez albergara a <st1:personname ProductID=\"la Virgen\" w:st=\"on\">la Virgen<\/st1:personname> de <st1:personname ProductID=\"La Luz En\" w:st=\"on\">La Luz En<\/st1:personname> el segundo cuerpo en las entrecalles que dejan las columnas, existen dos nichos de arcos lobulados, con conchas, columnas salom\u00f3nicas y repisones decorados uno para San Joaqu\u00edn y otro para la se\u00f1ora Santa Ana, en el nicho vac\u00edo dos \u00e1ngeles recorren una hermosa cortina.<\/span><\/p>\n<p style=\"margin: 0cm 0cm 0pt; text-align: justify\" class=\"MsoNormal\"><span style=\"font-size: 12pt; color: black; font-family: Arial\" lang=\"ES-TRAD\"><\/span><\/p>\n<p><span style=\"font-size: 12pt; color: black; font-family: Arial\" lang=\"ES-TRAD\"><o:p>\u00a0<\/o:p><\/span><span style=\"color: black; font-family: Arial\" lang=\"ES-TRAD\"><o:p><font size=\"2\">\u00a0<\/font><\/o:p><\/span><\/p>\n<p style=\"margin: 0cm 0cm 0pt\" class=\"MsoBodyText2\"><span style=\"color: black; font-family: Arial\" lang=\"ES-TRAD\">Entre el segundo y tercer cuerpo hay cornisa y friso, lo mismo que cuatro columnas, dos nichos con arcos de medio punto, repisas que sostienen a San Antonio de Padua y a San Roque.<\/span><\/p>\n<p style=\"margin: 0cm 0cm 0pt\" class=\"MsoBodyText2\"><span style=\"color: black; font-family: Arial\" lang=\"ES-TRAD\"><\/span><\/p>\n<p><span style=\"color: black; font-family: Arial\" lang=\"ES-TRAD\"><o:p>\u00a0<\/o:p><\/span><span style=\"font-size: 12pt; color: black; font-family: Arial\" lang=\"ES-TRAD\"><o:p>\u00a0<\/o:p><\/span><\/p>\n<p style=\"margin: 0cm 0cm 0pt; text-align: justify\" class=\"MsoNormal\"><span style=\"font-size: 12pt; color: black; font-family: Arial\" lang=\"ES-TRAD\">En el arco que limita la ventana del coro se encuentra un relieve, que recuerda el momento en que San Francisco sufri\u00f3 la estigmatizaci\u00f3n de las llagas de Jes\u00fas aparece Fray Le\u00f3n, testigo del suceso, del lado izquierdo y del derecho se encuentra un \u00e1rbol.<\/span><\/p>\n<p style=\"margin: 0cm 0cm 0pt; text-align: justify\" class=\"MsoNormal\"><span style=\"font-size: 12pt; color: black; font-family: Arial\" lang=\"ES-TRAD\"><\/span><\/p>\n<p><span style=\"font-size: 12pt; color: black; font-family: Arial\" lang=\"ES-TRAD\"><o:p>\u00a0<\/o:p><\/span><span style=\"font-size: 12pt; color: black; font-family: Arial\" lang=\"ES-TRAD\"><o:p>\u00a0<\/o:p><\/span><span style=\"font-size: 12pt; color: black; font-family: Arial\" lang=\"ES-TRAD\">En el remate un nicho en forma de cruz y de cada lado <st1:personname ProductID=\"la Cruz\" w:st=\"on\">la Cruz<\/st1:personname> de Calatrava y <st1:personname ProductID=\"la Cruz\" w:st=\"on\">la Cruz<\/st1:personname> de Jerusal\u00e9n, la torre tiene dos cuerpos y un remate. En los m\u00e1rgenes de cada lado de la fachada aparecen follajes, \u00e1ngeles y s\u00edmbolos de la pasi\u00f3n. <o:p><\/o:p><\/span><span style=\"color: black; font-family: Arial\" lang=\"ES-TRAD\"><o:p><font size=\"7\"><strong>\u00a0<\/strong><\/font><\/o:p><\/span><span style=\"font-size: 12pt; color: black; font-family: Arial\" lang=\"ES-TRAD\"><o:p><\/o:p><\/span><span style=\"font-size: 12pt; color: black; font-family: Arial\" lang=\"ES-TRAD\"><o:p><\/o:p><\/span><strong><span style=\"font-size: 12pt; color: black; font-family: Arial\" lang=\"ES-TRAD\">Tilaco quiere decir <span>\u00a0<\/span>\u201cen el agua negra\u201d.<o:p><\/o:p><\/span><\/strong><strong><span style=\"font-size: 12pt; color: black; font-family: Arial\" lang=\"ES-TRAD\"><o:p>\u00a0<\/o:p><\/span><\/strong><strong><span style=\"font-size: 12pt; color: black; font-family: Arial\" lang=\"ES-TRAD\"><o:p>\u00a0<\/o:p><\/span><\/strong><\/p>\n<p style=\"margin: 0cm 0cm 0pt\" class=\"MsoNormal\"><span style=\"font-size: 12pt; color: black; font-family: Arial\" lang=\"ES-TRAD\">Es la \u00fanica que conserva su atrio de tres entradas, cruz atrial, capillas pozas, capilla abierta.<\/span><\/p>\n<p style=\"margin: 0cm 0cm 0pt\" class=\"MsoNormal\"><span style=\"font-size: 12pt; color: black; font-family: Arial\" lang=\"ES-TRAD\"><\/span><\/p>\n<p><span style=\"font-size: 12pt; color: black; font-family: Arial\" lang=\"ES-TRAD\"><o:p>\u00a0<\/o:p><\/span><\/p>\n<p style=\"margin: 0cm 0cm 0pt; text-align: justify\" class=\"MsoNormal\"><span style=\"font-size: 12pt; color: black; font-family: Arial\" lang=\"ES-TRAD\">El barroco de Tilaco es toda vitalidad, su fachada es peque\u00f1a y m\u00e1s de alguno la ha llamado risue\u00f1a y encantadora.<\/span><\/p>\n<p style=\"margin: 0cm 0cm 0pt; text-align: justify\" class=\"MsoNormal\"><span style=\"font-size: 12pt; color: black; font-family: Arial\" lang=\"ES-TRAD\"><\/span><\/p>\n<p><span style=\"font-size: 12pt; color: black; font-family: Arial\" lang=\"ES-TRAD\"><o:p>\u00a0<\/o:p><\/span><span style=\"font-size: 12pt; color: black; font-family: Arial\" lang=\"ES-TRAD\"><o:p>\u00a0<\/o:p><\/span><span style=\"font-size: 12pt; color: black; font-family: Arial\" lang=\"ES-TRAD\">En su fachada en la medida en que uno asciende la vista, se multiplican los \u00e1ngeles, las flores, el follaje, los p\u00e1mpanos, el decorado hasta volverse un jard\u00edn. Del escudo franciscano formado por la mano llagada de Cristo y la de San Francisco desciende el Esp\u00edritu Santo en forma de paloma.<o:p><\/o:p><\/span><\/p>\n<p style=\"margin: 0cm 0cm 0pt; text-align: justify\" class=\"MsoNormal\">&nbsp;<\/p>\n<p><span style=\"font-size: 12pt; color: black; font-family: Arial\" lang=\"ES-TRAD\"><o:p>\u00a0<\/o:p><\/span><\/p>\n<p style=\"margin: 0cm 0cm 0pt; text-align: justify\" class=\"MsoNormal\"><span style=\"font-size: 12pt; color: black; font-family: Arial\" lang=\"ES-TRAD\">Consta la fachada de tres cuerpos, del basamento sobresalen los pedestales que soportan las cuatro columnas salom\u00f3nicas con remates corintios, con bellas hornacinas y arcos lobulados y m\u00e9nsulas alargadas donde descansan San Pedro y San Pablo.<\/span><\/p>\n<p style=\"margin: 0cm 0cm 0pt; text-align: justify\" class=\"MsoNormal\"><span style=\"font-size: 12pt; color: black; font-family: Arial\" lang=\"ES-TRAD\"><\/span><\/p>\n<p><span style=\"font-size: 12pt; color: black; font-family: Arial\" lang=\"ES-TRAD\"><o:p>\u00a0<\/o:p><\/span><span style=\"font-size: 12pt; color: black; font-family: Arial\" lang=\"ES-TRAD\"><o:p>\u00a0<\/o:p><\/span><\/p>\n<p style=\"margin: 0cm 0cm 0pt; text-align: justify\" class=\"MsoNormal\"><span style=\"font-size: 12pt; color: black; font-family: Arial\" lang=\"ES-TRAD\">La puerta de acceso tiene un arco de medio punto formado por una concha delicada, los \u00e1ngeles limitan el encuadramiento de esta entrada y aparecen dos querubines.<\/span><\/p>\n<p style=\"margin: 0cm 0cm 0pt; text-align: justify\" class=\"MsoNormal\"><span style=\"font-size: 12pt; color: black; font-family: Arial\" lang=\"ES-TRAD\"><\/span><\/p>\n<p><span style=\"font-size: 12pt; color: black; font-family: Arial\" lang=\"ES-TRAD\"><o:p>\u00a0<\/o:p><\/span><span style=\"font-size: 12pt; color: black; font-family: Arial\" lang=\"ES-TRAD\"><o:p>\u00a0<\/o:p><\/span><\/p>\n<p style=\"margin: 0cm 0cm 0pt; text-align: justify\" class=\"MsoNormal\"><span style=\"font-size: 12pt; color: black; font-family: Arial\" lang=\"ES-TRAD\">Del primero al segundo cuerpo hay un friso y cuatro sirenas con oficio de cari\u00e1tides, sostienen las columnas est\u00edpites del segundo cuerpo, que enmarcan otros dos nichos<span>\u00a0 <\/span>con arcos de medio punto decorados con conchas, columnas d\u00f3ricas y repisas, uno para <st1:personname ProductID=\"la Inmaculada Concepci?n\" w:st=\"on\">la Inmaculada Concepci\u00f3n<\/st1:personname> y otro para San Jos\u00e9 con el Ni\u00f1o.<\/span><\/p>\n<p style=\"margin: 0cm 0cm 0pt; text-align: justify\" class=\"MsoNormal\"><span style=\"font-size: 12pt; color: black; font-family: Arial\" lang=\"ES-TRAD\"><\/span><\/p>\n<p><span style=\"font-size: 12pt; color: black; font-family: Arial\" lang=\"ES-TRAD\"><o:p>\u00a0<\/o:p><\/span><span style=\"font-size: 12pt; color: black; font-family: Arial\" lang=\"ES-TRAD\"><o:p>\u00a0<\/o:p><\/span><\/p>\n<p style=\"margin: 0cm 0cm 0pt; text-align: justify\" class=\"MsoNormal\"><span style=\"font-size: 12pt; color: black; font-family: Arial\" lang=\"ES-TRAD\">Al centro del segundo cuerpo aparece la ventana del coro en forma de concha y con una hermos\u00edsima cortina que la abren dos robustos \u00e1ngeles y dos \u00e1ngeles ofrecen racimos de p\u00e1mpanos.<\/span><\/p>\n<p style=\"margin: 0cm 0cm 0pt; text-align: justify\" class=\"MsoNormal\"><span style=\"font-size: 12pt; color: black; font-family: Arial\" lang=\"ES-TRAD\"><\/span><\/p>\n<p><span style=\"font-size: 12pt; color: black; font-family: Arial\" lang=\"ES-TRAD\"><o:p>\u00a0<\/o:p><\/span><span style=\"font-size: 12pt; color: black; font-family: Arial\" lang=\"ES-TRAD\"><o:p>\u00a0<\/o:p><\/span><\/p>\n<p style=\"margin: 0cm 0cm 0pt; text-align: justify\" class=\"MsoNormal\"><span style=\"font-size: 12pt; color: black; font-family: Arial\" lang=\"ES-TRAD\">En el tercer cuerpo hay dos plintos en los extremos con \u00e1guilas que sirven de z\u00f3calo a los \u00e1ngeles y al centro surgen dos columnas est\u00edpites formando el balc\u00f3n donde aparece San Francisco contemplando el hermoso Valle de Tilaco, donde cuatro \u00e1ngeles musicantes completan el ambiente. Remata un jarr\u00f3n.<\/span><\/p>\n<p style=\"margin: 0cm 0cm 0pt; text-align: justify\" class=\"MsoNormal\"><span style=\"font-size: 12pt; color: black; font-family: Arial\" lang=\"ES-TRAD\"><\/span><\/p>\n<p><span style=\"font-size: 12pt; color: black; font-family: Arial\" lang=\"ES-TRAD\"><o:p>\u00a0<\/o:p><\/span><span style=\"font-size: 12pt; color: black; font-family: Arial\" lang=\"ES-TRAD\"><o:p>\u00a0<\/o:p><\/span><span style=\"font-size: 12pt; color: black; font-family: Arial\" lang=\"ES-TRAD\">Tiene una torre de tres cuerpos y remate.<o:p><\/o:p><\/span><span style=\"color: black; font-family: Arial\" lang=\"ES-TRAD\"><o:p><font size=\"2\">\u00a0<\/font><\/o:p><\/span><span style=\"color: black; font-family: Arial\" lang=\"ES-TRAD\"><o:p><font size=\"2\">\u00a0<\/font><\/o:p><\/span><span style=\"color: black; font-family: Arial\" lang=\"ES-TRAD\"><o:p><font size=\"2\">\u00a0<\/font><\/o:p><\/span><span style=\"color: black; font-family: Arial\" lang=\"ES-TRAD\"><o:p><font size=\"2\">\u00a0<\/font><\/o:p><\/span><span style=\"color: black; font-family: Arial\" lang=\"ES-TRAD\"><o:p><font size=\"2\">\u00a0<\/font><\/o:p><\/span><span style=\"color: black; font-family: Arial\" lang=\"ES-TRAD\"><o:p><font size=\"2\">\u00a0<\/font><\/o:p><\/span><\/p>\n","protected":false},"excerpt":{"rendered":"<p>Templos y conventos Pames, en la Huasteca Queretana, \u00a0llamados \u201cLas Misiones de La Sierra Gorda\u201d\u00a0\u00a0 Para llegar a estos bell\u00edsimos paisajes de la tierra caliente queretana, donde sin alarifes europeos, los pames construyeron cinco templos y sus anexos, sobre ruinas de sus antiguas ciudades; Desde Quer\u00e9taro o desde M\u00e9xico, se cruzan: El Valle, El Semidesierto, [&hellip;]<\/p>\n","protected":false},"author":249,"featured_media":0,"comment_status":"open","ping_status":"closed","sticky":false,"template":"","format":"standard","meta":{"footnotes":""},"categories":[3,5,4],"tags":[],"class_list":["post-80","post","type-post","status-publish","format-standard","hentry","category-huasteca-queretana","category-semidesierto","category-sierra-gorda"],"_links":{"self":[{"href":"http:\/\/eloficiodehistoriar.com.mx\/index.php?rest_route=\/wp\/v2\/posts\/80","targetHints":{"allow":["GET"]}}],"collection":[{"href":"http:\/\/eloficiodehistoriar.com.mx\/index.php?rest_route=\/wp\/v2\/posts"}],"about":[{"href":"http:\/\/eloficiodehistoriar.com.mx\/index.php?rest_route=\/wp\/v2\/types\/post"}],"author":[{"embeddable":true,"href":"http:\/\/eloficiodehistoriar.com.mx\/index.php?rest_route=\/wp\/v2\/users\/249"}],"replies":[{"embeddable":true,"href":"http:\/\/eloficiodehistoriar.com.mx\/index.php?rest_route=%2Fwp%2Fv2%2Fcomments&post=80"}],"version-history":[{"count":0,"href":"http:\/\/eloficiodehistoriar.com.mx\/index.php?rest_route=\/wp\/v2\/posts\/80\/revisions"}],"wp:attachment":[{"href":"http:\/\/eloficiodehistoriar.com.mx\/index.php?rest_route=%2Fwp%2Fv2%2Fmedia&parent=80"}],"wp:term":[{"taxonomy":"category","embeddable":true,"href":"http:\/\/eloficiodehistoriar.com.mx\/index.php?rest_route=%2Fwp%2Fv2%2Fcategories&post=80"},{"taxonomy":"post_tag","embeddable":true,"href":"http:\/\/eloficiodehistoriar.com.mx\/index.php?rest_route=%2Fwp%2Fv2%2Ftags&post=80"}],"curies":[{"name":"wp","href":"https:\/\/api.w.org\/{rel}","templated":true}]}}