{"id":8001,"date":"2011-03-19T10:04:27","date_gmt":"2011-03-19T16:04:27","guid":{"rendered":"https:\/\/eloficiodehistoriar.com.mx\/?p=8001"},"modified":"2011-03-19T10:04:27","modified_gmt":"2011-03-19T16:04:27","slug":"los-indigenas-en-queretaro-sin-derechos-pero-bien-ubicados","status":"publish","type":"post","link":"http:\/\/eloficiodehistoriar.com.mx\/?p=8001","title":{"rendered":"Los ind\u00edgenas en Quer\u00e9taro, sin derechos pero bien ubicados"},"content":{"rendered":"<p>Persiste rezago ind\u00edgena: CDI<\/p>\n<p>Diario de Quer\u00e9taro<\/p>\n<p>Redacci\u00f3n<\/p>\n<p>El rezago ind\u00edgena es estructural e hist\u00f3rico, admiti\u00f3 el delegado de la Comisi\u00f3n Nacional para el Desarrollo de los Pueblos Ind\u00edgenas (CDI), Aurelio S\u00edgala P\u00e1ez, en el marco de su informe de Rendici\u00f3n de Cuentas 2010 donde detall\u00f3 que se aplicaron 150 millones 613 mil 531 pesos, en 261 obras y acciones.<\/p>\n<p>Estos recursos dijo, se incrementaron a casi 223 millones con las aportaciones federales y municipales para ocho programas distintos, \u00abeste presupuesto rebas\u00f3 los 223 millones de pesos, se\u00f1al\u00f3 tras destacar que las comunidades aportaron cerca de 4 millones de pesos para sus proyectos.<\/p>\n<p>Consider\u00f3 que la legislaci\u00f3n ind\u00edgena de Quer\u00e9taro es de las m\u00e1s avanzadas en el pa\u00eds, lo que adem\u00e1s de atraer m\u00e1s recursos, es una situaci\u00f3n que permite su reconocimiento jur\u00eddico.<\/p>\n<p>\u00abEl a\u00f1o pasado se reform\u00f3 el art\u00edculo 3\u00ba de la Ley de los Derechos Ind\u00edgenas y se incorporaron 50 comunidades m\u00e1s en el cat\u00e1logo\u00bb.<\/p>\n<p>Indic\u00f3 el funcionario quien precis\u00f3 que actualmente este cat\u00e1logo cuenta con 232 localidades que tienen presencia ind\u00edgena. <\/p>\n<p>Explic\u00f3 que existen en el estado, 60 mil ind\u00edgenas, a quienes se atiende en dos regiones que son la Mazahua-Otom\u00ed (que se extiende hacia el Estado de M\u00e9xico) y la comunidad Otom\u00ed de Hidalgo y Quer\u00e9taro.<\/p>\n<p>En el resto de la entidad, dijo, se cuenta con poblaci\u00f3n dispersa, que se ubica a lo largo de los 18 municipios del estado y precis\u00f3 que el 84.9 por ciento de la poblaci\u00f3n ind\u00edgena que hay en la entidad pertenece son hablantes de otom\u00ed, mientras que 6.2 por ciento hablan el n\u00e1huatl, 1.9 por ciento el Mazahua, 1.5 por ciento hablan zapoteco y 5.6 por ciento dominan otras lenguas.<\/p>\n<p>A pesar del rezago dijo, se han realizado importantes inversiones para atender a la comunidad ind\u00edgena, aunque consider\u00f3 que la atenci\u00f3n a estos pueblos no es responsabilidad de una sola instituci\u00f3n.<\/p>\n<p>\u00abEs responsabilidad de los tres \u00f3rdenes de gobierno, a nosotros nos toca coordinar la parte central del desarrollo de los pueblos ind\u00edgenas\u00bb, se\u00f1al\u00f3 S\u00edgala P\u00e1ez.<\/p>\n","protected":false},"excerpt":{"rendered":"<p>Persiste rezago ind\u00edgena: CDI Diario de Quer\u00e9taro Redacci\u00f3n El rezago ind\u00edgena es estructural e hist\u00f3rico, admiti\u00f3 el delegado de la Comisi\u00f3n Nacional para el Desarrollo de los Pueblos Ind\u00edgenas (CDI), Aurelio S\u00edgala P\u00e1ez, en el marco de su informe de Rendici\u00f3n de Cuentas 2010 donde detall\u00f3 que se aplicaron 150 millones 613 mil 531 pesos, [&hellip;]<\/p>\n","protected":false},"author":249,"featured_media":0,"comment_status":"open","ping_status":"closed","sticky":false,"template":"","format":"standard","meta":{"footnotes":""},"categories":[26],"tags":[],"class_list":["post-8001","post","type-post","status-publish","format-standard","hentry","category-mundo"],"_links":{"self":[{"href":"http:\/\/eloficiodehistoriar.com.mx\/index.php?rest_route=\/wp\/v2\/posts\/8001","targetHints":{"allow":["GET"]}}],"collection":[{"href":"http:\/\/eloficiodehistoriar.com.mx\/index.php?rest_route=\/wp\/v2\/posts"}],"about":[{"href":"http:\/\/eloficiodehistoriar.com.mx\/index.php?rest_route=\/wp\/v2\/types\/post"}],"author":[{"embeddable":true,"href":"http:\/\/eloficiodehistoriar.com.mx\/index.php?rest_route=\/wp\/v2\/users\/249"}],"replies":[{"embeddable":true,"href":"http:\/\/eloficiodehistoriar.com.mx\/index.php?rest_route=%2Fwp%2Fv2%2Fcomments&post=8001"}],"version-history":[{"count":1,"href":"http:\/\/eloficiodehistoriar.com.mx\/index.php?rest_route=\/wp\/v2\/posts\/8001\/revisions"}],"predecessor-version":[{"id":8002,"href":"http:\/\/eloficiodehistoriar.com.mx\/index.php?rest_route=\/wp\/v2\/posts\/8001\/revisions\/8002"}],"wp:attachment":[{"href":"http:\/\/eloficiodehistoriar.com.mx\/index.php?rest_route=%2Fwp%2Fv2%2Fmedia&parent=8001"}],"wp:term":[{"taxonomy":"category","embeddable":true,"href":"http:\/\/eloficiodehistoriar.com.mx\/index.php?rest_route=%2Fwp%2Fv2%2Fcategories&post=8001"},{"taxonomy":"post_tag","embeddable":true,"href":"http:\/\/eloficiodehistoriar.com.mx\/index.php?rest_route=%2Fwp%2Fv2%2Ftags&post=8001"}],"curies":[{"name":"wp","href":"https:\/\/api.w.org\/{rel}","templated":true}]}}