{"id":8003,"date":"2011-03-19T10:08:32","date_gmt":"2011-03-19T16:08:32","guid":{"rendered":"https:\/\/eloficiodehistoriar.com.mx\/?p=8003"},"modified":"2011-03-19T10:08:32","modified_gmt":"2011-03-19T16:08:32","slug":"mensaje-del-sub-marcos-al-frayba","status":"publish","type":"post","link":"http:\/\/eloficiodehistoriar.com.mx\/?p=8003","title":{"rendered":"Mensaje del Sub Marcos al FRAYBA"},"content":{"rendered":"<p>EJERCITO ZAPATISTA DE LIBERACION NACIONAL MEXICO<\/p>\n<p>Marzo de 2011.<\/p>\n<p>A la 41 Asamblea Nacional de la Red Nacional de Organismos Civiles \u201cTodos los Derechos para Todas y Todos.\u201d<\/p>\n<p>De. Subcomandante Insurgente Marcos.<\/p>\n<p>Damas y caballeros.<\/p>\n<p>Reciban nuestros saludos. Antes que nada queremos agradecer al Centro de Derechos Humanos Fray Bartolom\u00e9 de Las Casas AC. invitaci\u00f3n que nos hicieron para mandar un compa\u00f1ero mensaje a su Asamblea Nacional.<\/p>\n<p>A algun@s de ustedes tengo el privilegio de conocerlos personalmente, pero a la gran mayor\u00eda los conocemos de una forma gratificante, es decir, por su trabajo.<\/p>\n<p>Por esto les voy pedir que me permitan un tono coloquial para este mensaje-saludo. Si no me lo permiten, basta saltarse todo lo que sigue a continuaci\u00f3n y solo decir \u201cel EZLN manda un saludo\u201d y ya. De todas formas hay sentimientos que no encuentran aun un alfabeto que me permita expresarlos.<\/p>\n<p>Si ya est\u00e1n leyendo esta l\u00ednea, significa que me han concedido el trato coloquial, ergo, procedo.<\/p>\n<p>_*_<\/p>\n<p>Estoy seguro de que la mayor\u00eda de ustedes, si no es que todos, sabr\u00e1n escuchar en estas l\u00edneas no los pensamientos del SupMarcos, sino los de los hambres, mujeres, ni\u00f1os y ancianos del Ej\u00e9rcito Zapatista de Liberaci\u00f3n Nacional.<\/p>\n<p>De la misma forma en que nosotras las zapatistas, los zapatistas, supimos ver en las acciones de Don Samuel no solo las de un individuo sino las de un colectivo.<\/p>\n<p>Pero eso hoy les recordamos que, es cierto, ahora falta un caminante, pero el camino esta ah\u00ed. Y sabemos que quienes lo andan en colectivo lograran convertir el dolor en bandera y decidir\u00e1n no olvidar, pero tampoco detenerse.<\/p>\n<p>Nosotros pensamos que es as\u00ed porque, como en la historia de esa ausencia f\u00edsica, su camino y su paso es su colaboraci\u00f3n, su raz\u00f3n de ser, su vida.<\/p>\n<p>Se bien que algunos idiotas (solo varones, hay que reconocer) aprovecharon el deceso de Don Samuel para poner a competir al EZLN contra la di\u00f3cesis y a Don Samuel contra al SUbMarcos respecto a lo que en esta tierras aconteci\u00f3 aquel, para alg\u00fan@s ahora olvidado Primero de Enero de a;o de 1994 (-vaya, no son poco quienes, en el encuentro de los aportes democr\u00e1ticos y sociales, se saltan de 1998 al 2006-), o por ver quien hab\u00eda hecho o hace mas por los pueblos originarios de Chiapas y de M\u00e9xico.<\/p>\n<p>Con argumentos del tipo \u201cmi papa le gana a mi papa\u201d o planteado la competencia machista de \u201ca ver qui\u00e9n la tiene m\u00e1s grande\u201d o a ver quien le llega m\u00e1s lejos o \u201ca ver quien hace mas espuma\u201d estos personajes quisieron enlodar la significativa ausencia de Don Samuel.<\/p>\n<p>Y si, hubo quien compro boleto para ese juego de ni\u00f1os bobos o de pol\u00edticos (es lo mismo). Y as\u00ed editaron la historia para cubrir su ignorancia, o para manipula nuestros conscientes y premeditados silencios. Ya llegara el momento en que nuestra palabra aborde en esas esquinas oscuras, que fueron y son aprovechadas por quienes quieren ganar en esa competencia sin sentido.<\/p>\n<p>Nosotros no. Los zapatistas, no disputamos un cr\u00e9dito que en realidad pertenece a quienes llevan m\u00e1s de 500 a\u00f1os tratando de salir de una pesadilla que cambia de r\u00e9gimen pol\u00edtico o de partido en el poder, pero que sigue imponiendo su cuota de explotaci\u00f3n, de despojo, de represi\u00f3n, de desprecio.<\/p>\n<p>Ni siquiera aspiramos o suspiramos por un pie de nota en el abultado libro de la historia contempor\u00e1nea de este rinc\u00f3n del mundo.<\/p>\n<p>El \u00fanico cr\u00e9dito que nos reconocemos es el de nuestros errores y fallas que, es cierto, no son pocos ni frugales, pero no contienen la inconsecuencia en ninguna de sus hip\u00f3critas vestiduras.<\/p>\n<p>\u00bfQu\u00e9 qui\u00e9n ha hecho o hace m\u00e1s por las comunidades ind\u00edgenas de este rinc\u00f3n de M\u00e9xico?<\/p>\n<p>En lo que al EZLN, respecta, nosotros respondemos que poco o nada hemos hecho. Y, en cambio, agregamos en titubeos que es mucho, y todo, lo que los pueblos indios de Chiapas y de M\u00e9xico han hecho por nosotros. Nada menos y nada m\u00e1s que darnos identidad, camino, rumbo, destino, raz\u00f3n de ser.<\/p>\n<p>Y no solo a nosotros. Tambi\u00e9n a muchas distantes y distintas en los calendarios y las geograf\u00edas de M\u00e9xico y del mundo.<\/p>\n<p>El lugar que tuvo y tiene Don Samuel en las comunidades ind\u00edgenas es el que se gano con su caminar. No solo ah\u00ed, es cierto, pero ahora solo hablo de lo que conoc\u00ed la primera mano. Y eso no depende de las competencias infantiles que, en los aciagos d\u00edas de su desaparici\u00f3n f\u00edsica, adornaron las pl\u00e1ticas de sobremesa, art\u00edculos y entrevistas de quienes cubren con ocurrencias su mediocridad y oportunismo.<\/p>\n<p>_*_<\/p>\n<p>Uno de los m\u00e9ritos de Don Samuel, le dije ya alguna vez, es que pudiendo escoger ser On\u00e9simo Cepeda, eligi\u00f3 ser Don Samuel Ruiz Garc\u00eda.<\/p>\n<p>Justo como todas ustedes, todos ustedes pudieron escoger ser otra cosa que lo ahora son, y sin embargo eligieron ser, en sus calendarios y geograf\u00edas particulares, defensores promotores de los derechos fundamentales del ser humano.<\/p>\n<p>Y al elegir ser de esa identidad, al mismo tiempo com\u00fan y diferenciada (com\u00fan en su aliento, diferenciada en su historia, lugar y tiempo,) no eligieron el camino m\u00e1s f\u00e1cil, el m\u00e1s c\u00f3modo, el que tiene mas privilegios y mayores compensaciones, si no uno de las m\u00e1s dif\u00edciles, inc\u00f3modos, ingratos.<\/p>\n<p>Porque, \u00bfqui\u00e9n defiende los derechos humanos de l@s defensor@s de los derechos humanos?<\/p>\n<p>En fin, ustedes pudieron escoger, por poner un ejemplo, ser Diego Fern\u00e1ndez de Cevallos (pido disculpas por decir malas palabras) y convertir el manejo perverso de las leyes en una fuente de riqueza y poder.<\/p>\n<p>O pudieron escoger trabajar bajo las \u00f3rdenes de quien viola los derechos humanos, es decir, con gobiernos estatales o federales, y esconderse en la fr\u00e1gil coartada de \u201ccambiar las cosas desde dentro\u201d o \u201catenuar las arbitrariedades de los gobernantes\u201d.<\/p>\n<p>Pero bueno, ustedes mejor que nadie conocen las mil y una formas, coartadas, pretextos y justificaciones que hay para hacer o que ahora hacen, o para dejar de ser lo que ahora son (y que es o que motiva esta Asamblea y nuestro saludo), es decir, su identidad.<\/p>\n<p>En resumen: ustedes pudieron escoger sor otras, ser otros, y sin embargo eligieron ser lo que ahora los convoca y los re\u00fane<\/p>\n<p>Cada quien tiene su historia particular y personal de c\u00f3mo se construyo esa decisi\u00f3n, ese camino, y el hecho fundamental, el ser ahora caminantes necios por un mundo mejor, no depende de homenajes, l\u00edneas o segundos en los medios, an\u00e9cdotas en platicas o tertulias, o en competencias que tasan el valor humano en cent\u00edmetros.<\/p>\n<p>Y el reconocimiento a esa decisi\u00f3n no solo viene de quien los persigue, los acosa, los calumnia, los golpea, los encarcela, los asesina o los trata de convencer de que se rindan, de que claudiquen, de que se vendan. Es decir, no viene solo los distintos gobiernos con colores diversos.<\/p>\n<p>El reconocimiento a eso que eligieron ser, tambi\u00e9n puede venir de quienes carecen de los derechos elementales o los ven pisoteados por quien tiene la fuerza porque carece de la raz\u00f3n. De quienes encontraron en los proyectos de ustedes, en sus pasos de ustedes, el acompa\u00f1amiento en la demanda del derecho fundamental. El derecho a tener todos derechos y ejercerlos.<\/p>\n<p>_*_<\/p>\n<p>A nosotros, nosotras los zapatistas, siempre nos han provocado admiraci\u00f3n y respeto las personas que, pudiendo escoger estar arriba, eligen ser abajo y con los de abajo.<\/p>\n<p>Noten que no estoy hablando de filiaci\u00f3n pol\u00edtica o de tenencia ideol\u00f3gica, sino de una posici\u00f3n, de unas respuestas sencillas y claras a las preguntas de \u201c\u00bfen d\u00f3nde?\u201d, \u201c\u00bfcon qui\u00e9n?\u201d, \u201c\u00bffrente a qui\u00e9n?\u201d<\/p>\n<p>Y noten tambi\u00e9n que, puestas esas preguntas as\u00ed, convierten en rid\u00edculas las preguntas \u201c\u00bfquien es mejor?\u201d, \u201c\u00bfquien hace mas?\u201d, \u201c\u00bfquien gana?\u201d<\/p>\n<p>Tal vez para alguno de ah\u00ed lo importante sean las respuestas a las preguntas competitivas. No lo cuestionamos. Cada quien hace uso de su ocio de acuerdo a sus posibilidades\u2026 y amistades.<\/p>\n<p>Lo que trato de decir es que son las preguntas de ustedes a las preguntas que dan identidad, las que ac\u00e1 abajo se reconocen. Donde, abajo, con quien, con lucha, frente a quien, frente al que oprime.<\/p>\n<p>Ese reconocimiento que viene de abajo no se los puede disputar nadie, ni espera la certificaci\u00f3n de cualesquiera de las geograf\u00edas pol\u00edticas, de uno a otro extremo.<\/p>\n<p>Y algunas veces ese reconocimiento toma la forma de un saludo, como lo es en este caso en el que, por mis letras, las comunidades ind\u00edgenas zapatistas les mandan un abrazo con el pretexto de esa Cuadrag\u00e9sima Asamblea Nacional.<\/p>\n<p>_*_<\/p>\n<p>Cuarenta y una asambleas son muchas, es cierto, pero parece que la de este a;o se celebra en tiempos particularmente delicados.<\/p>\n<p>Delicados por una violencia extendida y profundizada en todo el territorio nacional, y delicados por la violaci\u00f3n\/negaci\u00f3n de los derechos humanos que es la consecuencia de esa violencia que se ejerce fundamentalmente desde el estado.<\/p>\n<p>Dif\u00edcilmente se podr\u00e1 encontrar otro calendario en donde la violaci\u00f3n y negaci\u00f3n de los derechos humanos abarque toda la geograf\u00eda nacional\u2026 y en donde la defensa de esos derechos sea tan peligrosa.<\/p>\n<p>Porque los atentados a los derechos fundamentales (vida,libertad,bienes,verdad) ahora no solo son padecidos por los sectores sociales llamados \u201cvulnerables\u201d.<\/p>\n<p>La violencia desembocada, con el gobierno federal encabezando la macabra cabalgata, no solo se extiende por todo el territorio nacional y asuela todos los rincones de la vida cotidiana. Ahora tambi\u00e9n de \u201cdemocratiza\u201d su arbitrariedad, haciendo v\u00edctimas en todos los estratos sociales.<\/p>\n<p>Un agravio tan nacional y tan actual debiera provocar una reacci\u00f3n de igual extensi\u00f3n en id\u00e9ntica temporalidad, pero ya se ve que el calendario que de arriba se asigna, el electoral, impone otras prioridades.<\/p>\n<p>Por eso tambi\u00e9n estos tiempos delicados. Porque all\u00e1 arriba exigen tomar posici\u00f3n en la falsa disyuntiva electoral. No necesito extenderme en los peligros que, para el camino y el paso que ustedes abrazan, representan estos llamados a la urgencia.<\/p>\n<p>Quienes trabajan en serio en la defensa de los derechos humanos saben bien que las diferentes marcas pol\u00edticas en el poder solo disputan en entusiasmo su sistem\u00e1tica violaci\u00f3n de los derechos fundamentales.<\/p>\n<p>Nosotros confiamos en quienes supieron escuchar y mirar, y en consecuencia han tratado de entender.<\/p>\n<p>Porque as\u00ed como su compromiso esta fuera de toda duda para nosotros, tambi\u00e9n lo est\u00e1n su inteligencia y su capacidad de an\u00e1lisis.<\/p>\n<p>_*_<\/p>\n<p>Bueno, no los interrumpo mas. He visto la agenda preliminar de su Asamblea y he constatado que tienen mucho trabajo\u2026 y solo una comida en 3 d\u00edas (lo que es claramente una violaci\u00f3n al derecho a atascarse).<\/p>\n<p>Sale pues, con el abrazo que les damos, va tambi\u00e9n nuestro deseo de que todo salga bien en su asamblea.<\/p>\n<p>Como todas las decisiones que realmente importan y hacen la diferencia, las que ustedes tomen en estos d\u00edas no tendr\u00e1n eco ni consecuencias inmediatas, pero ser\u00e1n fundamentales para la geograf\u00eda y el calendario que su identidad elija.<\/p>\n<p>Porque quienes caminan saben que cada paso cuenta, aunque el recorrido se haga visible solo al llegar a su destino.<\/p>\n<p>Vale. Salud y que, sin importar los riesgos y maledicencias, su identidad se mantenga.<\/p>\n<p>Desde las monta\u00f1as del Sureste Mexicano<\/p>\n<p>Firma<\/p>\n<p>Subcomandante Insurgente Marcos.<\/p>\n<p>M\u00e9xico, Marzo del 2011.<\/p>\n<p>P.D.- Lamento con pesar el que mi firma, y la fecha en la que la estampo, contradigan los rumores hechos twitters, noticias y comunicados gubernamentales sobre mi estado de salud. Aunque, hay que decirlo, eso del enfisema pulmonar y el c\u00e1ncer provoco que ya no me manden tabaco, lo que si es una clara maniobra contrainsurgente. As\u00ed que es oficial. No tengo eso que dicen que tengo\u2026 o no todav\u00eda. As\u00ed que no tengan pena y manden tabaco, que tendr\u00e9 cuidado de tachar la leyenda que reza. \u201cFumar es causa de c\u00e1ncer y enfisema pulmonar. Fumar durante el embarazo aumenta el riesgo de parto prematuro (una caja de puritos dec\u00eda \u201crapto prematuro\u201d me cae) y de bajo peso para el reci\u00e9n nacido (\u00bfosea que ya no voy a poder decir \u201cfat is beatifull\u201d?) y otros riesgos reproductivos\u201d (\u00bfo sea que no voy a poder ganar en la competencia de \u201ca ver qui\u00e9n la tiene m\u00e1s grande\u201d? bah, de por si yo ya estaba en las ligas muy menores). En todo caso, manden tabaco para que ahora s\u00ed se les haga.<\/p>\n<p>Ora s\u00ed. Vale de nuez.<\/p>\n<p>Desde la monta\u00f1as\u2026 cof\u2026cof\u2026cof\u2026arghhh\u2026cof\u2026cof\u2026\u00a1puaj!\u2026<\/p>\n<p>Oh,oh\u2026 \u00bfes eso un pedazo de pulm\u00f3n o uno de calabaza mal digerida?<\/p>\n<p>Firma<\/p>\n<p>El sup alentando rumores.<\/p>\n","protected":false},"excerpt":{"rendered":"<p>EJERCITO ZAPATISTA DE LIBERACION NACIONAL MEXICO Marzo de 2011. A la 41 Asamblea Nacional de la Red Nacional de Organismos Civiles \u201cTodos los Derechos para Todas y Todos.\u201d De. Subcomandante Insurgente Marcos. Damas y caballeros. Reciban nuestros saludos. Antes que nada queremos agradecer al Centro de Derechos Humanos Fray Bartolom\u00e9 de Las Casas AC. invitaci\u00f3n [&hellip;]<\/p>\n","protected":false},"author":249,"featured_media":0,"comment_status":"open","ping_status":"closed","sticky":false,"template":"","format":"standard","meta":{"footnotes":""},"categories":[26],"tags":[],"class_list":["post-8003","post","type-post","status-publish","format-standard","hentry","category-mundo"],"_links":{"self":[{"href":"http:\/\/eloficiodehistoriar.com.mx\/index.php?rest_route=\/wp\/v2\/posts\/8003","targetHints":{"allow":["GET"]}}],"collection":[{"href":"http:\/\/eloficiodehistoriar.com.mx\/index.php?rest_route=\/wp\/v2\/posts"}],"about":[{"href":"http:\/\/eloficiodehistoriar.com.mx\/index.php?rest_route=\/wp\/v2\/types\/post"}],"author":[{"embeddable":true,"href":"http:\/\/eloficiodehistoriar.com.mx\/index.php?rest_route=\/wp\/v2\/users\/249"}],"replies":[{"embeddable":true,"href":"http:\/\/eloficiodehistoriar.com.mx\/index.php?rest_route=%2Fwp%2Fv2%2Fcomments&post=8003"}],"version-history":[{"count":1,"href":"http:\/\/eloficiodehistoriar.com.mx\/index.php?rest_route=\/wp\/v2\/posts\/8003\/revisions"}],"predecessor-version":[{"id":8004,"href":"http:\/\/eloficiodehistoriar.com.mx\/index.php?rest_route=\/wp\/v2\/posts\/8003\/revisions\/8004"}],"wp:attachment":[{"href":"http:\/\/eloficiodehistoriar.com.mx\/index.php?rest_route=%2Fwp%2Fv2%2Fmedia&parent=8003"}],"wp:term":[{"taxonomy":"category","embeddable":true,"href":"http:\/\/eloficiodehistoriar.com.mx\/index.php?rest_route=%2Fwp%2Fv2%2Fcategories&post=8003"},{"taxonomy":"post_tag","embeddable":true,"href":"http:\/\/eloficiodehistoriar.com.mx\/index.php?rest_route=%2Fwp%2Fv2%2Ftags&post=8003"}],"curies":[{"name":"wp","href":"https:\/\/api.w.org\/{rel}","templated":true}]}}