{"id":8005,"date":"2011-03-19T10:12:13","date_gmt":"2011-03-19T16:12:13","guid":{"rendered":"https:\/\/eloficiodehistoriar.com.mx\/?p=8005"},"modified":"2011-03-19T10:12:13","modified_gmt":"2011-03-19T16:12:13","slug":"con-la-memoria-los-pueblos-indigenas-construimos-justicia-y-verdad","status":"publish","type":"post","link":"http:\/\/eloficiodehistoriar.com.mx\/?p=8005","title":{"rendered":"\u00abCon la memoria los pueblos ind\u00edgenas construimos Justicia y Verdad\u00bb"},"content":{"rendered":"<p>PRONUNCIAMIENTO<\/p>\n<p>Las personas, comunidades y organizaciones que participamos en el encuentro \u201cCon la Memoria los Pueblos Construimos Justicia y Verdad\u201d compartimos durante dos d\u00edas de trabajo experiencias de resistencia y lucha que nos hacen manifestar que:<\/p>\n<p>Los proyectos oficiales de desarrollo no tienen que ver con nuestras necesidades, lo \u00fanico que hemos visto es que vienen a contaminar y llenar de tiendas comerciales gigantes que buscan tomar nuestras aguas, nuestras tierras, acabar nuestras monta\u00f1as para buscar oro y plata, sin respetar la tierra que nuestros abuelos nos dejaron a fuerza de la revoluci\u00f3n y la independencia. Quieren que nosotros negociemos nuestros sue\u00f1os.<\/p>\n<p>En la actualidad con el sue\u00f1o de una vida mejor, de m\u00e1s riquezas o m\u00e1s poder, nos quieren desplazar, dividir y enfrentar entre hermanas y hermanos. La forma del gobierno siempre es la misma, primero hay represi\u00f3n y despu\u00e9s ofrecen dialogo para acabar con el problema, pero ejercer la autonom\u00eda y libre determinaci\u00f3n de los pueblos no se negocia.<\/p>\n<p>Frente a la impunidad construimos nuevas formas de justicia<\/p>\n<p>Al compartir nuestras experiencias concluimos que necesitamos una estructura organizativa desde los mismos pueblos que conocen cu\u00e1les son sus derechos, y son estos los que valen. Los partidos pol\u00edticos capitalistas, nos dividen, condicionan y est\u00e1n por sus propios intereses. Por eso nos organizamos y peleamos para construir alternativas al sistema neoliberal, porque todos y todas tenemos problemas similares y sabemos c\u00f3mo resolver nuestros asuntos. <\/p>\n<p>El sistema de justicia, es intimidatorio y corrupto para que uno no proceda m\u00e1s all\u00e1 y muchas veces hace que como individuos no podamos seguir adelante porque pone en riesgo la vida y nos condicionan nuestros derechos; la impartici\u00f3n de justicia oficial obedece a intereses econ\u00f3micos y pol\u00edticos del poder en turno.<\/p>\n<p>Defensoras y defensores y libertad de expresi\u00f3n<\/p>\n<p>Somos defensoras y defensores de derechos todas las personas que desde nuestras comunidades, colectivos, organizaciones o sociedad civil organizada denunciamos los abusos del poder y luchamos por la defensa y ejercicio de nuestros derechos humanos.<\/p>\n<p>Conscientes de que la lucha por los derechos humanos nos lleva a cambiar de ra\u00edz las cosas, manifestamos que el neoliberalismo busca destruir todo: las ra\u00edces de nuestros pueblos, nuestra historia, nuestra madre tierra, perder nuestra identidad, despojar nuestros lugares sagrados, esto es lo que sucede hoy en el pa\u00eds y en el mundo.<\/p>\n<p>La desinformaci\u00f3n, la manipulaci\u00f3n y la divisi\u00f3n, desde los gobiernos, son retos que tenemos enfrente para combatirlos. Los derechos humanos solo se hacen respetar en la lucha, aunque est\u00e9n en leyes, tratados y convenios, si no los ejercemos nadie los va a respetar.<\/p>\n<p>Vemos que los proyectos asistenciales son usados como herramientas de la contrainsurgencia, para dividir a los pueblos, para controlar a personas y acallar las voces que exigen sus derechos. Aqu\u00ed no hay ley, no hay justicia, no hay democracia, No la que los pueblos queremos y exigimos.<\/p>\n<p>La defensa de la Madre Tierra<\/p>\n<p>El despojo del territorio y de nuestros recursos naturales se lo est\u00e1n disputando los ricos, que defienden el sistema econ\u00f3mico capitalista. Los empresarios se est\u00e1n disputando nuestras tierras, r\u00edos y manantiales, el aire tambi\u00e9n lo quieren controlar, su ambici\u00f3n no respeta nuestros derechos como pueblos ancestrales y originarios.<\/p>\n<p>Los proyectos de las mineras, la construcci\u00f3n de carreteras privadas, la construcci\u00f3n de represas, los centros eco tur\u00edsticos, la plantaci\u00f3n de los monocultivos, la construcci\u00f3n de f\u00e1bricas y la ocupaci\u00f3n policiaca y militar son el proyecto del gobierno que busca despojarnos de nuestras tierras, mediante el dinero, enga\u00f1o, divisi\u00f3n, alcoholismo, discriminaci\u00f3n hacia las mujeres, persecuci\u00f3n y encarcelamiento de luchadores sociales, fabricaci\u00f3n de delitos, programas de gobierno, el abuso del poder y la ley. Quienes entendemos la herencia de que la madre tierra se cuida, sabemos que la tierra no se vende, se trabaja y se defiende.<\/p>\n<p>Memoria Hist\u00f3rica<\/p>\n<p>Hablar de Memoria Hist\u00f3rica es hablar de todo lo que le da sentido a nuestra acci\u00f3n, es tener presente la historia de nuestro pueblo, entender el por qu\u00e9, las causas que dieron origen a nuestro presente y nuestro contexto.<\/p>\n<p>Si nosotros heredamos la tierra no tenemos por qu\u00e9 venderla, la memoria hist\u00f3rica no solamente se bebe del pasado sino tambi\u00e9n se alimenta del presente y mira hacia el futuro. La memoria hist\u00f3rica es algo que a diario lo vivimos, las acciones de resistencia y construcci\u00f3n de autonom\u00eda que hoy est\u00e1n presentes en nuestros pueblos son producto de la Memoria.<\/p>\n<p>No se olvida que a\u00fan est\u00e1n pendientes de resolver muchas de las demandas de justicia y verdad para quienes hemos vivido la injusticia y la violencia estructural del sistema. Cuando relacionamos la historia con el momento actual, vemos que desde nuestros antepasados se tiene la convicci\u00f3n de que la lucha y la organizaci\u00f3n mejoran el presente.<\/p>\n<p>Las comunidades de Chiapas y de M\u00e9xico que hemos vivido la violencia contrainsurgente, la represi\u00f3n contra la sociedad civil organizada, recordamos muy bien c\u00f3mo han sufrido nuestras abuelas y abuelos, nuestros padres, nuestras hermanas y hermanos, nuestras hijas, nuestros hijos, todo ello est\u00e1 presente en la Memoria de nuestros pueblos y esa es la gu\u00eda para los pasos que vamos dando en el camino por la construcci\u00f3n de un mundo justo y digno.<\/p>\n<p>La Memoria nos hace recordar, nos trae al presente a las desaparecidas y desaparecidos, a las personas que han sido asesinadas, a las y los encarcelados, a las y los exiliados, no olvidamos la guerra sucia, el terrorismo de estado y la guerra contrainsurgente, no olvidamos tampoco a los responsables a\u00fan en impunidad; sin embargo tambi\u00e9n est\u00e1n en la Memoria las personas, pueblos y organizaciones que nunca se rindieron y es este recuerdo, esta Memoria, la que se convierte en esperanza para las nuevas generaciones.<\/p>\n<p>Por eso proponemos:<\/p>\n<p>Hacer consciencia de nuestros derechos, ejercerlos para transformar nuestras realidades.<\/p>\n<p>Mantener la esperanza y nuestras ganas de seguir luchando porque es lo que nos mantiene vivas y vivos. <\/p>\n<p>No olvidarnos que somos una misma humanidad, promover el esp\u00edritu comunitario y solidario, trabajar en colectivo, estar unidos.<\/p>\n<p>Fomentar espacios de Encuentro para compartir experiencias, conocer nuestras luchas y afirmar que la defensa y ejercicio de derechos tienen muchas formas en la construcci\u00f3n de un mundo justo y digno.<\/p>\n<p>Reconocer que nuestras fortalezas y esperanzas se encuentra en la unidad de los pueblos organizados conscientes de su experiencia colectiva. <\/p>\n<p>Impulsar redes naturales ubicando a nuestros familiares, vecinos y comunidad para construir alternativas de justicia para los pueblos y desde los pueblos.<\/p>\n<p>Ante la violencia generalizada que el Estado impone, generar movimientos por la paz y contra la guerra.<\/p>\n<p>Ampliar y reconocer la participaci\u00f3n de las mujeres, ni\u00f1as y ni\u00f1os, j\u00f3venes y ancianos en las decisiones de la vida colectiva.<\/p>\n<p>Fortalecer la solidaridad y unidad entre las organizaciones, los pueblos y las luchas que estamos construyendo alternativas y autonom\u00eda frente al sistema neoliberal. <\/p>\n<p>Para cuidar y defender la madre tierra, cultivar de forma org\u00e1nica sin agroqu\u00edmicos, fortalecer la espiritualidad, fortalecer la organizaci\u00f3n interna de la comunidad, cuidar nuestras semillas criollas.<\/p>\n<p>Defender la lengua y la cultura como parte de nuestra identidad.<\/p>\n<p>Mantener viva la memoria historia para compartir logros y alegr\u00edas para fortalecer nuestros procesos de transformaci\u00f3n de la realidad actual.<\/p>\n<p>Finalmente exigimos:<\/p>\n<p>Cese al hostigamiento a defensoras y defensores de los Derechos Humanos, garant\u00edas para realizar su trabajo.<\/p>\n<p>Atenci\u00f3n a las demandas de justicia y verdad para las mujeres y hombres que se movilizan en la defensa de sus derechos.<\/p>\n<p>Libertad a todas las presas y presos pol\u00edticos del pa\u00eds.<\/p>\n<p>Alto a la guerra y violencia generalizada que mantiene Calder\u00f3n en todo el pa\u00eds.<\/p>\n<p>No a la imposici\u00f3n de proyectos y programas que despojan el Territorio de los Pueblos de M\u00e9xico.<\/p>\n<p>Justicia y Verdad para las v\u00edctimas de cr\u00edmenes de lesa humanidad.<\/p>\n<p>Atentamente:<\/p>\n<p>Las comunidades y organizaciones de Chiapas, M\u00e9xico y el Mundo participantes en el encuentro \u201cCon la Memoria los Pueblos Construimos Justicia y Verdad\u201d<\/p>\n<p>&#8212; <\/p>\n","protected":false},"excerpt":{"rendered":"<p>PRONUNCIAMIENTO Las personas, comunidades y organizaciones que participamos en el encuentro \u201cCon la Memoria los Pueblos Construimos Justicia y Verdad\u201d compartimos durante dos d\u00edas de trabajo experiencias de resistencia y lucha que nos hacen manifestar que: Los proyectos oficiales de desarrollo no tienen que ver con nuestras necesidades, lo \u00fanico que hemos visto es que [&hellip;]<\/p>\n","protected":false},"author":249,"featured_media":0,"comment_status":"open","ping_status":"closed","sticky":false,"template":"","format":"standard","meta":{"footnotes":""},"categories":[26],"tags":[],"class_list":["post-8005","post","type-post","status-publish","format-standard","hentry","category-mundo"],"_links":{"self":[{"href":"http:\/\/eloficiodehistoriar.com.mx\/index.php?rest_route=\/wp\/v2\/posts\/8005","targetHints":{"allow":["GET"]}}],"collection":[{"href":"http:\/\/eloficiodehistoriar.com.mx\/index.php?rest_route=\/wp\/v2\/posts"}],"about":[{"href":"http:\/\/eloficiodehistoriar.com.mx\/index.php?rest_route=\/wp\/v2\/types\/post"}],"author":[{"embeddable":true,"href":"http:\/\/eloficiodehistoriar.com.mx\/index.php?rest_route=\/wp\/v2\/users\/249"}],"replies":[{"embeddable":true,"href":"http:\/\/eloficiodehistoriar.com.mx\/index.php?rest_route=%2Fwp%2Fv2%2Fcomments&post=8005"}],"version-history":[{"count":1,"href":"http:\/\/eloficiodehistoriar.com.mx\/index.php?rest_route=\/wp\/v2\/posts\/8005\/revisions"}],"predecessor-version":[{"id":8006,"href":"http:\/\/eloficiodehistoriar.com.mx\/index.php?rest_route=\/wp\/v2\/posts\/8005\/revisions\/8006"}],"wp:attachment":[{"href":"http:\/\/eloficiodehistoriar.com.mx\/index.php?rest_route=%2Fwp%2Fv2%2Fmedia&parent=8005"}],"wp:term":[{"taxonomy":"category","embeddable":true,"href":"http:\/\/eloficiodehistoriar.com.mx\/index.php?rest_route=%2Fwp%2Fv2%2Fcategories&post=8005"},{"taxonomy":"post_tag","embeddable":true,"href":"http:\/\/eloficiodehistoriar.com.mx\/index.php?rest_route=%2Fwp%2Fv2%2Ftags&post=8005"}],"curies":[{"name":"wp","href":"https:\/\/api.w.org\/{rel}","templated":true}]}}