{"id":8009,"date":"2011-03-19T10:23:56","date_gmt":"2011-03-19T16:23:56","guid":{"rendered":"https:\/\/eloficiodehistoriar.com.mx\/?p=8009"},"modified":"2011-03-19T10:23:56","modified_gmt":"2011-03-19T16:23:56","slug":"lapida-del-bosque-del-oaxaqueno-guillermo-clemente-gana-el-premio-francisco-cervantes-de-poesia","status":"publish","type":"post","link":"http:\/\/eloficiodehistoriar.com.mx\/?p=8009","title":{"rendered":"\u00abL\u00e1pida del bosque\u00bb del oaxaque\u00f1o Guillermo Clemente gana el premio \u00abFrancisco Cervantes\u00bb de poes\u00eda"},"content":{"rendered":"<p>Gana Guillermo Clemente el Premio Nacional de Poes\u00eda Joven \u201cFrancisco Cervantes Vidal\u201d 2010-2011<\/p>\n<p>\u2022\tCon su obra titulada \u201cL\u00e1pida del bosque\u201d<\/p>\n<p>Gana Guillermo Clemente el Premio Nacional de Poes\u00eda Joven \u201cFrancisco Cervantes Vidal\u201d 2010-2011, premio al que convoca el Gobierno del Estado de Quer\u00e9taro a trav\u00e9s del Instituto Queretano de la Cultura y las Artes (IQCA), y el Consejo Nacional para la Cultura y las Artes (CONACULTA) a trav\u00e9s del Programa Cultural Tierra Adentro.<\/p>\n<p>Guillermo Clemente naci\u00f3 en Oaxaca en 1984, y ha publicado con anterioridad en C\u00edrculo de poes\u00eda, Salamandra, El Despertar, El Comentario, Esp\u00edritu Universitario, Apalabrarte y Fanzine 3D2.<br \/>\nPrimer lugar del Concurso Estatal de Poes\u00eda Social \u201cPablo Neruda\u201d 2007, ha sido inclu\u00eddo en las antolog\u00edas Cuentos del S\u00f3tano (Endora, 2009); Cuentos del S\u00f3tano II (Endora, 2010); Una mirada a la Poes\u00eda Joven de Oaxaca (Praxis\/Pharus, 2010), particip\u00f3 tambi\u00e9n en el 5\u00ba Festival de Poes\u00eda Manzanillo (Manzanillo, 2010). Edit\u00f3 adem\u00e1s la revista electr\u00f3nica Salamandra de enero de 2008 a abril de 2010.<\/p>\n<p>El Premio Nacional de Poes\u00eda Joven \u201cFrancisco Cervantes Vidal\u201d se otorga desde el 2006, un a\u00f1o despu\u00e9s de la muerte de Francisco Cervantes, con el prop\u00f3sito de fomentar la creaci\u00f3n literaria joven a trav\u00e9s de la premiaci\u00f3n de obras in\u00e9ditas, escritas por poetas mexicanos de hasta 30 a\u00f1os de edad.<\/p>\n<p>Preparada por la Revista Salamandra, presentamos una muestra de poes\u00eda oaxaque\u00f1a joven. Poemas de Efra\u00edn Velasco, Israel Reyes, Omar Fabi\u00e1n, Alfonso Carballo, Iv\u00e1n Cruz, Indira Villanueva,  Lorena Ventura, Yendi Ramos y Guillermo Clemente.<\/p>\n<p>Muestra de poes\u00eda oaxaque\u00f1a joven<\/p>\n","protected":false},"excerpt":{"rendered":"<p>Gana Guillermo Clemente el Premio Nacional de Poes\u00eda Joven \u201cFrancisco Cervantes Vidal\u201d 2010-2011 \u2022 Con su obra titulada \u201cL\u00e1pida del bosque\u201d Gana Guillermo Clemente el Premio Nacional de Poes\u00eda Joven \u201cFrancisco Cervantes Vidal\u201d 2010-2011, premio al que convoca el Gobierno del Estado de Quer\u00e9taro a trav\u00e9s del Instituto Queretano de la Cultura y las Artes [&hellip;]<\/p>\n","protected":false},"author":249,"featured_media":0,"comment_status":"open","ping_status":"closed","sticky":false,"template":"","format":"standard","meta":{"footnotes":""},"categories":[26],"tags":[],"class_list":["post-8009","post","type-post","status-publish","format-standard","hentry","category-mundo"],"_links":{"self":[{"href":"http:\/\/eloficiodehistoriar.com.mx\/index.php?rest_route=\/wp\/v2\/posts\/8009","targetHints":{"allow":["GET"]}}],"collection":[{"href":"http:\/\/eloficiodehistoriar.com.mx\/index.php?rest_route=\/wp\/v2\/posts"}],"about":[{"href":"http:\/\/eloficiodehistoriar.com.mx\/index.php?rest_route=\/wp\/v2\/types\/post"}],"author":[{"embeddable":true,"href":"http:\/\/eloficiodehistoriar.com.mx\/index.php?rest_route=\/wp\/v2\/users\/249"}],"replies":[{"embeddable":true,"href":"http:\/\/eloficiodehistoriar.com.mx\/index.php?rest_route=%2Fwp%2Fv2%2Fcomments&post=8009"}],"version-history":[{"count":2,"href":"http:\/\/eloficiodehistoriar.com.mx\/index.php?rest_route=\/wp\/v2\/posts\/8009\/revisions"}],"predecessor-version":[{"id":8011,"href":"http:\/\/eloficiodehistoriar.com.mx\/index.php?rest_route=\/wp\/v2\/posts\/8009\/revisions\/8011"}],"wp:attachment":[{"href":"http:\/\/eloficiodehistoriar.com.mx\/index.php?rest_route=%2Fwp%2Fv2%2Fmedia&parent=8009"}],"wp:term":[{"taxonomy":"category","embeddable":true,"href":"http:\/\/eloficiodehistoriar.com.mx\/index.php?rest_route=%2Fwp%2Fv2%2Fcategories&post=8009"},{"taxonomy":"post_tag","embeddable":true,"href":"http:\/\/eloficiodehistoriar.com.mx\/index.php?rest_route=%2Fwp%2Fv2%2Ftags&post=8009"}],"curies":[{"name":"wp","href":"https:\/\/api.w.org\/{rel}","templated":true}]}}