{"id":8041,"date":"2011-03-23T07:28:33","date_gmt":"2011-03-23T13:28:33","guid":{"rendered":"https:\/\/eloficiodehistoriar.com.mx\/?p=8041"},"modified":"2011-03-23T07:28:33","modified_gmt":"2011-03-23T13:28:33","slug":"respaldo-a-la-defensa-de-derechos-humanos-que-hace-radio-nomndaa","status":"publish","type":"post","link":"http:\/\/eloficiodehistoriar.com.mx\/?p=8041","title":{"rendered":"Respaldo a la defensa de derechos humanos que hace radio \u00d1omndaa"},"content":{"rendered":"<p>Encuentro de Radios Comunitarias y medios alternativos respalda la labor de defensa y promoci\u00f3n de derechos humanos de David Valtierra Arango a trav\u00e9s de Radio \u00d1omndaa<\/p>\n<p>En el marco del Primer Encuentro de Radios  comunitarias, radios libres y medios alternativos nacionales e internacionales, llevado a cabo el pasado viernes 18 y s\u00e1bado 20 de marzo, en San Luis Acatl\u00e1n, Costa Chica de Guerrero, las organizaciones ah\u00ed reunidas avalamos el trabajo como defensor de derechos humanos e integrante de Radio \u00d1omndaa de David Valtierra Arango, quien a partir del proceso penal ama\u00f1ado en su contra, es objeto de calumnias que buscan desprestigiar su labor como defensor y promotor de los derechos humanos del pueblo Nanncue \u00d1omndaa que realiza desde el a\u00f1o 2000. <\/p>\n<p>En septiembre de 2010, el Juez de Primera Instancia del Ramo Penal en Ometepec, Guerrero, Derly Arnaldo Alderete Cruz, conden\u00f3 a 3 a\u00f1os y 2 meses de c\u00e1rcel a los defensores de derechos  humanos Silverio Mat\u00edas Dom\u00ednguez y David Valtierra Arango, y al ex Comisariado ejidal Genaro Cruz Ap\u00f3stol, por el delito de privaci\u00f3n de la libertad en agravio de Narciso Garc\u00eda. La condena se bas\u00f3 en un expediente fabricado, pruebas manipuladas, y argumentos discriminatorios; por ejemplo, el supuesto agraviado afirm\u00f3 durante el juicio que el s\u00edndico municipal y el ministerio p\u00fablico elaboraron el expediente junto con sus declaraciones; otros testigos incluyendo al mismo Narciso aceptaron no conocer a los acusados. Adem\u00e1s, el juez Derly Arnaldo Alderete Cruz ignor\u00f3 que los hechos ocurrieron en el marco del ejercicio del derecho de los pueblos ind\u00edgenas a recurrir a los propios sistemas normativos internos del pueblo ind\u00edgena Amuzgo. Y lo que es m\u00e1s grave: el Juez fund\u00f3 su sentencia en prejuicios discriminatorios, afirmando en su fallo que los amuzgos son personas \u201cpor lo general desconfiadas, agresivas y vengativas\u00bb. <\/p>\n<p>En M\u00e9xico es una constante que el sistema de procuraci\u00f3n de justicia sirva para resguardar los intereses de las y los caciques locales, en este caso de la actual diputada local pri\u00edsta Aceadeth Rocha Ram\u00edrez, quien ha sostenido una persecuci\u00f3n en contra del pueblo organizado de Xochistlahuaca. <\/p>\n<p>Las organizaciones reunidas en este encuentro constatamos el  esfuerzo y dedicaci\u00f3n de David Valtierra y la Radio \u00d1omndaa, ya que la asistencia a este tipo de eventos, alejados de sus comunidades y familias, es muestra de su compromiso y entrega que realizan en su comunidad. Reiteramos tambi\u00e9n que la labor que realizan es una labor fundamental de promoci\u00f3n y defensa de los derechos humanos y los derechos colectivos de los pueblos ind\u00edgenas.<\/p>\n<p>En este primer encuentro de Radios Comunitarias y Medios Libres nacionales e internacionales, manifestamos nuestro apoyo total a David Valtierra Arango y a Radio \u00d1omndaa, y comunicamos que hemos decidido reforzar nuestro trabajo informando e intercambiando experiencias en defensa de los derechos humanos, los derechos colectivos, y el derecho al territorio que como pueblos tenemos, llevando esta informaci\u00f3n a nuestras comunidades, haciendo efectivo el Articulo 1 de la Declaraci\u00f3n de la Organizaci\u00f3n de las Naciones Unidas sobre los derechos de los defensores de derechos humanos, en el que se reconoce que \u201cToda persona tiene derecho, individual o colectivamente, a promover y procurar la protecci\u00f3n y realizaci\u00f3n de los derechos humanos y las libertades fundamentales en los planos nacional e internacional\u201d por lo que estaremos al tanto de lo que suceda en el caso de David Valtierra Arango, Silverio Mat\u00edas Dom\u00ednguez y Genaro Cruz Ap\u00f3stol. <\/p>\n<p>Por lo anterior, solicitamos atentamente al Magistrado Presidente del Tribunal  Superior de Justicia del Estado de Guerrero (TSJ Gro.) Edmundo Rom\u00e1n Pinz\u00f3n, garantice una resoluci\u00f3n apegada a derecho, que absuelva a los defensores ind\u00edgenas de derechos humanos del pueblo Nanncue \u00d1omndaa evitando ceder a las mentiras y presiones de quienes se oponen a que los pueblos ind\u00edgenas conozcan sus derechos y vivan en paz con justicia y dignidad.<\/p>\n<p>Radio Yaxhil Didzza Lub\u00eb<br \/>\nCaracol Azul, M\u00e9xico D.F.<br \/>\nMarea Creciente, M\u00e9xico.<br \/>\nRadio Zapote, M\u00e9xico D.F.<br \/>\nCooperativa de Trabajo Hormiga<br \/>\nRegeneraci\u00f3n Radio, M\u00e9xico D.F.<br \/>\nColectivo Notilibertas, M\u00e9xico D.F.<br \/>\nRed de Medios Libres, M\u00e9xico D.F.<br \/>\nKe Huelga Radio 102.9 FM, M\u00e9xico D.F.<br \/>\nKukulcan Sonido Antisistema, Guerrero.<br \/>\nLiberalia Colectivo Itinerante A.C., M\u00e9xico D.F.<br \/>\nRadio Web Pueblo Ind\u00edgena, Puebla, Mexico.<br \/>\nRed Nacional de J\u00f3venes Ind\u00edgenas (RENJI), M\u00e9xico.<br \/>\nLa Media Naranja Colectivo Audio Visual, Argentina.<br \/>\nCentro de Derechos Humanos de la Monta\u00f1a Tlachinollan<br \/>\nEl Zenzontle, Periodismo de m\u00e1s de 400 voces, M\u00e9xico D.F.<br \/>\nTaller de Desarrollo Comunitario A.C.Chilpancingo, Guerrero.<br \/>\nOjo de Tigre Video\/Comunicaci\u00f3n Comunitaria, Chilapa, Guerrero.<br \/>\nCentro de Apoyo Comunitario Trabajando Unidos A.C. (CACTUS), Oaxaca.<br \/>\nSistema de Comunicaci\u00f3n Comunitaria CRAC-PC, San Luis Acatl\u00e1n, Guerrero.<br \/>\nRadio Educativa Comunitaria \u201cUan Milauak Tlajtoli\u201d (UMT), Chilapa, Guerrero.<br \/>\nRadio La voz de los Pueblos del Sur 104.3 FM, Colombia de Guadalupe, Guerrero.<\/p>\n","protected":false},"excerpt":{"rendered":"<p>Encuentro de Radios Comunitarias y medios alternativos respalda la labor de defensa y promoci\u00f3n de derechos humanos de David Valtierra Arango a trav\u00e9s de Radio \u00d1omndaa En el marco del Primer Encuentro de Radios comunitarias, radios libres y medios alternativos nacionales e internacionales, llevado a cabo el pasado viernes 18 y s\u00e1bado 20 de marzo, [&hellip;]<\/p>\n","protected":false},"author":249,"featured_media":0,"comment_status":"open","ping_status":"closed","sticky":false,"template":"","format":"standard","meta":{"footnotes":""},"categories":[26],"tags":[],"class_list":["post-8041","post","type-post","status-publish","format-standard","hentry","category-mundo"],"_links":{"self":[{"href":"http:\/\/eloficiodehistoriar.com.mx\/index.php?rest_route=\/wp\/v2\/posts\/8041","targetHints":{"allow":["GET"]}}],"collection":[{"href":"http:\/\/eloficiodehistoriar.com.mx\/index.php?rest_route=\/wp\/v2\/posts"}],"about":[{"href":"http:\/\/eloficiodehistoriar.com.mx\/index.php?rest_route=\/wp\/v2\/types\/post"}],"author":[{"embeddable":true,"href":"http:\/\/eloficiodehistoriar.com.mx\/index.php?rest_route=\/wp\/v2\/users\/249"}],"replies":[{"embeddable":true,"href":"http:\/\/eloficiodehistoriar.com.mx\/index.php?rest_route=%2Fwp%2Fv2%2Fcomments&post=8041"}],"version-history":[{"count":1,"href":"http:\/\/eloficiodehistoriar.com.mx\/index.php?rest_route=\/wp\/v2\/posts\/8041\/revisions"}],"predecessor-version":[{"id":8042,"href":"http:\/\/eloficiodehistoriar.com.mx\/index.php?rest_route=\/wp\/v2\/posts\/8041\/revisions\/8042"}],"wp:attachment":[{"href":"http:\/\/eloficiodehistoriar.com.mx\/index.php?rest_route=%2Fwp%2Fv2%2Fmedia&parent=8041"}],"wp:term":[{"taxonomy":"category","embeddable":true,"href":"http:\/\/eloficiodehistoriar.com.mx\/index.php?rest_route=%2Fwp%2Fv2%2Fcategories&post=8041"},{"taxonomy":"post_tag","embeddable":true,"href":"http:\/\/eloficiodehistoriar.com.mx\/index.php?rest_route=%2Fwp%2Fv2%2Ftags&post=8041"}],"curies":[{"name":"wp","href":"https:\/\/api.w.org\/{rel}","templated":true}]}}