{"id":808,"date":"2008-07-29T15:36:58","date_gmt":"2008-07-29T20:36:58","guid":{"rendered":"https:\/\/eloficiodehistoriar.com.mx\/?p=808"},"modified":"2008-07-29T15:36:58","modified_gmt":"2008-07-29T20:36:58","slug":"noticias-del-imperio-fernando-del-paso","status":"publish","type":"post","link":"http:\/\/eloficiodehistoriar.com.mx\/?p=808","title":{"rendered":"\u00abNoticias del imperio\u00bb: Fernando del Paso"},"content":{"rendered":"<p align=\"center\" style=\"margin: 0cm 0cm 0pt; text-align: center\" class=\"MsoNormal\"><strong><span style=\"font-size: 16pt; font-family: Arial\" lang=\"ES-TRAD\">Francia quiere apoderarse de M\u00e9xico en 1861<\/span><\/strong><\/p>\n<p><strong><span style=\"font-size: 16pt; font-family: Arial\" lang=\"ES-TRAD\"><o:p><\/o:p><\/span><\/strong>\u00a0<span style=\"font-family: Arial\" lang=\"ES-TRAD\"><o:p>\u00a0<\/o:p><\/span><span style=\"font-family: Arial\" lang=\"ES-TRAD\">En 1861, el Presidente Benito Ju\u00e1rez suspendi\u00f3 los pagos de la desuda externa mexicana. Esta suspensi\u00f3n sirvi\u00f3 de pretexto al entonces emperador de los franceses, Napole\u00f3n lll, para enviar a M\u00e9xico un ej\u00e9rcito de ocupaci\u00f3n, con el fin de crear en ese pa\u00eds una monarqu\u00eda al frente de la cual estar\u00eda un pr\u00edncipe cat\u00f3lico europeo.<o:p><\/o:p><\/span><span style=\"font-family: Arial\" lang=\"ES-TRAD\"><o:p>\u00a0<\/o:p><\/span><\/p>\n<p style=\"margin: 0cm 0cm 0pt; text-align: justify\" class=\"MsoNormal\"><span style=\"font-family: Arial\" lang=\"ES-TRAD\"><\/span><\/p>\n<p><span style=\"font-family: Arial\" lang=\"ES-TRAD\">El elegido fue el Archiduque austriaco Fernando Maximiliano de Habsburgo, quien a mediados de 1864 lleg\u00f3 a M\u00e9xico en compa\u00f1\u00eda de su mujer, <st1:personname ProductID=\"la Princesa Carlota\" w:st=\"on\"><st1:personname ProductID=\"la Princesa\" w:st=\"on\">la Princesa<\/st1:personname> Carlota<\/st1:personname> de B\u00e9lgica.<o:p><\/o:p><\/span><span style=\"font-family: Arial\" lang=\"ES-TRAD\"><o:p>\u00a0<\/o:p><\/span><\/p>\n<p style=\"margin: 0cm 0cm 0pt; text-align: justify\" class=\"MsoNormal\"><span style=\"font-family: Arial\" lang=\"ES-TRAD\"><\/span><\/p>\n<p><span style=\"font-family: Arial\" lang=\"ES-TRAD\">\u201cYo soy Mar\u00eda Carlota de B\u00e9lgica, Emperatriz de M\u00e9xico y de Am\u00e9rica. <o:p><\/o:p><\/span><span style=\"font-family: Arial\" lang=\"ES-TRAD\"><o:p>\u00a0<\/o:p><\/span><\/p>\n<p style=\"margin: 0cm 0cm 0pt; text-align: justify\" class=\"MsoNormal\"><span style=\"font-family: Arial\" lang=\"ES-TRAD\"><\/span><\/p>\n<p><span style=\"font-family: Arial\" lang=\"ES-TRAD\">Yo soy Mar\u00eda Carlota Amelia, prima de la reina de Inglaterra, Gran Maestre de <st1:personname ProductID=\"La Cruz\" w:st=\"on\">La Cruz<\/st1:personname> de San Carlos y virreina de las provincias de Lobardov\u00e9neto, acogida por la piedad y la clemencia austriacas, bajo las alas del \u00e1guila bic\u00e9fala de la casa de Habsburgo\u201d.<o:p><\/o:p><\/span><span style=\"font-family: Arial\" lang=\"ES-TRAD\"><o:p>\u00a0<\/o:p><\/span><\/p>\n<p style=\"margin: 0cm 0cm 0pt; text-align: justify\" class=\"MsoNormal\"><span style=\"font-family: Arial\" lang=\"ES-TRAD\"><\/span><\/p>\n<p><span style=\"font-family: Arial\" lang=\"ES-TRAD\">Yo soy Mar\u00eda Carlota Amelia Victoria, <span>\u00a0<\/span>hija de Leopoldo, Pr\u00edncipe Sajonia-Coburgo y rey de B\u00e9lgica\u2026<o:p><\/o:p><\/span><span style=\"font-family: Arial\" lang=\"ES-TRAD\"><o:p>\u00a0<\/o:p><\/span><\/p>\n<p style=\"margin: 0cm 0cm 0pt; text-align: justify\" class=\"MsoNormal\"><span style=\"font-family: Arial\" lang=\"ES-TRAD\"><\/span><\/p>\n<p><span style=\"font-family: Arial\" lang=\"ES-TRAD\">Yo soy Mar\u00eda Carlota Amelia Victoria Clementina hija de Mar\u00eda Luisa de Orle\u00e1ns, nieta de Luis Felipe rey de Francia.<o:p><\/o:p><\/span><span style=\"font-family: Arial\" lang=\"ES-TRAD\"><o:p>\u00a0<\/o:p><\/span><\/p>\n<p style=\"margin: 0cm 0cm 0pt; text-align: justify\" class=\"MsoNormal\"><span style=\"font-family: Arial\" lang=\"ES-TRAD\"><\/span><\/p>\n<p style=\"margin: 0cm 0cm 0pt; text-align: justify\" class=\"MsoNormal\"><span style=\"font-family: Arial\" lang=\"ES-TRAD\">Yo soy Mar\u00eda Carlota Amelia Victoria Clementina leopoldina, hermana del rey de B\u00e9lgica y hermana del conde de Flandes.<\/span><\/p>\n<p style=\"margin: 0cm 0cm 0pt; text-align: justify\" class=\"MsoNormal\"><span style=\"font-family: Arial\" lang=\"ES-TRAD\"><\/span><\/p>\n<p style=\"margin: 0cm 0cm 0pt; text-align: justify\" class=\"MsoNormal\"><span style=\"font-family: Arial\" lang=\"ES-TRAD\"><\/span><\/p>\n<p><span style=\"font-family: Arial\" lang=\"ES-TRAD\">Yo soy Mar\u00eda Carlota Amelia, mujer de Fernando Maximialiano de Habsburgo, Archiduque de Austria, Pr\u00edncipe de Hungr\u00eda y de Bohemia, Conde de Hasbaburgo, Pr\u00edncipe de Lorena, Emperador de M\u00e9xico&#8230;y que una ma\u00f1ana de junio de hace muchos a\u00f1os muri\u00f3 fusilado en la ciudad de Quer\u00e9taro.\u00a0<o:p>\u00a0<\/o:p><\/span><span style=\"font-family: Arial\" lang=\"ES-TRAD\"><o:p>\u00a0<\/o:p><\/span><\/p>\n<p align=\"right\" style=\"margin: 0cm 0cm 0pt; text-align: right\" class=\"MsoNormal\"><strong><span style=\"font-family: Arial\" lang=\"ES-TRAD\"><\/span><\/strong><\/p>\n<p><strong><span style=\"font-family: Arial\" lang=\"ES-TRAD\">Fernando del paso<o:p><\/o:p><\/span><\/strong><span style=\"font-family: Arial\" lang=\"ES-TRAD\"><o:p>\u00a0<\/o:p><\/span><span style=\"font-family: Arial\" lang=\"ES-TRAD\"><o:p>\u00a0<\/o:p><\/span><span style=\"font-family: Arial\" lang=\"ES-TRAD\"><o:p>\u00a0<\/o:p><\/span><span style=\"font-family: Arial\" lang=\"ES-TRAD\"><o:p>\u00a0<\/o:p><\/span><\/p>\n","protected":false},"excerpt":{"rendered":"<p>Francia quiere apoderarse de M\u00e9xico en 1861 \u00a0\u00a0En 1861, el Presidente Benito Ju\u00e1rez suspendi\u00f3 los pagos de la desuda externa mexicana. Esta suspensi\u00f3n sirvi\u00f3 de pretexto al entonces emperador de los franceses, Napole\u00f3n lll, para enviar a M\u00e9xico un ej\u00e9rcito de ocupaci\u00f3n, con el fin de crear en ese pa\u00eds una monarqu\u00eda al frente de [&hellip;]<\/p>\n","protected":false},"author":249,"featured_media":0,"comment_status":"open","ping_status":"closed","sticky":false,"template":"","format":"standard","meta":{"footnotes":""},"categories":[26],"tags":[],"class_list":["post-808","post","type-post","status-publish","format-standard","hentry","category-mundo"],"_links":{"self":[{"href":"http:\/\/eloficiodehistoriar.com.mx\/index.php?rest_route=\/wp\/v2\/posts\/808","targetHints":{"allow":["GET"]}}],"collection":[{"href":"http:\/\/eloficiodehistoriar.com.mx\/index.php?rest_route=\/wp\/v2\/posts"}],"about":[{"href":"http:\/\/eloficiodehistoriar.com.mx\/index.php?rest_route=\/wp\/v2\/types\/post"}],"author":[{"embeddable":true,"href":"http:\/\/eloficiodehistoriar.com.mx\/index.php?rest_route=\/wp\/v2\/users\/249"}],"replies":[{"embeddable":true,"href":"http:\/\/eloficiodehistoriar.com.mx\/index.php?rest_route=%2Fwp%2Fv2%2Fcomments&post=808"}],"version-history":[{"count":0,"href":"http:\/\/eloficiodehistoriar.com.mx\/index.php?rest_route=\/wp\/v2\/posts\/808\/revisions"}],"wp:attachment":[{"href":"http:\/\/eloficiodehistoriar.com.mx\/index.php?rest_route=%2Fwp%2Fv2%2Fmedia&parent=808"}],"wp:term":[{"taxonomy":"category","embeddable":true,"href":"http:\/\/eloficiodehistoriar.com.mx\/index.php?rest_route=%2Fwp%2Fv2%2Fcategories&post=808"},{"taxonomy":"post_tag","embeddable":true,"href":"http:\/\/eloficiodehistoriar.com.mx\/index.php?rest_route=%2Fwp%2Fv2%2Ftags&post=808"}],"curies":[{"name":"wp","href":"https:\/\/api.w.org\/{rel}","templated":true}]}}