{"id":8102,"date":"2011-03-29T16:46:54","date_gmt":"2011-03-29T22:46:54","guid":{"rendered":"https:\/\/eloficiodehistoriar.com.mx\/?p=8102"},"modified":"2011-03-29T16:46:56","modified_gmt":"2011-03-29T22:46:56","slug":"medidas-para-la-proteccion-de-defensores-de-derechos-humanos","status":"publish","type":"post","link":"http:\/\/eloficiodehistoriar.com.mx\/?p=8102","title":{"rendered":"Medidas para la protecci\u00f3n de defensores de derechos humanos"},"content":{"rendered":"<p>Defensoras y defensores de Derechos Humanos mexicanos participan en conferencia sobre la situaci\u00f3n de derechos humanos en M\u00e9xico en el Parlamento Europeo<\/p>\n<p>?\tDemandan protecci\u00f3n a su derecho a defender los derechos humanos.<\/p>\n<p>?\tSe pronuncian sobre la necesidad de contar con un mecanismo de protecci\u00f3n para defensoras y defensores de derechos humanos y periodistas, con participaci\u00f3n efectiva de la sociedad civil en su dise\u00f1o e implementaci\u00f3n.<\/p>\n<p>?\tDiscuten medidas de implementaci\u00f3n efectivas de las Directrices de la Uni\u00f3n Europea para la Protecci\u00f3n de Defensoras y Defensores de Derechos Humanos.<\/p>\n<p>Hoy martes 29 de marzo se llev\u00f3 a cabo la conferencia \u201cDerechos Humanos en M\u00e9xico: Defensoras y defensores demandan protecci\u00f3n y derechos\u201d en el Parlamento Europeo en Bruselas, organizado por las Eurodiputadas Satu Hassi y Ska Keller, la Coordinaci\u00f3n Alemana por los Derechos Humanos en M\u00e9xico y Brigadas Internacionales de Paz\u2013PBI, en la que participaron Abel Barrera del Centro de Derechos Humanos de la Monta\u00f1a \u201cTlachinollan\u201d (del estado de Guerrero) Jaqueline S\u00e1enz Andujo del Centro de Derechos Humanos Miguel Agust\u00edn Pro Ju\u00e1rez (Centro Prodh \u2013 Distrito Federal) y B\u00e1rbara Italia M\u00e9ndez Moreno, participante en las protestas de Atenco y denunciante de tortura sexual.<\/p>\n<p>La Conferencia tuvo como ejes centrales las reflexiones sobre los riesgos que enfrentan las y los defensores de derechos humanos en nuestro pa\u00eds; c\u00f3mo reforzar la seguridad de defensoras y defensores mexicanos e internacionales en M\u00e9xico, haciendo especial \u00e9nfasis en la situaci\u00f3n que enfrentan las y los periodistas y las mujeres e ind\u00edgenas que defienden derechos humanos. <\/p>\n<p>Las parlamentarias y los parlamentarios de la Uni\u00f3n Europea participantes reflexionaron sobre las estrategias para enfrentar la problem\u00e1tica de seguridad para las y los defensores mexicanos de derechos humanos conjuntamente con los invitados Abel Barrera, Jaqueline S\u00e1enz Andujo y B\u00e1rbara Italia M\u00e9ndez Moreno. <\/p>\n<p>Por ello, en la primera mesa se profundiz\u00f3 sobre el contexto en el cual trabajan las y los defensores de derechos humanos y los periodistas en M\u00e9xico, sobre las medidas de protecci\u00f3n que requieren y los obst\u00e1culos que enfrentan cuando el Estado es el responsable de implementar sus medidas de seguridad.<\/p>\n<p>Las y los defensores mexicanos hicieron hincapi\u00e9 en que en los \u00faltimos a\u00f1os el Estado Mexicano ha acumulado diversas recomendaciones emitidas por organismos internacionales destinadas a implementar medidas efectivas para garantizar la integridad de las y los defensores de derechos humanos. Destacaron que a pesar de las recomendaciones, la Oficina en M\u00e9xico de la Alta Comisionada de las Naciones Unidas para los Derechos Humanos registr\u00f3 entre 2006 y octubre del 2010, 165 casos de ataques y presuntos actos de agresi\u00f3n contra defensoras y defensores mexicanos, incluidos 10 homicidios y que la impunidad rige en 98% de los casos. Mencionaron que los estados con mayor n\u00famero de ataques y amenazas en contra de defensores y defensoras son Chihuahua, Chiapas, Oaxaca y Guerrero.<\/p>\n<p>Asimismo, se denunci\u00f3 que el Estado Mexicano finge tener un inter\u00e9s leg\u00edtimo ante la comunidad internacional por los ataques y hostigamientos en contra de las defensoras y los defensores de derechos humanos, pero que en la realidad diaria de su trabajo la percepci\u00f3n no es as\u00ed y por el contrario se vive en una situaci\u00f3n continua de riesgo.<\/p>\n<p>La segunda mesa se enfoc\u00f3 en c\u00f3mo la Uni\u00f3n Europea implementa sus compromisos con las defensoras y los defensores de derechos humanos y cu\u00e1les son las posibilidades de implementaci\u00f3n de las Directrices de la Uni\u00f3n Europea para la Protecci\u00f3n de Defensores de Derechos Humanos, las posibilidades de interacci\u00f3n con las autoridades mexicanas y sobre la implementaci\u00f3n de un mecanismo de protecci\u00f3n de defensores y defensoras de derechos humanos y periodistas.<br \/>\nAnte esto, las y los defensores Mexicanos expresaron que es imprescindible contar con un mecanismo integral de protecci\u00f3n, que cuente con participaci\u00f3n real y eficaz de las organizaciones de derechos humanos, tanto en la fase de dise\u00f1o como en la implementaci\u00f3n y operaci\u00f3n del mismo. De lo contrario, este carecer\u00e1 de las bases de confianza, intercambio de informaci\u00f3n y efectividad necesaria para responder a la realidad que viven las y los defensores en M\u00e9xico.  <\/p>\n<p>As\u00ed mismo, manifestaron que desde mediados del 2010, diversas organizaciones de derechos humanos han intentado impulsar un espacio con la Secretar\u00eda de Gobernaci\u00f3n, particularmente con la Unidad para la Promoci\u00f3n y Defensa de los Derechos Humanos, as\u00ed como con la Subsecretar\u00eda de Asuntos Jur\u00eddicos y Derechos Humanos, para iniciar un proceso de trabajo articulado y transparente que permita discutir el dise\u00f1o y funcionamiento de un mecanismo con tres ejes: prevenci\u00f3n, protecci\u00f3n e investigaci\u00f3n para la protecci\u00f3n de defensores y defensoras de derechos humanos.<\/p>\n<p>Por la tarde, la reuni\u00f3n se enfoc\u00f3 en un intercambio de experiencias entre las organizaciones que trabajan en temas de derechos humanos en M\u00e9xico, reflexionando sobre posibles estrategias para la implementaci\u00f3n de las Directrices de la Uni\u00f3n Europea para la Protecci\u00f3n de Defensoras y Defensores de Derechos Humanos en M\u00e9xico, y las posibles actuaciones de organizaciones hermanas que promuevan y fortalezcan el compromiso de la Uni\u00f3n Europea a favor de los y las defensoras de derechos humanos. <\/p>\n","protected":false},"excerpt":{"rendered":"<p>Defensoras y defensores de Derechos Humanos mexicanos participan en conferencia sobre la situaci\u00f3n de derechos humanos en M\u00e9xico en el Parlamento Europeo ? Demandan protecci\u00f3n a su derecho a defender los derechos humanos. ? Se pronuncian sobre la necesidad de contar con un mecanismo de protecci\u00f3n para defensoras y defensores de derechos humanos y periodistas, [&hellip;]<\/p>\n","protected":false},"author":249,"featured_media":0,"comment_status":"open","ping_status":"closed","sticky":false,"template":"","format":"standard","meta":{"footnotes":""},"categories":[26],"tags":[],"class_list":["post-8102","post","type-post","status-publish","format-standard","hentry","category-mundo"],"_links":{"self":[{"href":"http:\/\/eloficiodehistoriar.com.mx\/index.php?rest_route=\/wp\/v2\/posts\/8102","targetHints":{"allow":["GET"]}}],"collection":[{"href":"http:\/\/eloficiodehistoriar.com.mx\/index.php?rest_route=\/wp\/v2\/posts"}],"about":[{"href":"http:\/\/eloficiodehistoriar.com.mx\/index.php?rest_route=\/wp\/v2\/types\/post"}],"author":[{"embeddable":true,"href":"http:\/\/eloficiodehistoriar.com.mx\/index.php?rest_route=\/wp\/v2\/users\/249"}],"replies":[{"embeddable":true,"href":"http:\/\/eloficiodehistoriar.com.mx\/index.php?rest_route=%2Fwp%2Fv2%2Fcomments&post=8102"}],"version-history":[{"count":2,"href":"http:\/\/eloficiodehistoriar.com.mx\/index.php?rest_route=\/wp\/v2\/posts\/8102\/revisions"}],"predecessor-version":[{"id":8104,"href":"http:\/\/eloficiodehistoriar.com.mx\/index.php?rest_route=\/wp\/v2\/posts\/8102\/revisions\/8104"}],"wp:attachment":[{"href":"http:\/\/eloficiodehistoriar.com.mx\/index.php?rest_route=%2Fwp%2Fv2%2Fmedia&parent=8102"}],"wp:term":[{"taxonomy":"category","embeddable":true,"href":"http:\/\/eloficiodehistoriar.com.mx\/index.php?rest_route=%2Fwp%2Fv2%2Fcategories&post=8102"},{"taxonomy":"post_tag","embeddable":true,"href":"http:\/\/eloficiodehistoriar.com.mx\/index.php?rest_route=%2Fwp%2Fv2%2Ftags&post=8102"}],"curies":[{"name":"wp","href":"https:\/\/api.w.org\/{rel}","templated":true}]}}