{"id":8105,"date":"2011-03-29T16:52:43","date_gmt":"2011-03-29T22:52:43","guid":{"rendered":"https:\/\/eloficiodehistoriar.com.mx\/?p=8105"},"modified":"2011-03-29T16:52:43","modified_gmt":"2011-03-29T22:52:43","slug":"mas-de-dos-mil-violaciones-a-los-derechos-humanos-contra-los-defensores","status":"publish","type":"post","link":"http:\/\/eloficiodehistoriar.com.mx\/?p=8105","title":{"rendered":"M\u00e1s de dos mil violaciones a los derechos humanos contra los defensores"},"content":{"rendered":"<p>23 ORGANIZACIONES DENUNCIAN MAS DE 2000 VIOLACIONES CONTRA DEFENSORES\/AS DE DERECHOS HUMANOS EN LAS AM\u00c9RICAS<\/p>\n<p>Describen una situaci\u00f3n alarmante y exigen la creaci\u00f3n de un mecanismo efectivo para la protecci\u00f3n de los defensores\/as<\/p>\n<p>Washington D.C, 29 de marzo de 2011 \u2013 El clima de inseguridad en el que trabajan los y las defensores\/as de derechos humanos en las Am\u00e9ricas ha alcanzado niveles alarmantes. Esta situaci\u00f3n responde a la persistencia de ataques por parte de actores estatales o que act\u00faan con su respaldo o tolerancia, como paramilitares, y a la aparici\u00f3n de nuevas formas de hostigamiento por parte del crimen organizado y empresas extractivas con intereses econ\u00f3micos en la regi\u00f3n. As\u00ed lo denunciaron hoy 23 ONGs de 11 pa\u00edses reunidas en Washington D.C para el 141 periodo de sesiones de la Comisi\u00f3n Interamericana de Derechos Humanos (CIDH).<\/p>\n<p>En un informe de 2010, Naciones Unidas se\u00f1al\u00f3 que entre 2004 y 2009 se registraron m\u00e1s de 146 denuncias de amenazas a defensores\/as de derechos humanos en las Am\u00e9ricas. Seg\u00fan este organismo, los pa\u00edses donde m\u00e1s denuncias se producen son Colombia, M\u00e9xico, Guatemala, Brasil y Per\u00fa (en ese orden).<br \/>\nLas organizaciones de defensores\/as denunciaron una realidad a\u00fan m\u00e1s preocupante. Seg\u00fan sus investigaciones, en Colombia entre 2002 y 2009 m\u00e1s de 1000 defensores fueron v\u00edctimas de agresiones incluyendo asesinatos, amenazas, detenciones arbitrarias y torturas ;y s\u00f3lo en el 2010 se registraron al menos 32 asesinatos de defensores. Son especialmente preocupantes las violaciones contra quienes trabajan por los derechos de las personas desplazadas, lideresas de grupos de mujeres, los\/las que trabajan por la restituci\u00f3n de tierras y sindicalistas. As\u00ed, 46 l\u00edderes de desplazados activos en procesos de restituci\u00f3n de tierras fueron asesinados entre el 2002 y el 2011.<\/p>\n<p>En Guatemala se registraron 1072 agresiones de 2007 a 2010, de las cuales 45 fueron asesinatos y el 98% quedaron impunes. Mientras tanto, en Honduras por lo menos 50 defensores\/as han sido asesinados desde que se produjo el golpe de Estado.<\/p>\n<p>Los representantes de la sociedad civil reunidos en Washington D.C hicieron particular hincapi\u00e9 en el incremento de actividades ileg\u00edtimas de inteligencia por parte de los Estados contra los defensores\/as de derechos humanos.<\/p>\n<p>Las organizaciones solicitaron a la CIDH crear una relator\u00eda u oficina espec\u00edfica encargada de la protecci\u00f3n de los defensores\/as. Tambi\u00e9n pidieron a este organismo que exija a los Estados que implementen medidas efectivas de protecci\u00f3n y mejores pol\u00edticas p\u00fablicas que garanticen el trabajo de defensores\/as, y la investigaci\u00f3n de los actos de violencia y amenazas realizados en contra de personas que ponen en riesgo su vida para denunciar situaciones de injusticia social.<\/p>\n<p>Listado de organizaciones: Amazon Watch\/ Asociaci\u00f3n Pro Derechos Humanos (Aprodeh) \/ Centro de Derechos Humanos de las Mujeres de Chihuahua \/ Centro de Derechos Humanos Miguel Agust\u00edn Pro Ju\u00e1rez (Centro Prodh) \/ Centro de Derechos Humanos de la Monta\u00f1a \u201cTlachinollan\u201d, M\u00e9xico\/ Centro de Derechos Humanos Fray Bartolom\u00e9 de las Casas, M\u00e9xico\/ Centro por la Justicia y el Derecho Internacional (CEJIL)\/ Corporaci\u00f3n de Defensa y Promoci\u00f3n de los Derechos del Pueblo (CODEPU) \/Comisi\u00f3n Mexicana de Defensa y Promoci\u00f3n de los Derechos Humanos, A.C. (CMDPDH) \/ Comit\u00e9 de Defensa integral de Derechos Humanos \u201cGobixha\u201d, AC. \/ Comit\u00e9 de Familiares de Detenidos Desaparecidos en Honduras (COFADEH) \/ Comit\u00e9 de Familiares de V\u00edctimas (COFAVIC)\/Consultor\u00eda para los Derechos Humanos y el Desplazamiento (CODHES) \/ Corporaci\u00f3n Colectivo de Abogados Jos\u00e9 Alvear Restrepo (CCAJAR)\/ \/ Fundaci\u00f3n Regional de Asesor\u00eda en Derechos Humanos (INREDH) \/ Instituto de Derechos Humanos de la Universidad Centroamericana \u201cJos\u00e9 Sime\u00f3n Ca\u00f1as (IDHUCA) \/ Global Rights Partners for Justice\/ Observatorio Ciudadano, Chile\/ Programa Venezolano de Educaci\u00f3n Acci\u00f3n en Derechos Humanos (PROVEA) \/ Red Nacional de Organismos Civiles de Derechos Humanos \u201cTodos los Derechos para Todas y Todos\u201d (Red TDT) \/ Unidad de Protecci\u00f3n a Defensoras y Defensores de Derechos Humanos (UDEFEGUA) \/ Washington Office on Latin America (WOLA) \/<\/p>\n","protected":false},"excerpt":{"rendered":"<p>23 ORGANIZACIONES DENUNCIAN MAS DE 2000 VIOLACIONES CONTRA DEFENSORES\/AS DE DERECHOS HUMANOS EN LAS AM\u00c9RICAS Describen una situaci\u00f3n alarmante y exigen la creaci\u00f3n de un mecanismo efectivo para la protecci\u00f3n de los defensores\/as Washington D.C, 29 de marzo de 2011 \u2013 El clima de inseguridad en el que trabajan los y las defensores\/as de derechos [&hellip;]<\/p>\n","protected":false},"author":249,"featured_media":0,"comment_status":"open","ping_status":"closed","sticky":false,"template":"","format":"standard","meta":{"footnotes":""},"categories":[26],"tags":[],"class_list":["post-8105","post","type-post","status-publish","format-standard","hentry","category-mundo"],"_links":{"self":[{"href":"http:\/\/eloficiodehistoriar.com.mx\/index.php?rest_route=\/wp\/v2\/posts\/8105","targetHints":{"allow":["GET"]}}],"collection":[{"href":"http:\/\/eloficiodehistoriar.com.mx\/index.php?rest_route=\/wp\/v2\/posts"}],"about":[{"href":"http:\/\/eloficiodehistoriar.com.mx\/index.php?rest_route=\/wp\/v2\/types\/post"}],"author":[{"embeddable":true,"href":"http:\/\/eloficiodehistoriar.com.mx\/index.php?rest_route=\/wp\/v2\/users\/249"}],"replies":[{"embeddable":true,"href":"http:\/\/eloficiodehistoriar.com.mx\/index.php?rest_route=%2Fwp%2Fv2%2Fcomments&post=8105"}],"version-history":[{"count":1,"href":"http:\/\/eloficiodehistoriar.com.mx\/index.php?rest_route=\/wp\/v2\/posts\/8105\/revisions"}],"predecessor-version":[{"id":8106,"href":"http:\/\/eloficiodehistoriar.com.mx\/index.php?rest_route=\/wp\/v2\/posts\/8105\/revisions\/8106"}],"wp:attachment":[{"href":"http:\/\/eloficiodehistoriar.com.mx\/index.php?rest_route=%2Fwp%2Fv2%2Fmedia&parent=8105"}],"wp:term":[{"taxonomy":"category","embeddable":true,"href":"http:\/\/eloficiodehistoriar.com.mx\/index.php?rest_route=%2Fwp%2Fv2%2Fcategories&post=8105"},{"taxonomy":"post_tag","embeddable":true,"href":"http:\/\/eloficiodehistoriar.com.mx\/index.php?rest_route=%2Fwp%2Fv2%2Ftags&post=8105"}],"curies":[{"name":"wp","href":"https:\/\/api.w.org\/{rel}","templated":true}]}}