{"id":8109,"date":"2011-03-29T19:20:39","date_gmt":"2011-03-30T01:20:39","guid":{"rendered":"https:\/\/eloficiodehistoriar.com.mx\/?p=8109"},"modified":"2011-03-29T19:21:50","modified_gmt":"2011-03-30T01:21:50","slug":"el-hijo-asesinado-del-poeta-javier-sicilia-mueve-a-mexico-entero-el-bueno-el-pacifico","status":"publish","type":"post","link":"http:\/\/eloficiodehistoriar.com.mx\/?p=8109","title":{"rendered":"El hijo  asesinado del poeta Javier Sicilia mueve a M\u00e9xico entero, el bueno, el pac\u00edfico"},"content":{"rendered":"<p>Vigilias<\/p>\n<p>                                                  A Manuel Ponce<\/p>\n<p>Escuchar el rumor bajo la aurora<br \/>\ndel d\u00eda que se abre a la espesura,<br \/>\nmirar la madrugada a\u00fan oscura<br \/>\nadelgazarse lenta en cada ahora;<\/p>\n<p>estar ah\u00ed sin tiempo y sin demora<br \/>\ncontemplando el espacio en su mesura<br \/>\ny sentirse atrapado en la atadura<br \/>\nde su exacto equilibrio que enamora;<\/p>\n<p>y ser entonces \u00e1rbol, agua y tierra<br \/>\ny luz donde la noche ya vac\u00eda<br \/>\ndelinea los contornos de la sierra, <\/p>\n<p>lo sabe aquel que vela a cielo abierto<br \/>\nen espera de Dios y de su d\u00eda,<br \/>\nlo sabe s\u00f3lo quien est\u00e1 despierto.<\/p>\n<p>Teresa de Lisieux<\/p>\n<p>Sentada en la penumbra del convento,<br \/>\nTeresa observa el muro gris y yerto;<br \/>\nno la turba el silencio, ese desierto<br \/>\ndel alma, en la quietud del aposento.<br \/>\nLos sue\u00f1os y los goces de la vida<br \/>\nque en el duro Carmelo palidecen,<br \/>\nen ella ya no existen. Obedecen<br \/>\nsus ojos a otro sue\u00f1o, a otra medida:<br \/>\npiensa en la dicha amada que le espera,<br \/>\nen el dolor que roe sus pulmones<br \/>\ny ofrece en redenci\u00f3n y la lacera;<br \/>\nsabe en su peque\u00f1ez que no est\u00e1 sola,<br \/>\nque en la noche y sus arduas aflicciones<br \/>\nes Dios quien sufre en ella y quien se inmola. <\/p>\n<p>Atrae la PGR homicidio del hijo de Javier Sicilia <\/p>\n<p>Jos\u00e9 Gil Olmos<\/p>\n<p>(apro).<\/p>\n<p>&#8211; La Procuradur\u00eda General de la Rep\u00fablica (PGR) atraer\u00e1 el caso de Juan Francisco Sicilia Ortega y otras seis personas que ayer fueron encontradas ejecutadas en el interior de un auto en el municipio de Temixco, estado de Morelos.<\/p>\n<p>El asesinato del hijo del escritor y colaborador de Proceso, Javier Sicilia, produjo una manifestaci\u00f3n ayer frente a Palacio de Gobierno en protesta por la ola de violencia que azota la entidad. Hoy, nuevamente se manifestar\u00e1n familiares y amigos al sumarse a la protesta que realizar\u00e1n trabajadores electricistas en la ciudad de Cuernavaca.<\/p>\n<p>De acuerdo con los primeros informes de la Procuradur\u00eda de Justicia del Estado, los siete cad\u00e1veres fueron encontradas el lunes a las 6.30 horas en el interior del veh\u00edculo Honda color arena, placas GZM-42-02 del estado de Guerrero, frente al hotel Paris Burgos, a un costado de la autopista M\u00e9xico-Acapulco en el municipio de Temixco.<\/p>\n<p>Se localiz\u00f3 en el veh\u00edculo un \u201cmensaje\u201d firmando por \u201cEl CDG\u201d., sin que se tenga conocimiento del contenido m\u00e1s que hab\u00eda amenazas al Ej\u00e9rcito y la polic\u00eda.<\/p>\n<p>Seis horas despu\u00e9s de que se encontr\u00f3 el veh\u00edculo por denuncias de vecinos, las autoridades estatales identificaron los cuerpos: Mar\u00eda del Socorro Estrada Hern\u00e1ndez de 44 a\u00f1os de edad, con domicilio en el municipio de Temixco, era empleada del Hotel Paris Burgos; Jaime Gabriel Alejo Cadena de 25, vecino del Fraccionamiento Primavera; Juan Francisco Sicilia de 24 a\u00f1os de edad, hijo del escritor Javier Sicilia, vecino del mismo fraccionamiento Primavera ,  de ocupaci\u00f3n estudiante.<\/p>\n<p>Tambi\u00e9n se identific\u00f3 a \u00c1lvaro Jaimes Avelar, de 44 a\u00f1os de edad, con domicilio en el municipio de Temixco, era empleado de seguridad privada, y a sus sobrinos Julio C\u00e9sar y Luis Antonio Romero Jaimes, de 20 y 24 a\u00f1os de edad, respectivamente, vecinos por igual del Fraccionamiento Primavera, el primero estudiante y el segundo empresario.<\/p>\n<p>La s\u00e9ptima v\u00edctima es un hombre de 47 a\u00f1os de edad que a\u00fan no ha sido identificado, de acuerdo con las indagatorias que se est\u00e1n realizando dentro de la carpeta de investigaci\u00f3n SC01\/2689\/2011<\/p>\n<p>Seg\u00fan las primeras informaciones en la prensa local, al parecer Francisco Sicilia y otros de los j\u00f3venes habr\u00edan salido a una fiesta el domingo y que posteriormente, acudieron a un bar conocido como \u201cLa Rana Cruda\u201d, localizado en la avenida Cuauht\u00e9moc casi esquina con Teopanzolco, donde presuntamente habr\u00edan sido secuestrados.<\/p>\n<p>Ayer por la noche las autoridades locales informaron que las indagaciones ser\u00edan atra\u00eddas por la Procuradur\u00eda General de la Rep\u00fablica por tratarse de una ejecuci\u00f3n vinculada con el crimen organizado.<\/p>\n","protected":false},"excerpt":{"rendered":"<p>Vigilias A Manuel Ponce Escuchar el rumor bajo la aurora del d\u00eda que se abre a la espesura, mirar la madrugada a\u00fan oscura adelgazarse lenta en cada ahora; estar ah\u00ed sin tiempo y sin demora contemplando el espacio en su mesura y sentirse atrapado en la atadura de su exacto equilibrio que enamora; y ser [&hellip;]<\/p>\n","protected":false},"author":249,"featured_media":0,"comment_status":"open","ping_status":"closed","sticky":false,"template":"","format":"standard","meta":{"footnotes":""},"categories":[26],"tags":[],"class_list":["post-8109","post","type-post","status-publish","format-standard","hentry","category-mundo"],"_links":{"self":[{"href":"http:\/\/eloficiodehistoriar.com.mx\/index.php?rest_route=\/wp\/v2\/posts\/8109","targetHints":{"allow":["GET"]}}],"collection":[{"href":"http:\/\/eloficiodehistoriar.com.mx\/index.php?rest_route=\/wp\/v2\/posts"}],"about":[{"href":"http:\/\/eloficiodehistoriar.com.mx\/index.php?rest_route=\/wp\/v2\/types\/post"}],"author":[{"embeddable":true,"href":"http:\/\/eloficiodehistoriar.com.mx\/index.php?rest_route=\/wp\/v2\/users\/249"}],"replies":[{"embeddable":true,"href":"http:\/\/eloficiodehistoriar.com.mx\/index.php?rest_route=%2Fwp%2Fv2%2Fcomments&post=8109"}],"version-history":[{"count":3,"href":"http:\/\/eloficiodehistoriar.com.mx\/index.php?rest_route=\/wp\/v2\/posts\/8109\/revisions"}],"predecessor-version":[{"id":8111,"href":"http:\/\/eloficiodehistoriar.com.mx\/index.php?rest_route=\/wp\/v2\/posts\/8109\/revisions\/8111"}],"wp:attachment":[{"href":"http:\/\/eloficiodehistoriar.com.mx\/index.php?rest_route=%2Fwp%2Fv2%2Fmedia&parent=8109"}],"wp:term":[{"taxonomy":"category","embeddable":true,"href":"http:\/\/eloficiodehistoriar.com.mx\/index.php?rest_route=%2Fwp%2Fv2%2Fcategories&post=8109"},{"taxonomy":"post_tag","embeddable":true,"href":"http:\/\/eloficiodehistoriar.com.mx\/index.php?rest_route=%2Fwp%2Fv2%2Ftags&post=8109"}],"curies":[{"name":"wp","href":"https:\/\/api.w.org\/{rel}","templated":true}]}}