{"id":812,"date":"2008-07-30T07:24:06","date_gmt":"2008-07-30T12:24:06","guid":{"rendered":"https:\/\/eloficiodehistoriar.com.mx\/?p=812"},"modified":"2008-07-30T07:24:07","modified_gmt":"2008-07-30T12:24:07","slug":"tetillas-un-pueblo-otomi-del-semidesierto-queretano","status":"publish","type":"post","link":"http:\/\/eloficiodehistoriar.com.mx\/?p=812","title":{"rendered":"Tetillas un pueblo otom\u00ed del semidesierto queretano&#8230;"},"content":{"rendered":"<p><a href=\"https:\/\/eloficiodehistoriar.com.mx\/wp-content\/uploads\/2008\/07\/escudo-pagina-015.jpg\" title=\"escudo-pagina-015.jpg\"><img decoding=\"async\" src=\"https:\/\/eloficiodehistoriar.com.mx\/wp-content\/uploads\/2008\/07\/escudo-pagina-015.thumbnail.jpg\" alt=\"escudo-pagina-015.jpg\" \/><\/a><a href=\"https:\/\/eloficiodehistoriar.com.mx\/wp-content\/uploads\/2008\/07\/escudo-pagina-041.jpg\" title=\"escudo-pagina-041.jpg\"><img decoding=\"async\" src=\"https:\/\/eloficiodehistoriar.com.mx\/wp-content\/uploads\/2008\/07\/escudo-pagina-041.thumbnail.jpg\" alt=\"escudo-pagina-041.jpg\" \/><\/a><a href=\"https:\/\/eloficiodehistoriar.com.mx\/wp-content\/uploads\/2008\/07\/escudo-pagina-042.jpg\" title=\"escudo-pagina-042.jpg\"><img decoding=\"async\" src=\"https:\/\/eloficiodehistoriar.com.mx\/wp-content\/uploads\/2008\/07\/escudo-pagina-042.thumbnail.jpg\" alt=\"escudo-pagina-042.jpg\" \/><\/a><a href=\"https:\/\/eloficiodehistoriar.com.mx\/wp-content\/uploads\/2008\/07\/escudo-pagina-043.jpg\" title=\"escudo-pagina-043.jpg\"><img decoding=\"async\" src=\"https:\/\/eloficiodehistoriar.com.mx\/wp-content\/uploads\/2008\/07\/escudo-pagina-043.thumbnail.jpg\" alt=\"escudo-pagina-043.jpg\" \/><\/a>Vista panor\u00e1mica del pueblo ind\u00edgena de San Miguel \u00abTetillas\u00bb, debido a la forma de los dos cerros que se ven al fondo.<\/p>\n<p>Los habitantes de esta poblaci\u00f3n ubucada en el semidesierto queretano pertenece al grupo oto-pame de la cultura Mesoamericana, cuya lengua o lenguass se distinguen por un hablar auxiliado de la nariz, el llamado \u00d1ah\u00f1\u00fa, de donde provienen los otom\u00eds, matlazincas y acuiltecas; mientras los chichimecas propiamente dicho son de m\u00e1s al norte.<\/p>\n<p>Con la invasi\u00f3n espa\u00f1ola hubo desplazamientos de pueblos y gruupos linguisticos, siendo los otom\u00edes qienes invadieron unidos a los espa\u00f1oles la zona propiamente chichimeca entre ellos lo que comprende el semidesierto y la Sierra Gorda en el estado actual de Quer\u00e9taro.<\/p>\n<p>San Miguel Tetillas es un t\u00edpico pueblo otom\u00ed y en \u00e9l se encuentra la intervenci\u00f3n de los artistas ind\u00edgenas que levantaron un templo cat\u00f3lico estilo barroco, con fachada, planta de cruz latina, ca\u00f1\u00f3n, b\u00f3veda, torre y en su interior retablos barrocos del estilo churrigueresco.<\/p>\n","protected":false},"excerpt":{"rendered":"<p>Vista panor\u00e1mica del pueblo ind\u00edgena de San Miguel \u00abTetillas\u00bb, debido a la forma de los dos cerros que se ven al fondo. Los habitantes de esta poblaci\u00f3n ubucada en el semidesierto queretano pertenece al grupo oto-pame de la cultura Mesoamericana, cuya lengua o lenguass se distinguen por un hablar auxiliado de la nariz, el llamado [&hellip;]<\/p>\n","protected":false},"author":249,"featured_media":0,"comment_status":"open","ping_status":"closed","sticky":false,"template":"","format":"standard","meta":{"footnotes":""},"categories":[11,10,5],"tags":[],"class_list":["post-812","post","type-post","status-publish","format-standard","hentry","category-fotografia","category-historia","category-semidesierto"],"_links":{"self":[{"href":"http:\/\/eloficiodehistoriar.com.mx\/index.php?rest_route=\/wp\/v2\/posts\/812","targetHints":{"allow":["GET"]}}],"collection":[{"href":"http:\/\/eloficiodehistoriar.com.mx\/index.php?rest_route=\/wp\/v2\/posts"}],"about":[{"href":"http:\/\/eloficiodehistoriar.com.mx\/index.php?rest_route=\/wp\/v2\/types\/post"}],"author":[{"embeddable":true,"href":"http:\/\/eloficiodehistoriar.com.mx\/index.php?rest_route=\/wp\/v2\/users\/249"}],"replies":[{"embeddable":true,"href":"http:\/\/eloficiodehistoriar.com.mx\/index.php?rest_route=%2Fwp%2Fv2%2Fcomments&post=812"}],"version-history":[{"count":0,"href":"http:\/\/eloficiodehistoriar.com.mx\/index.php?rest_route=\/wp\/v2\/posts\/812\/revisions"}],"wp:attachment":[{"href":"http:\/\/eloficiodehistoriar.com.mx\/index.php?rest_route=%2Fwp%2Fv2%2Fmedia&parent=812"}],"wp:term":[{"taxonomy":"category","embeddable":true,"href":"http:\/\/eloficiodehistoriar.com.mx\/index.php?rest_route=%2Fwp%2Fv2%2Fcategories&post=812"},{"taxonomy":"post_tag","embeddable":true,"href":"http:\/\/eloficiodehistoriar.com.mx\/index.php?rest_route=%2Fwp%2Fv2%2Ftags&post=812"}],"curies":[{"name":"wp","href":"https:\/\/api.w.org\/{rel}","templated":true}]}}