{"id":8157,"date":"2011-04-04T19:13:31","date_gmt":"2011-04-05T01:13:31","guid":{"rendered":"https:\/\/eloficiodehistoriar.com.mx\/?p=8157"},"modified":"2011-04-04T19:13:31","modified_gmt":"2011-04-05T01:13:31","slug":"una-invitacion-de-norma-paez","status":"publish","type":"post","link":"http:\/\/eloficiodehistoriar.com.mx\/?p=8157","title":{"rendered":"Una invitaci\u00f3n de Norma P\u00e1ez"},"content":{"rendered":"<p>Encuentro Nacional por la Diversidad y la Calidad en los Medios de Comunicaci\u00f3n<\/p>\n<p>Programa<\/p>\n<p>La agenda completa est\u00e1 en l\u00ednea en:<\/p>\n<p>http:\/\/www.amedi.org.mx\/encuentro\/<\/p>\n<p>Lugar: Regina 7, Centro Hist\u00f3rico<\/p>\n<p>5 de Abril de 2011<\/p>\n<p>9.00 Registro<\/p>\n<p>9.30 Inauguraci\u00f3n<\/p>\n<p>Mensaje de la Dra. Aim\u00e9e Vega Montiel,  Investigadora del CEIICH de la UNAM y Directora de la AMEDI<\/p>\n<p>Mensaje del Dr. Miguel \u00c1ngel Granados Chapa, Periodista y Consejero de la AMEDI<\/p>\n<p>Mensaje del Dip. Javier Corral Jurado, consejero de la AMEDI<\/p>\n<p>Mensaje de representante del Gobierno del Distrito Federal<\/p>\n<p>Inauguraci\u00f3n oficial a cargo de la Mtra. Beatriz Sol\u00eds Leree, Coordinadora del Comit\u00e9 Acad\u00e9mico de la AMEDI<\/p>\n<p>10.15 a 11.00 Conferencia Magistral del Dr. N\u00e9stor Garc\u00eda Canclini, Investigador de la UAM, Presidente del Consejo Consultivo de la AMEDI<\/p>\n<p>11.10 a 11.30 Ponencia inaugural de la Lic. Aleida Calleja, Coordinadora del Comit\u00e9 de Relaciones Internacionales de la AMEDI<\/p>\n<p>12.00 a 14.30 Mesas de Trabajo<\/p>\n<p>12.00 a 12.30, Ponentes iniciales de las mesas de trabajo:<\/p>\n<p>Mesa 1. Dra. Alma Rosa Alva de la Selva, FCPyS UNAM e integrante del Consejo Consultivo de la AMEDI<\/p>\n<p>Mesa 2. Lic. Felipe Vicencio \u00c1lvarez, Cap\u00edtulo AMEDI Guadalajara<\/p>\n<p>Mesa 3. Dr. Guillermo Orozco G\u00f3mez, Universidad de Guadalajara<\/p>\n<p>Mesa 4. Mtra. Olga Bustos, Facultad de Psicolog\u00eda de la UNAM<\/p>\n<p>Mesa 6. Dr. Alejandro Pisanty, UNAM<\/p>\n<p>16.00 a 19.00 Mesas de Trabajo<\/p>\n<p>6 de Abril de 2011<\/p>\n<p>10.00 a 12.50 Mesas de Trabajo<\/p>\n<p>10.00 a 10.30 Ponencia inicial de Jos\u00e9 Woldenberg en la Mesa 5<\/p>\n<p>13.00  Relator\u00eda del evento, a cargo de la periodista Carmen Aristegui y del actor Daniel Gim\u00e9nez Cacho, ambos integrantes del Consejo Consultivo de AMEDI<\/p>\n<p>Mensaje de clausura del Dr. Ra\u00fal Trejo Delarbre, presidente de AMEDI<\/p>\n<p>Laberintos, un programa de radio por internet, los jueves de 21:00 a 23:00 hrs. de la noche (hora centro M\u00e9xico), por www.radiosapienssapiens.com y www.trovadictos.com<br \/>\nhttp:\/\/porlalibertadexpresion.blogspot.com\/ <\/p>\n","protected":false},"excerpt":{"rendered":"<p>Encuentro Nacional por la Diversidad y la Calidad en los Medios de Comunicaci\u00f3n Programa La agenda completa est\u00e1 en l\u00ednea en: http:\/\/www.amedi.org.mx\/encuentro\/ Lugar: Regina 7, Centro Hist\u00f3rico 5 de Abril de 2011 9.00 Registro 9.30 Inauguraci\u00f3n Mensaje de la Dra. Aim\u00e9e Vega Montiel, Investigadora del CEIICH de la UNAM y Directora de la AMEDI Mensaje [&hellip;]<\/p>\n","protected":false},"author":249,"featured_media":0,"comment_status":"open","ping_status":"closed","sticky":false,"template":"","format":"standard","meta":{"footnotes":""},"categories":[26],"tags":[],"class_list":["post-8157","post","type-post","status-publish","format-standard","hentry","category-mundo"],"_links":{"self":[{"href":"http:\/\/eloficiodehistoriar.com.mx\/index.php?rest_route=\/wp\/v2\/posts\/8157","targetHints":{"allow":["GET"]}}],"collection":[{"href":"http:\/\/eloficiodehistoriar.com.mx\/index.php?rest_route=\/wp\/v2\/posts"}],"about":[{"href":"http:\/\/eloficiodehistoriar.com.mx\/index.php?rest_route=\/wp\/v2\/types\/post"}],"author":[{"embeddable":true,"href":"http:\/\/eloficiodehistoriar.com.mx\/index.php?rest_route=\/wp\/v2\/users\/249"}],"replies":[{"embeddable":true,"href":"http:\/\/eloficiodehistoriar.com.mx\/index.php?rest_route=%2Fwp%2Fv2%2Fcomments&post=8157"}],"version-history":[{"count":1,"href":"http:\/\/eloficiodehistoriar.com.mx\/index.php?rest_route=\/wp\/v2\/posts\/8157\/revisions"}],"predecessor-version":[{"id":8158,"href":"http:\/\/eloficiodehistoriar.com.mx\/index.php?rest_route=\/wp\/v2\/posts\/8157\/revisions\/8158"}],"wp:attachment":[{"href":"http:\/\/eloficiodehistoriar.com.mx\/index.php?rest_route=%2Fwp%2Fv2%2Fmedia&parent=8157"}],"wp:term":[{"taxonomy":"category","embeddable":true,"href":"http:\/\/eloficiodehistoriar.com.mx\/index.php?rest_route=%2Fwp%2Fv2%2Fcategories&post=8157"},{"taxonomy":"post_tag","embeddable":true,"href":"http:\/\/eloficiodehistoriar.com.mx\/index.php?rest_route=%2Fwp%2Fv2%2Ftags&post=8157"}],"curies":[{"name":"wp","href":"https:\/\/api.w.org\/{rel}","templated":true}]}}