{"id":817,"date":"2008-07-30T07:53:42","date_gmt":"2008-07-30T12:53:42","guid":{"rendered":"https:\/\/eloficiodehistoriar.com.mx\/?p=817"},"modified":"2008-07-30T07:54:51","modified_gmt":"2008-07-30T12:54:51","slug":"817","status":"publish","type":"post","link":"http:\/\/eloficiodehistoriar.com.mx\/?p=817","title":{"rendered":"Conservatorio de M\u00fasica de Quer\u00e9taro: 1892-2008"},"content":{"rendered":"<p><a href=\"https:\/\/eloficiodehistoriar.com.mx\/wp-content\/uploads\/2008\/07\/escudo-pagina-029.jpg\" title=\"escudo-pagina-029.jpg\"><img decoding=\"async\" src=\"https:\/\/eloficiodehistoriar.com.mx\/wp-content\/uploads\/2008\/07\/escudo-pagina-029.thumbnail.jpg\" alt=\"escudo-pagina-029.jpg\" \/><\/a><a href=\"https:\/\/eloficiodehistoriar.com.mx\/wp-content\/uploads\/2008\/07\/escudo-pagina-034.jpg\" title=\"escudo-pagina-034.jpg\"><img decoding=\"async\" src=\"https:\/\/eloficiodehistoriar.com.mx\/wp-content\/uploads\/2008\/07\/escudo-pagina-034.thumbnail.jpg\" alt=\"escudo-pagina-034.jpg\" \/><\/a><a href=\"https:\/\/eloficiodehistoriar.com.mx\/wp-content\/uploads\/2008\/07\/escudo-pagina-030.jpg\" title=\"escudo-pagina-030.jpg\"><img decoding=\"async\" src=\"https:\/\/eloficiodehistoriar.com.mx\/wp-content\/uploads\/2008\/07\/escudo-pagina-030.thumbnail.jpg\" alt=\"escudo-pagina-030.jpg\" \/><\/a><a href=\"https:\/\/eloficiodehistoriar.com.mx\/wp-content\/uploads\/2008\/07\/escudo-pagina-028.jpg\" title=\"escudo-pagina-028.jpg\"><img decoding=\"async\" src=\"https:\/\/eloficiodehistoriar.com.mx\/wp-content\/uploads\/2008\/07\/escudo-pagina-028.thumbnail.jpg\" alt=\"escudo-pagina-028.jpg\" \/><\/a><a href=\"https:\/\/eloficiodehistoriar.com.mx\/wp-content\/uploads\/2008\/07\/escudo-pagina-024.jpg\" title=\"escudo-pagina-024.jpg\"><img decoding=\"async\" src=\"https:\/\/eloficiodehistoriar.com.mx\/wp-content\/uploads\/2008\/07\/escudo-pagina-024.thumbnail.jpg\" alt=\"escudo-pagina-024.jpg\" \/><\/a><a href=\"https:\/\/eloficiodehistoriar.com.mx\/wp-content\/uploads\/2008\/07\/escudo-pagina-023.jpg\" title=\"escudo-pagina-023.jpg\"><img decoding=\"async\" src=\"https:\/\/eloficiodehistoriar.com.mx\/wp-content\/uploads\/2008\/07\/escudo-pagina-023.thumbnail.jpg\" alt=\"escudo-pagina-023.jpg\" \/><\/a>En 1892 en la sacrit\u00eda hermos\u00edsima, del Real Convento de Dulcisimo Nombre de Jes\u00fas, \u00abTeresitas\u00bb, fue inaugurado \u00abEl Conservatorio de m\u00fasica de Quer\u00e9taro\u00bb, a instancias del obispo diocesano de entonces,\u00a0Mons. Camacho y la casa contigua, a esta sacrist\u00eda obra de maestro neocl\u00e1sico Eduardo Tresguerras, \u00a0fue el claustro\u00a0 primero de esta escuela, que es un orgullo local.<\/p>\n<p>Fue el 18 de febrero de 1892 cuando el obispo Rafael sab\u00e1s Camacho. acompa\u00f1ado por los capitulares de catedral, el rector del seminario, Mons.\u00a0Florencio Rosas, el Director de el Conservatorio de M\u00fasica, P.\u00a0Guadalupe Vel\u00e1zquez y distinguidos personajes de la sociedad local,\u00a0como el maestro\u00a0 y gran compositor, Agust\u00edn Gonz\u00e1lez, se dio inicio a las clases de solfeo, gregoriano, armon\u00eda, contrapunto, etc.<\/p>\n<p>Despu\u00e9s seguir\u00eda la direcci\u00f3n de este Conservatorio de M\u00fasica,\u00a0bajo el mando del P. Cirilo Conejo, con quien se ampliarian los servicio, con la apertura de La Escuela de M\u00fasica \u00abJ. Guadalupe Velazquez\u00bb.<\/p>\n<p>M\u00e1s tarde el directo del Consevatorio y de la escuela, el Mtro. Eduardo Loarca Castillo, se logr\u00f3 en las antiguas instalaciones del segundo patio del ex convento de Teresitas, la adpataci\u00f3n, por cierto muy atinada y complerta, del edificio que alberga a una de las escxuelas m\u00e1s importantes de M\u00fasica del Pa\u00eds y es ahora con la direcci\u00f3n del P. Benjam\u00edn Vega que obtiene su acreditaci\u00f3n ante la Secretar\u00eda de Educaci\u00f3n P\u00fablica.<\/p>\n<p>De esta escuela y Conservatorio de M\u00fasica,\u00a0han salido orquestas de c\u00e1mara, el orfe\u00f3n queretano, los mejores organistas de la Catedral de M\u00e9xico, de La bas\u00edlica de Guadalupe y del Auditorio Nacional, entre otros y muy numerosos m\u00fasicos nacionales y logros acad\u00e9micos\u00a0de esta Instituci\u00f3n.\u00a0<\/p>\n","protected":false},"excerpt":{"rendered":"<p>En 1892 en la sacrit\u00eda hermos\u00edsima, del Real Convento de Dulcisimo Nombre de Jes\u00fas, \u00abTeresitas\u00bb, fue inaugurado \u00abEl Conservatorio de m\u00fasica de Quer\u00e9taro\u00bb, a instancias del obispo diocesano de entonces,\u00a0Mons. Camacho y la casa contigua, a esta sacrist\u00eda obra de maestro neocl\u00e1sico Eduardo Tresguerras, \u00a0fue el claustro\u00a0 primero de esta escuela, que es un orgullo [&hellip;]<\/p>\n","protected":false},"author":249,"featured_media":0,"comment_status":"open","ping_status":"closed","sticky":false,"template":"","format":"standard","meta":{"footnotes":""},"categories":[8,11],"tags":[],"class_list":["post-817","post","type-post","status-publish","format-standard","hentry","category-ciudad-de-queretaro","category-fotografia"],"_links":{"self":[{"href":"http:\/\/eloficiodehistoriar.com.mx\/index.php?rest_route=\/wp\/v2\/posts\/817","targetHints":{"allow":["GET"]}}],"collection":[{"href":"http:\/\/eloficiodehistoriar.com.mx\/index.php?rest_route=\/wp\/v2\/posts"}],"about":[{"href":"http:\/\/eloficiodehistoriar.com.mx\/index.php?rest_route=\/wp\/v2\/types\/post"}],"author":[{"embeddable":true,"href":"http:\/\/eloficiodehistoriar.com.mx\/index.php?rest_route=\/wp\/v2\/users\/249"}],"replies":[{"embeddable":true,"href":"http:\/\/eloficiodehistoriar.com.mx\/index.php?rest_route=%2Fwp%2Fv2%2Fcomments&post=817"}],"version-history":[{"count":0,"href":"http:\/\/eloficiodehistoriar.com.mx\/index.php?rest_route=\/wp\/v2\/posts\/817\/revisions"}],"wp:attachment":[{"href":"http:\/\/eloficiodehistoriar.com.mx\/index.php?rest_route=%2Fwp%2Fv2%2Fmedia&parent=817"}],"wp:term":[{"taxonomy":"category","embeddable":true,"href":"http:\/\/eloficiodehistoriar.com.mx\/index.php?rest_route=%2Fwp%2Fv2%2Fcategories&post=817"},{"taxonomy":"post_tag","embeddable":true,"href":"http:\/\/eloficiodehistoriar.com.mx\/index.php?rest_route=%2Fwp%2Fv2%2Ftags&post=817"}],"curies":[{"name":"wp","href":"https:\/\/api.w.org\/{rel}","templated":true}]}}